{"id":13032,"date":"2019-12-12T11:56:56","date_gmt":"2019-12-12T13:56:56","guid":{"rendered":"https:\/\/www.jornaldaconstrucaocivil.com.br\/?p=13032"},"modified":"2019-12-12T11:58:11","modified_gmt":"2019-12-12T13:58:11","slug":"vagas-de-emprego-luandre-oferece-mais-de-300-vagas-em-logistica-as-vesperas-do-natal","status":"publish","type":"post","link":"https:\/\/construcaocivil.siriusmarketingedesign.com.br\/?p=13032","title":{"rendered":"Empregos: Luandre oferece mais de 300 vagas em log\u00edstica \u00e0s v\u00e9speras do Natal"},"content":{"rendered":"<p style=\"text-align: justify;\"><span style=\"color: #993300;\">Dezembro de 2019<\/span><strong> \u2013<\/strong>\u00a0A Black Friday definitivamente movimentou o setor de log\u00edstica no Brasil \u2013 n\u00e3o s\u00f3 as vendas em lojas f\u00edsicas cresceram, mas tamb\u00e9m as vendas online. Segundo levantamento da Ebit|Nielsen o varejo brasileiro online faturou R$ 3,2 bilh\u00f5es na\u00a0<span style=\"color: #0000ff;\"><strong>Black Friday<\/strong><\/span>\u00a0de 2019 &#8212; dado referente \u00e0 receita registrada na quinta-feira (28), e na sexta-feira (29). O montante representa alta de 23,6% em rela\u00e7\u00e3o \u00e0 edi\u00e7\u00e3o de 2018, quando as vendas somaram R$ 2,6 bilh\u00f5es.<\/p>\n<p style=\"text-align: justify;\">O com\u00e9rcio online continua com \u00f3timas perspectivas em dezembro, com a aproxima\u00e7\u00e3o do Natal, o que significa que o setor de log\u00edstica segue agitado. Na Luandre, uma das maiores consultorias de RH do pa\u00eds, h\u00e1 um total de 394 vagas, quase 300 tempor\u00e1rias, confira:<\/p>\n<p><strong><u>Efetivas: 106 vagas<\/u><\/strong><\/p>\n<p><span style=\"color: #993300;\">Empacotador\u00a0\u00a0\u00a0\u00a0\u00a0\u00a0\u00a0\u00a0\u00a0\u00a0\u00a0\u00a0\u00a0\u00a0\u00a0\u00a0\u00a0\u00a0\u00a0\u00a0\u00a0\u00a0\u00a0\u00a0 \u00a0\u00a0\u00a0\u00a0\u00a0\u00a0\u00a0\u00a0\u00a0\u00a0\u00a0\u00a0\u00a0\u00a0R$ 1.000,00 \u2013 R$ 1.500,00<\/span><\/p>\n<p><span style=\"color: #993300;\">Auxiliar de Armaz\u00e9m\u00a0\u00a0\u00a0\u00a0\u00a0\u00a0\u00a0\u00a0\u00a0\u00a0\u00a0\u00a0\u00a0\u00a0 \u00a0\u00a0\u00a0\u00a0\u00a0\u00a0\u00a0\u00a0\u00a0\u00a0\u00a0\u00a0R$ 1.000,00 \u2013 R$ 1.500,00<\/span><\/p>\n<p><span style=\"color: #993300;\">Auxiliar de Log\u00edstica\u00a0\u00a0\u00a0\u00a0\u00a0\u00a0\u00a0\u00a0\u00a0\u00a0\u00a0\u00a0\u00a0\u00a0\u00a0\u00a0 \u00a0\u00a0\u00a0\u00a0\u00a0\u00a0\u00a0\u00a0\u00a0\u00a0\u00a0R$ 1.000,00 \u2013 R$ 1.500,00<\/span><\/p>\n<p><span style=\"color: #993300;\">Encarregado Dep\u00f3sito\u00a0\u00a0\u00a0\u00a0\u00a0\u00a0\u00a0\u00a0\u00a0\u00a0\u00a0\u00a0\u00a0\u00a0 \u00a0\u00a0\u00a0\u00a0\u00a0\u00a0\u00a0\u00a0\u00a0R$ 2.000,00 \u2013 R$ 3.000,00<\/span><\/p>\n<table width=\"100%\">\n<tbody>\n<tr>\n<td><span style=\"color: #993300;\">Encarregado de Log\u00edstica \u00a0\u00a0\u00a0\u00a0\u00a0\u00a0\u00a0\u00a0\u00a0\u00a0\u00a0\u00a0\u00a0\u00a0\u00a0\u00a0\u00a0\u00a0R$ 4.000,00 \u2013 R$ 5.000,000<\/span><\/td>\n<td><\/td>\n<\/tr>\n<\/tbody>\n<\/table>\n<p>&nbsp;<\/p>\n<p><strong><u>Tempor\u00e1rias: 288 vagas<\/u><\/strong><\/p>\n<p><span style=\"color: #993300;\">Auxiliar de Log\u00edstica\u00a0\u00a0\u00a0\u00a0\u00a0\u00a0\u00a0\u00a0 \u00a0\u00a0\u00a0\u00a0\u00a0\u00a0\u00a0\u00a0\u00a0\u00a0\u00a0\u00a0\u00a0\u00a0\u00a0\u00a0\u00a0\u00a0\u00a0 R$ 1.000,00 \u2013 R$ 1.500,00<\/span><\/p>\n<p><span style=\"color: #993300;\">Operador de Loja\u00a0\u00a0\u00a0\u00a0\u00a0\u00a0\u00a0\u00a0\u00a0\u00a0\u00a0\u00a0\u00a0\u00a0 \u00a0\u00a0\u00a0\u00a0\u00a0\u00a0\u00a0\u00a0\u00a0\u00a0\u00a0\u00a0\u00a0\u00a0\u00a0\u00a0 R$ 1.000,00 \u2013 R$ 1.500,00<\/span><\/p>\n<p><span style=\"color: #993300;\">Assistente Administrativo\u00a0\u00a0\u00a0\u00a0\u00a0\u00a0\u00a0\u00a0\u00a0\u00a0\u00a0\u00a0\u00a0\u00a0\u00a0\u00a0\u00a0\u00a0\u00a0\u00a0\u00a0R$ 1.500,00 \u2013 R$ 2.000,00<\/span><\/p>\n<p><span style=\"color: #993300;\">Almoxarife Jr\u00a0\u00a0\u00a0\u00a0\u00a0\u00a0\u00a0\u00a0\u00a0\u00a0\u00a0\u00a0\u00a0\u00a0\u00a0\u00a0\u00a0\u00a0\u00a0\u00a0\u00a0\u00a0\u00a0\u00a0\u00a0\u00a0\u00a0\u00a0\u00a0\u00a0\u00a0\u00a0\u00a0\u00a0\u00a0\u00a0\u00a0\u00a0 R$ 3.500,00 \u2013 R$ 4.000,00<\/span><\/p>\n<table width=\"100%\">\n<tbody>\n<tr>\n<td><span style=\"color: #993300;\">Analista de Suprimentos S\u00eanior \u00a0\u00a0\u00a0\u00a0\u00a0\u00a0\u00a0\u00a0\u00a0\u00a0R$ 7.000,00 \u2013 R$ 7.500,000<\/span><\/td>\n<td><\/td>\n<\/tr>\n<\/tbody>\n<\/table>\n<p>&nbsp;<\/p>\n<p>Os candidatos interessados podem acessar o site da<span style=\"color: #000080;\">\u00a0<strong>Luandre<\/strong><\/span>\u00a0e fazer o cadastro gratuitamente, para participar do processo seletivo:<span style=\"color: #0000ff;\">\u00a0<span style=\"text-decoration: underline;\"><a style=\"color: #0000ff; text-decoration: underline;\" href=\"http:\/\/www.luandre.com.br\/\" target=\"_blank\" rel=\"noopener noreferrer\">www.luandre.com.br<\/a><\/span><\/span><span style=\"text-decoration: underline;\">\u00a0<\/span>ou baixar o app da empresa no celular.<\/p>\n<p>Fonte: Imprensa\/Luandre<\/p>\n<p>&nbsp;<\/p>\n","protected":false},"excerpt":{"rendered":"<p>Dezembro de 2019 \u2013\u00a0A Black Friday definitivamente movimentou o setor de log\u00edstica no Brasil \u2013 n\u00e3o s\u00f3 as vendas em lojas f\u00edsicas cresceram, mas tamb\u00e9m as vendas online. Segundo levantamento da Ebit|Nielsen o varejo brasileiro online faturou R$ 3,2 bilh\u00f5es na\u00a0Black Friday\u00a0de 2019 &#8212; dado referente \u00e0 receita registrada na quinta-feira (28), e na sexta-feira [&hellip;]<\/p>\n","protected":false},"author":1,"featured_media":13033,"comment_status":"open","ping_status":"open","sticky":false,"template":"","format":"standard","meta":{"_uag_custom_page_level_css":"","footnotes":""},"categories":[27],"tags":[18209,18207,18208,18210,9946,10375,10679,18211],"class_list":["post-13032","post","type-post","status-publish","format-standard","has-post-thumbnail","hentry","category-acontece","tag-emprego-natal","tag-empregos-logistica","tag-luandre-vagas-efetivos-e-temporarios","tag-mercado-aquece-e-contrata","tag-recife-pe","tag-rio-de-janeiro","tag-sao-paulo-sp","tag-vagas-de-logistica"],"blocksy_meta":[],"spectra_blocks_featured_image_url":{"thumbnail":{"url":"https:\/\/construcaocivil.siriusmarketingedesign.com.br\/wp-content\/uploads\/2019\/12\/Auxiliar-Log\u00edstico-768x402-150x150.jpg","width":150,"height":150},"medium":{"url":"https:\/\/construcaocivil.siriusmarketingedesign.com.br\/wp-content\/uploads\/2019\/12\/Auxiliar-Log\u00edstico-768x402-300x157.jpg","width":300,"height":157},"medium_large":{"url":"https:\/\/construcaocivil.siriusmarketingedesign.com.br\/wp-content\/uploads\/2019\/12\/Auxiliar-Log\u00edstico-768x402.jpg","width":768,"height":402},"large":{"url":"https:\/\/construcaocivil.siriusmarketingedesign.com.br\/wp-content\/uploads\/2019\/12\/Auxiliar-Log\u00edstico-768x402.jpg","width":768,"height":402},"full":{"url":"https:\/\/construcaocivil.siriusmarketingedesign.com.br\/wp-content\/uploads\/2019\/12\/Auxiliar-Log\u00edstico-768x402.jpg","width":768,"height":402}},"spectra_blocks_author_info":{"display_name":"Jornal da Constru\u00e7\u00e3o Civil","avatar_url":"https:\/\/secure.gravatar.com\/avatar\/973c9774fd44ddaceb026973c4962faa70fc512bc4c9da68e8ebb40fecee6540?s=96&d=mm&r=g","author_link":"https:\/\/construcaocivil.siriusmarketingedesign.com.br\/?author=1","description":"Desde de 2013, levando muitas informa\u00e7\u00f5es, lan\u00e7amentos e produtos de qualidade para toda cadeia produtiva da constru\u00e7\u00e3o. O Futuro da constru\u00e7\u00e3o passa por aqui,"},"uagb_featured_image_src":{"full":["https:\/\/construcaocivil.siriusmarketingedesign.com.br\/wp-content\/uploads\/2019\/12\/Auxiliar-Log\u00edstico-768x402.jpg",768,402,false],"thumbnail":["https:\/\/construcaocivil.siriusmarketingedesign.com.br\/wp-content\/uploads\/2019\/12\/Auxiliar-Log\u00edstico-768x402-150x150.jpg",150,150,true],"medium":["https:\/\/construcaocivil.siriusmarketingedesign.com.br\/wp-content\/uploads\/2019\/12\/Auxiliar-Log\u00edstico-768x402-300x157.jpg",300,157,true],"medium_large":["https:\/\/construcaocivil.siriusmarketingedesign.com.br\/wp-content\/uploads\/2019\/12\/Auxiliar-Log\u00edstico-768x402.jpg",768,402,false],"large":["https:\/\/construcaocivil.siriusmarketingedesign.com.br\/wp-content\/uploads\/2019\/12\/Auxiliar-Log\u00edstico-768x402.jpg",768,402,false],"1536x1536":["https:\/\/construcaocivil.siriusmarketingedesign.com.br\/wp-content\/uploads\/2019\/12\/Auxiliar-Log\u00edstico-768x402.jpg",768,402,false],"2048x2048":["https:\/\/construcaocivil.siriusmarketingedesign.com.br\/wp-content\/uploads\/2019\/12\/Auxiliar-Log\u00edstico-768x402.jpg",768,402,false]},"uagb_author_info":{"display_name":"Jornal da Constru\u00e7\u00e3o Civil","author_link":"https:\/\/construcaocivil.siriusmarketingedesign.com.br\/?author=1"},"uagb_comment_info":0,"uagb_excerpt":"Dezembro de 2019 \u2013\u00a0A Black Friday definitivamente movimentou o setor de log\u00edstica no Brasil \u2013 n\u00e3o s\u00f3 as vendas em lojas f\u00edsicas cresceram, mas tamb\u00e9m as vendas online. Segundo levantamento da Ebit|Nielsen o varejo brasileiro online faturou R$ 3,2 bilh\u00f5es na\u00a0Black Friday\u00a0de 2019 &#8212; dado referente \u00e0 receita registrada na quinta-feira (28), e na sexta-feira&hellip;","_links":{"self":[{"href":"https:\/\/construcaocivil.siriusmarketingedesign.com.br\/index.php?rest_route=\/wp\/v2\/posts\/13032","targetHints":{"allow":["GET"]}}],"collection":[{"href":"https:\/\/construcaocivil.siriusmarketingedesign.com.br\/index.php?rest_route=\/wp\/v2\/posts"}],"about":[{"href":"https:\/\/construcaocivil.siriusmarketingedesign.com.br\/index.php?rest_route=\/wp\/v2\/types\/post"}],"author":[{"embeddable":true,"href":"https:\/\/construcaocivil.siriusmarketingedesign.com.br\/index.php?rest_route=\/wp\/v2\/users\/1"}],"replies":[{"embeddable":true,"href":"https:\/\/construcaocivil.siriusmarketingedesign.com.br\/index.php?rest_route=%2Fwp%2Fv2%2Fcomments&post=13032"}],"version-history":[{"count":0,"href":"https:\/\/construcaocivil.siriusmarketingedesign.com.br\/index.php?rest_route=\/wp\/v2\/posts\/13032\/revisions"}],"wp:featuredmedia":[{"embeddable":true,"href":"https:\/\/construcaocivil.siriusmarketingedesign.com.br\/index.php?rest_route=\/wp\/v2\/media\/13033"}],"wp:attachment":[{"href":"https:\/\/construcaocivil.siriusmarketingedesign.com.br\/index.php?rest_route=%2Fwp%2Fv2%2Fmedia&parent=13032"}],"wp:term":[{"taxonomy":"category","embeddable":true,"href":"https:\/\/construcaocivil.siriusmarketingedesign.com.br\/index.php?rest_route=%2Fwp%2Fv2%2Fcategories&post=13032"},{"taxonomy":"post_tag","embeddable":true,"href":"https:\/\/construcaocivil.siriusmarketingedesign.com.br\/index.php?rest_route=%2Fwp%2Fv2%2Ftags&post=13032"}],"curies":[{"name":"wp","href":"https:\/\/api.w.org\/{rel}","templated":true}]}}