{"id":13044,"date":"2019-12-13T18:53:37","date_gmt":"2019-12-13T20:53:37","guid":{"rendered":"https:\/\/www.jornaldaconstrucaocivil.com.br\/?p=13044"},"modified":"2019-12-13T19:02:59","modified_gmt":"2019-12-13T21:02:59","slug":"quartzolit-faz-homenagem-ao-dia-do-pedreiro-com-video-storytelling","status":"publish","type":"post","link":"https:\/\/construcaocivil.siriusmarketingedesign.com.br\/?p=13044","title":{"rendered":"Quartzolit faz homenagem no Dia do Pedreiro com v\u00eddeo storytelling"},"content":{"rendered":"<p style=\"text-align: justify;\">\u00a0<span style=\"color: #993300;\">Dezembro de 2019<\/span> &#8211; Para comemorar o Dia do Pedreiro, hoje, 13 de dezembro, a Quartzolit, marca do grupo Saint-Gobain, realizou um v\u00eddeo storytelling que levou seus funcion\u00e1rios para acompanharem duas obras de casas constru\u00eddas desde a planta. Toda a a\u00e7\u00e3o foi produzida e filmada pela Broders, sob a dire\u00e7\u00e3o de Thiago Cordeiro.<\/p>\n<p><iframe loading=\"lazy\" title=\"Pedreiros: os realizadores de sonhos | Homenagem ao Dia do Pedreiro - 13\/12\" width=\"1290\" height=\"726\" src=\"https:\/\/www.youtube.com\/embed\/kpRy-PtVxtw?feature=oembed\" frameborder=\"0\" allow=\"accelerometer; autoplay; clipboard-write; encrypted-media; gyroscope; picture-in-picture; web-share\" referrerpolicy=\"strict-origin-when-cross-origin\" allowfullscreen><\/iframe><\/p>\n<p style=\"text-align: justify;\">Segundo o diretor geral da Quartzolit, Renato Holzheim, o objetivo da atividade foi fazer seus colaboradores vivenciarem o dia a dia de um pedreiro &#8211; que \u00e9 o profissional que mais tem contato com os produtos da marca. <span style=\"color: #993300;\"><em>&#8220;A a\u00e7\u00e3o foi criada para que nossos colaboradores<\/em> pudessem ir \u00e0 campo vivenciar como \u00e9 o trabalho desses profissionais que enobrecem nossos produtos&#8221;,<\/span> explicou o diretor.<\/p>\n<figure id=\"attachment_13046\" aria-describedby=\"caption-attachment-13046\" style=\"width: 225px\" class=\"wp-caption alignleft\"><img loading=\"lazy\" decoding=\"async\" class=\"size-medium wp-image-13046\" src=\"https:\/\/www.jornaldaconstrucaocivil.com.br\/wp-content\/uploads\/2019\/12\/Pedreiro-II-225x300.jpeg\" alt=\"\" width=\"225\" height=\"300\" srcset=\"https:\/\/construcaocivil.siriusmarketingedesign.com.br\/wp-content\/uploads\/2019\/12\/Pedreiro-II-225x300.jpeg 225w, https:\/\/construcaocivil.siriusmarketingedesign.com.br\/wp-content\/uploads\/2019\/12\/Pedreiro-II-768x1024.jpeg 768w, https:\/\/construcaocivil.siriusmarketingedesign.com.br\/wp-content\/uploads\/2019\/12\/Pedreiro-II.jpeg 960w\" sizes=\"auto, (max-width: 225px) 100vw, 225px\" \/><figcaption id=\"caption-attachment-13046\" class=\"wp-caption-text\">Sem pedreiro n\u00e3o h\u00e1 obra de qualidade. Divulga\u00e7\u00e3o<\/figcaption><\/figure>\n<p style=\"text-align: justify;\">Os propriet\u00e1rios da casa que estava sendo constru\u00edda receberam os colaboradores e participantes para o trabalho, o senhor Jos\u00e9 e seu filho Wallace. E os pedreiros respons\u00e1veis pela obra, os irm\u00e3os Jos\u00e9 Maria e Francisco que guiaram os funcion\u00e1rios da Quartzolit para executarem a obra. Os ensinando a preparar a massa, impermeabilizar, chapiscar, rebocar paredes e assentar revestimentos e tijolos.<\/p>\n<p>Para ilustrar e homenagear e o trabalho desses profissionais, os pedreiros contaram um pouco sobre como \u00e9 o dia a dia em uma obra e qual a sensa\u00e7\u00e3o de transformar um sonho de ter uma casa pr\u00f3pria em algo real para tantas pessoas. De acordo com Thiago Cordeiro, da Broders, produzir o filme foi um desafio por lidar com personagens reais, mas que agiram de forma t\u00e3o natural.<\/p>\n<p><span style=\"color: #993300;\"><em>&#8220;Foi um grande desafio dirigir esse filme documental e acompanhar o <\/em><\/span><span style=\"color: #993300;\"><em>dia em que um CEO e seus colaboradores visitam uma obra real para <\/em><\/span><span style=\"color: #993300;\"><em>vestir o sapato do cliente. S\u00e3o pessoas diferentes, mas com algo que <\/em><\/span><span style=\"color: #993300;\"><em>realmente as conectam, uma constru\u00e7\u00e3o, uma obra! O que mais me <\/em><\/span><span style=\"color: #993300;\"><em>impressionou foi ver a a\u00e7\u00e3o desenrolar de uma forma natural entre os <\/em><\/span><span style=\"color: #993300;\"><em>personagens desta hist\u00f3ria, deixando a emo\u00e7\u00e3o simplesmente os <\/em><\/span><span style=\"color: #993300;\"><em>levar. &#8220;A espontaneidade dos personagens tornou a experi\u00eancia super <\/em><\/span><span style=\"color: #993300;\"><em>divertida.&#8221;, contou.<\/em><\/span><\/p>\n<figure id=\"attachment_13047\" aria-describedby=\"caption-attachment-13047\" style=\"width: 225px\" class=\"wp-caption alignright\"><img loading=\"lazy\" decoding=\"async\" class=\"size-medium wp-image-13047\" src=\"https:\/\/www.jornaldaconstrucaocivil.com.br\/wp-content\/uploads\/2019\/12\/AA-225x300.jpeg\" alt=\"\" width=\"225\" height=\"300\" srcset=\"https:\/\/construcaocivil.siriusmarketingedesign.com.br\/wp-content\/uploads\/2019\/12\/AA-225x300.jpeg 225w, https:\/\/construcaocivil.siriusmarketingedesign.com.br\/wp-content\/uploads\/2019\/12\/AA-768x1024.jpeg 768w, https:\/\/construcaocivil.siriusmarketingedesign.com.br\/wp-content\/uploads\/2019\/12\/AA.jpeg 960w\" sizes=\"auto, (max-width: 225px) 100vw, 225px\" \/><figcaption id=\"caption-attachment-13047\" class=\"wp-caption-text\">Dia do Pedreiro. Divulga\u00e7\u00e3o<\/figcaption><\/figure>\n<p style=\"text-align: justify;\">Ele ainda disse estar emocionado ao concluir a grava\u00e7\u00e3o e conseguiu entender qu\u00e3o complexas podem ser as atividades em uma obra. <span style=\"color: #993300;\"><em>&#8220;Os desafios podem parecer simples, mas na pr\u00e1tica n\u00e3o \u00e9 bem assim, eles exigem muito esfor\u00e7o, t\u00e9cnica e disposi\u00e7\u00e3o. No desfecho desta hist\u00f3ria surpreendente, tivemos uma surpresa que nos emocionou. Os pedreiros receberam uma homenagem representando todos os profissionais desta \u00e1rea do Brasil&#8221;,<\/em><\/span> finalizou Thiago.<\/p>\n<p>No final do dia, Renato Holzheim deu uma lembran\u00e7a aos trabalhadores da obra, representada por uma &#8220;colher de pedreiro dourada&#8221; que simboliza a import\u00e2ncia do trabalho dos pedreiros. O filme da campanha ser\u00e1 lan\u00e7ado amanh\u00e3 no canal do Youtube e na p\u00e1gina do Facebook da Quartzolit.<\/p>\n<p>Site: <span style=\"color: #0000ff;\"><strong><a style=\"color: #0000ff;\" href=\"http:\/\/www.quartzolit.weber\/\">www.quartzolit.weber\/<\/a><\/strong><\/span><\/p>\n<p>&nbsp;<\/p>\n","protected":false},"excerpt":{"rendered":"<p>\u00a0Dezembro de 2019 &#8211; Para comemorar o Dia do Pedreiro, hoje, 13 de dezembro, a Quartzolit, marca do grupo Saint-Gobain, realizou um v\u00eddeo storytelling que levou seus funcion\u00e1rios para acompanharem duas obras de casas constru\u00eddas desde a planta. Toda a a\u00e7\u00e3o foi produzida e filmada pela Broders, sob a dire\u00e7\u00e3o de Thiago Cordeiro. Segundo o [&hellip;]<\/p>\n","protected":false},"author":1,"featured_media":13045,"comment_status":"open","ping_status":"open","sticky":false,"template":"","format":"standard","meta":{"_uag_custom_page_level_css":"","footnotes":""},"categories":[27],"tags":[2826,18225,7362,8170,18226,10109,18227,10679,11438],"class_list":["post-13044","post","type-post","status-publish","format-standard","has-post-thumbnail","hentry","category-acontece","tag-construcao-civil","tag-dia-do-pedreiro","tag-material-de-construcao","tag-norte","tag-quartzolit-produtos-para-construcao","tag-regiao-nordeste","tag-saint-gobain-solucoes-para-construcao","tag-sao-paulo-sp","tag-sul"],"blocksy_meta":[],"spectra_blocks_featured_image_url":{"thumbnail":{"url":"https:\/\/construcaocivil.siriusmarketingedesign.com.br\/wp-content\/uploads\/2019\/12\/Pedreiro-150x150.jpeg","width":150,"height":150},"medium":{"url":"https:\/\/construcaocivil.siriusmarketingedesign.com.br\/wp-content\/uploads\/2019\/12\/Pedreiro-300x225.jpeg","width":300,"height":225},"medium_large":{"url":"https:\/\/construcaocivil.siriusmarketingedesign.com.br\/wp-content\/uploads\/2019\/12\/Pedreiro-768x576.jpeg","width":768,"height":576},"large":{"url":"https:\/\/construcaocivil.siriusmarketingedesign.com.br\/wp-content\/uploads\/2019\/12\/Pedreiro-1024x768.jpeg","width":1024,"height":768},"full":{"url":"https:\/\/construcaocivil.siriusmarketingedesign.com.br\/wp-content\/uploads\/2019\/12\/Pedreiro.jpeg","width":1280,"height":960}},"spectra_blocks_author_info":{"display_name":"Jornal da Constru\u00e7\u00e3o Civil","avatar_url":"https:\/\/secure.gravatar.com\/avatar\/973c9774fd44ddaceb026973c4962faa70fc512bc4c9da68e8ebb40fecee6540?s=96&d=mm&r=g","author_link":"https:\/\/construcaocivil.siriusmarketingedesign.com.br\/?author=1","description":"Desde de 2013, levando muitas informa\u00e7\u00f5es, lan\u00e7amentos e produtos de qualidade para toda cadeia produtiva da constru\u00e7\u00e3o. O Futuro da constru\u00e7\u00e3o passa por aqui,"},"uagb_featured_image_src":{"full":["https:\/\/construcaocivil.siriusmarketingedesign.com.br\/wp-content\/uploads\/2019\/12\/Pedreiro.jpeg",1280,960,false],"thumbnail":["https:\/\/construcaocivil.siriusmarketingedesign.com.br\/wp-content\/uploads\/2019\/12\/Pedreiro-150x150.jpeg",150,150,true],"medium":["https:\/\/construcaocivil.siriusmarketingedesign.com.br\/wp-content\/uploads\/2019\/12\/Pedreiro-300x225.jpeg",300,225,true],"medium_large":["https:\/\/construcaocivil.siriusmarketingedesign.com.br\/wp-content\/uploads\/2019\/12\/Pedreiro-768x576.jpeg",768,576,true],"large":["https:\/\/construcaocivil.siriusmarketingedesign.com.br\/wp-content\/uploads\/2019\/12\/Pedreiro-1024x768.jpeg",1024,768,true],"1536x1536":["https:\/\/construcaocivil.siriusmarketingedesign.com.br\/wp-content\/uploads\/2019\/12\/Pedreiro.jpeg",1280,960,false],"2048x2048":["https:\/\/construcaocivil.siriusmarketingedesign.com.br\/wp-content\/uploads\/2019\/12\/Pedreiro.jpeg",1280,960,false]},"uagb_author_info":{"display_name":"Jornal da Constru\u00e7\u00e3o Civil","author_link":"https:\/\/construcaocivil.siriusmarketingedesign.com.br\/?author=1"},"uagb_comment_info":0,"uagb_excerpt":"\u00a0Dezembro de 2019 &#8211; Para comemorar o Dia do Pedreiro, hoje, 13 de dezembro, a Quartzolit, marca do grupo Saint-Gobain, realizou um v\u00eddeo storytelling que levou seus funcion\u00e1rios para acompanharem duas obras de casas constru\u00eddas desde a planta. Toda a a\u00e7\u00e3o foi produzida e filmada pela Broders, sob a dire\u00e7\u00e3o de Thiago Cordeiro. Segundo o&hellip;","_links":{"self":[{"href":"https:\/\/construcaocivil.siriusmarketingedesign.com.br\/index.php?rest_route=\/wp\/v2\/posts\/13044","targetHints":{"allow":["GET"]}}],"collection":[{"href":"https:\/\/construcaocivil.siriusmarketingedesign.com.br\/index.php?rest_route=\/wp\/v2\/posts"}],"about":[{"href":"https:\/\/construcaocivil.siriusmarketingedesign.com.br\/index.php?rest_route=\/wp\/v2\/types\/post"}],"author":[{"embeddable":true,"href":"https:\/\/construcaocivil.siriusmarketingedesign.com.br\/index.php?rest_route=\/wp\/v2\/users\/1"}],"replies":[{"embeddable":true,"href":"https:\/\/construcaocivil.siriusmarketingedesign.com.br\/index.php?rest_route=%2Fwp%2Fv2%2Fcomments&post=13044"}],"version-history":[{"count":0,"href":"https:\/\/construcaocivil.siriusmarketingedesign.com.br\/index.php?rest_route=\/wp\/v2\/posts\/13044\/revisions"}],"wp:featuredmedia":[{"embeddable":true,"href":"https:\/\/construcaocivil.siriusmarketingedesign.com.br\/index.php?rest_route=\/wp\/v2\/media\/13045"}],"wp:attachment":[{"href":"https:\/\/construcaocivil.siriusmarketingedesign.com.br\/index.php?rest_route=%2Fwp%2Fv2%2Fmedia&parent=13044"}],"wp:term":[{"taxonomy":"category","embeddable":true,"href":"https:\/\/construcaocivil.siriusmarketingedesign.com.br\/index.php?rest_route=%2Fwp%2Fv2%2Fcategories&post=13044"},{"taxonomy":"post_tag","embeddable":true,"href":"https:\/\/construcaocivil.siriusmarketingedesign.com.br\/index.php?rest_route=%2Fwp%2Fv2%2Ftags&post=13044"}],"curies":[{"name":"wp","href":"https:\/\/api.w.org\/{rel}","templated":true}]}}