{"id":13079,"date":"2020-01-08T19:19:39","date_gmt":"2020-01-08T21:19:39","guid":{"rendered":"https:\/\/www.jornaldaconstrucaocivil.com.br\/?p=13079"},"modified":"2020-01-08T19:19:39","modified_gmt":"2020-01-08T21:19:39","slug":"esquadrias-na-cor-preta-sofisticacao-e-exclusividade-nos-detalhes","status":"publish","type":"post","link":"https:\/\/construcaocivil.siriusmarketingedesign.com.br\/?p=13079","title":{"rendered":"Esquadrias na cor preta: sofistica\u00e7\u00e3o e exclusividade nos detalhes"},"content":{"rendered":"<div style=\"text-align: justify;\">Janeiro, 2020 &#8211; A <strong>Sasazaki<\/strong>\u00a0\u2013 fabricante de portas e janelas de a\u00e7o e alum\u00ednio \u2013 amplia o portf\u00f3lio de produtos da Linha Pr\u00e1tika com o lan\u00e7amento da\u00a0<strong>Pr\u00e1tika Black<\/strong>,\u00a0que inclui portas e janelas prontas para instala\u00e7\u00e3o com acabamento de f\u00e1brica na cor preta e vidros.<\/div>\n<div style=\"text-align: justify;\"><\/div>\n<div style=\"text-align: justify;\">As esquadrias Pr\u00e1tika Black re\u00fanem a robustez do a\u00e7o e a sofistica\u00e7\u00e3o dos acess\u00f3rios em um mix de produtos para atender o p\u00fablico mais exigente, que busca solu\u00e7\u00f5es diferenciadas para ambientes de\u00a0sala, cozinha, banheiro e quarto.\u00a0Apresentam fechos embutidos, chave de seguran\u00e7a nas janelas \u2013 maior resist\u00eancia a ventos e esfor\u00e7os de arrombamento \u2013 e puxadores retos com acabamento perfeitos, que se harmonizam com diversos tipos de projetos arquitet\u00f4nicos.<\/div>\n<div style=\"text-align: justify;\"><\/div>\n<div style=\"text-align: justify;\"><span style=\"color: #0000ff;\"><strong>Vidros:<span style=\"color: #993300;\"> sistema de fixa\u00e7\u00e3o patenteado<\/span><\/strong><\/span><\/div>\n<div style=\"text-align: justify;\">Os produtos da Linha Pr\u00e1tika contam com um exclusivo sistema de fixa\u00e7\u00e3o dos vidros, patenteado pela Sasazaki. Feitos de ABS com anti-UV (garantia de resist\u00eancia e durabilidade), os perfis envolvem o vidro em toda a sua borda para proporcionar melhor acabamento, facilidade de limpeza e mais seguran\u00e7a na troca do vidro &#8211; evitando o contato direto com a borda do vidro.<\/div>\n<div style=\"text-align: justify;\"><\/div>\n<div style=\"text-align: justify;\">Al\u00e9m dos perfis precisos, o projeto conta com caixa de dreno com escova de veda\u00e7\u00e3o, garantindo a aus\u00eancia de infiltra\u00e7\u00f5es e estanqueidade \u00e0 \u00e1gua e ao vento. O Kit Vidro Sasazaki, fixado na esquadria por meio de selante de silicone, proporciona visual clean e moderno a todo ambiente.<\/div>\n<div style=\"text-align: justify;\"><\/div>\n<div style=\"text-align: justify;\"><span style=\"color: #993300;\"><strong>Produtos certificados<\/strong><\/span><\/div>\n<div style=\"text-align: justify;\">A\u00a0<strong>Linha Pr\u00e1tika Black Sasazaki<\/strong>\u00a0inclui\u00a0<strong>Janela Veneziana<\/strong>\u00a0e\u00a0<strong>Janela Veneziana Multiflex<\/strong>\u00a0com 6 folhas e Janela de Correr com 4 folhas &#8211; vidro liso; e\u00a0<strong>Janela Maxim-ar<\/strong>\u00a0&#8211; vidro miniboreal: todas as vers\u00f5es com op\u00e7\u00e3o de grade quadriculada. Traz ainda a\u00a0<strong>Porta Social de Abrir<\/strong>\u00a0com Lambris e Frisos e puxador de a\u00e7o inox;\u00a0<strong>Porta de Abrir Veneziana<\/strong>\u00a0e\u00a0<strong>Porta de Abrir com Veneziana e B\u00e1scula<\/strong>\u00a0&#8211; vidro miniboreal;\u00a0<strong>Porta de Correr com Divis\u00e3o Central<\/strong>, com 4 folhas -vidro liso; e\u00a0<strong>Porta-Balc\u00e3o de Correr Multiflex<\/strong>, com 6 folhas &#8211; vidro liso. Nas vers\u00f5es Multiflex, as palhetas m\u00f3veis &#8211; com sistema de regulagem e cinco n\u00edveis de abertura &#8211; permitem maior controle de privacidade, entrada de luz e ar natural ao ambiente.<\/div>\n<div style=\"text-align: justify;\"><\/div>\n<div style=\"text-align: justify;\">Com cinco anos de garantia e assist\u00eancia t\u00e9cnica permanente, os produtos recebem a mais avan\u00e7ada tecnologia de tratamento para prote\u00e7\u00e3o ao a\u00e7o dispon\u00edvel no mercado: pr\u00e9-tratamento nanocer\u00e2mico, pintura de prote\u00e7\u00e3o cataforese anticorrosiva e pintura com tinta acr\u00edlica que n\u00e3o descasca, garantindo um acabamento perfeito e maior durabilidade \u00e0s pe\u00e7as.<\/div>\n<div style=\"text-align: justify;\"><\/div>\n<div style=\"text-align: justify;\">As esquadrias Sasazaki atendem \u00e0s normas vigentes e s\u00e3o avaliadas e certificadas por uma empresa certificadora acreditada pelo INMETRO &#8211; Instituto Nacional de Metrologia, Qualidade e Tecnologia.<\/div>\n<div><\/div>\n<div>Para mais detalhes acesse <strong><span style=\"color: #0000ff;\"><a style=\"color: #0000ff;\" href=\"http:\/\/www.sasazaki.com.br\/\" target=\"_blank\" rel=\"noopener noreferrer\" data-saferedirecturl=\"https:\/\/www.google.com\/url?q=http:\/\/www.sasazaki.com.br&amp;source=gmail&amp;ust=1578603739336000&amp;usg=AFQjCNEyUxTVHdVK3jUF8wG35P1DTMgu3g\"><em>www.sasazaki.com.br<\/em><\/a><\/span><\/strong><\/div>\n<div style=\"text-align: justify;\"><\/div>\n","protected":false},"excerpt":{"rendered":"<p>Janeiro, 2020 &#8211; A Sasazaki\u00a0\u2013 fabricante de portas e janelas de a\u00e7o e alum\u00ednio \u2013 amplia o portf\u00f3lio de produtos da Linha Pr\u00e1tika com o lan\u00e7amento da\u00a0Pr\u00e1tika Black,\u00a0que inclui portas e janelas prontas para instala\u00e7\u00e3o com acabamento de f\u00e1brica na cor preta e vidros. As esquadrias Pr\u00e1tika Black re\u00fanem a robustez do a\u00e7o e a [&hellip;]<\/p>\n","protected":false},"author":1,"featured_media":13080,"comment_status":"open","ping_status":"open","sticky":false,"template":"","format":"standard","meta":{"_uag_custom_page_level_css":"","footnotes":""},"categories":[28],"tags":[18276,13640,18275,18278,18280,18274,18279,16388,18277,9125],"class_list":["post-13079","post","type-post","status-publish","format-standard","has-post-thumbnail","hentry","category-arquitetura","tag-casa-porta-e-janela","tag-esquadrias-de-aluminio","tag-esquadrias-e-acessorios","tag-esquadrias-sasazaki","tag-janela-veneziana-multiflex-c","tag-lancamento-da-pratika-black","tag-lojas-de-casa-e-decoracao","tag-marilia-sp","tag-porta-social-de-abrir","tag-portas-e-janelas"],"blocksy_meta":[],"spectra_blocks_featured_image_url":{"thumbnail":{"url":"https:\/\/construcaocivil.siriusmarketingedesign.com.br\/wp-content\/uploads\/2020\/01\/SASAZAKI-150x150.jpg","width":150,"height":150},"medium":{"url":"https:\/\/construcaocivil.siriusmarketingedesign.com.br\/wp-content\/uploads\/2020\/01\/SASAZAKI-300x199.jpg","width":300,"height":199},"medium_large":{"url":"https:\/\/construcaocivil.siriusmarketingedesign.com.br\/wp-content\/uploads\/2020\/01\/SASAZAKI-768x510.jpg","width":768,"height":510},"large":{"url":"https:\/\/construcaocivil.siriusmarketingedesign.com.br\/wp-content\/uploads\/2020\/01\/SASAZAKI-1024x680.jpg","width":1024,"height":680},"full":{"url":"https:\/\/construcaocivil.siriusmarketingedesign.com.br\/wp-content\/uploads\/2020\/01\/SASAZAKI-scaled.jpg","width":2560,"height":1700}},"spectra_blocks_author_info":{"display_name":"Jornal da Constru\u00e7\u00e3o Civil","avatar_url":"https:\/\/secure.gravatar.com\/avatar\/973c9774fd44ddaceb026973c4962faa70fc512bc4c9da68e8ebb40fecee6540?s=96&d=mm&r=g","author_link":"https:\/\/construcaocivil.siriusmarketingedesign.com.br\/?author=1","description":"Desde de 2013, levando muitas informa\u00e7\u00f5es, lan\u00e7amentos e produtos de qualidade para toda cadeia produtiva da constru\u00e7\u00e3o. O Futuro da constru\u00e7\u00e3o passa por aqui,"},"uagb_featured_image_src":{"full":["https:\/\/construcaocivil.siriusmarketingedesign.com.br\/wp-content\/uploads\/2020\/01\/SASAZAKI-scaled.jpg",2560,1700,false],"thumbnail":["https:\/\/construcaocivil.siriusmarketingedesign.com.br\/wp-content\/uploads\/2020\/01\/SASAZAKI-150x150.jpg",150,150,true],"medium":["https:\/\/construcaocivil.siriusmarketingedesign.com.br\/wp-content\/uploads\/2020\/01\/SASAZAKI-300x199.jpg",300,199,true],"medium_large":["https:\/\/construcaocivil.siriusmarketingedesign.com.br\/wp-content\/uploads\/2020\/01\/SASAZAKI-768x510.jpg",768,510,true],"large":["https:\/\/construcaocivil.siriusmarketingedesign.com.br\/wp-content\/uploads\/2020\/01\/SASAZAKI-1024x680.jpg",1024,680,true],"1536x1536":["https:\/\/construcaocivil.siriusmarketingedesign.com.br\/wp-content\/uploads\/2020\/01\/SASAZAKI-1536x1020.jpg",1536,1020,true],"2048x2048":["https:\/\/construcaocivil.siriusmarketingedesign.com.br\/wp-content\/uploads\/2020\/01\/SASAZAKI-2048x1360.jpg",2048,1360,true]},"uagb_author_info":{"display_name":"Jornal da Constru\u00e7\u00e3o Civil","author_link":"https:\/\/construcaocivil.siriusmarketingedesign.com.br\/?author=1"},"uagb_comment_info":0,"uagb_excerpt":"Janeiro, 2020 &#8211; A Sasazaki\u00a0\u2013 fabricante de portas e janelas de a\u00e7o e alum\u00ednio \u2013 amplia o portf\u00f3lio de produtos da Linha Pr\u00e1tika com o lan\u00e7amento da\u00a0Pr\u00e1tika Black,\u00a0que inclui portas e janelas prontas para instala\u00e7\u00e3o com acabamento de f\u00e1brica na cor preta e vidros. As esquadrias Pr\u00e1tika Black re\u00fanem a robustez do a\u00e7o e a&hellip;","_links":{"self":[{"href":"https:\/\/construcaocivil.siriusmarketingedesign.com.br\/index.php?rest_route=\/wp\/v2\/posts\/13079","targetHints":{"allow":["GET"]}}],"collection":[{"href":"https:\/\/construcaocivil.siriusmarketingedesign.com.br\/index.php?rest_route=\/wp\/v2\/posts"}],"about":[{"href":"https:\/\/construcaocivil.siriusmarketingedesign.com.br\/index.php?rest_route=\/wp\/v2\/types\/post"}],"author":[{"embeddable":true,"href":"https:\/\/construcaocivil.siriusmarketingedesign.com.br\/index.php?rest_route=\/wp\/v2\/users\/1"}],"replies":[{"embeddable":true,"href":"https:\/\/construcaocivil.siriusmarketingedesign.com.br\/index.php?rest_route=%2Fwp%2Fv2%2Fcomments&post=13079"}],"version-history":[{"count":0,"href":"https:\/\/construcaocivil.siriusmarketingedesign.com.br\/index.php?rest_route=\/wp\/v2\/posts\/13079\/revisions"}],"wp:featuredmedia":[{"embeddable":true,"href":"https:\/\/construcaocivil.siriusmarketingedesign.com.br\/index.php?rest_route=\/wp\/v2\/media\/13080"}],"wp:attachment":[{"href":"https:\/\/construcaocivil.siriusmarketingedesign.com.br\/index.php?rest_route=%2Fwp%2Fv2%2Fmedia&parent=13079"}],"wp:term":[{"taxonomy":"category","embeddable":true,"href":"https:\/\/construcaocivil.siriusmarketingedesign.com.br\/index.php?rest_route=%2Fwp%2Fv2%2Fcategories&post=13079"},{"taxonomy":"post_tag","embeddable":true,"href":"https:\/\/construcaocivil.siriusmarketingedesign.com.br\/index.php?rest_route=%2Fwp%2Fv2%2Ftags&post=13079"}],"curies":[{"name":"wp","href":"https:\/\/api.w.org\/{rel}","templated":true}]}}