{"id":13085,"date":"2020-01-09T15:39:07","date_gmt":"2020-01-09T17:39:07","guid":{"rendered":"https:\/\/www.jornaldaconstrucaocivil.com.br\/?p=13085"},"modified":"2020-01-09T15:39:07","modified_gmt":"2020-01-09T17:39:07","slug":"nota-publica-pistoleiros-matam-dois-camponeses-na-baixada-ocidental-maranhense-arari","status":"publish","type":"post","link":"https:\/\/construcaocivil.siriusmarketingedesign.com.br\/?p=13085","title":{"rendered":"Nota P\u00fablica: Pistoleiros matam dois camponeses na Baixada Ocidental Maranhense \u2013 Arari"},"content":{"rendered":"<p style=\"text-align: center;\"><b>NOTA P\u00daBLICA DE PESAR, REP\u00daDIO E SOLIDARIEDADE<\/b><\/p>\n<p style=\"text-align: justify;\"><span style=\"color: #993300;\">Janeiro, 2020<\/span> &#8211; As organiza\u00e7\u00f5es da sociedade civil, que est\u00e1 assinam, v\u00eam a p\u00fablico se manifestar nos seguintes termos:<\/p>\n<p style=\"text-align: justify;\"><strong>1 \u2013<\/strong>\u00a0Na madrugada do dia 05 de janeiro de 2020, quatro pistoleiros fortemente armados, invadiram a resid\u00eancia de CELINO FERNANDES e WANDERSON DE JESUS RODRIGUES FERNANDES, pai e filho, respectivamente, moradores da comunidade Cedro, munic\u00edpio de Arari e os executaram com v\u00e1rios disparos de arma de fogo nos seus rostos, sem oportunidade de qualquer defesa, fato presenciado pela esposa, filhos e netos;<\/p>\n<p style=\"text-align: justify;\"><strong>2 \u2013<\/strong>\u00a0Os pistoleiros chegaram \u00e0 comunidade e \u00e0s resid\u00eancias dos camponeses dizendo serem da pol\u00edcia e que estavam cumprindo ordem de pris\u00e3o. Trajavam coletes da Pol\u00edcia Civil, todos encapuzados, arrombaram as resid\u00eancias e assassinaram os lavradores;<\/p>\n<p style=\"text-align: justify;\"><strong>3 \u2013<\/strong>\u00a0Os camponeses Celino Fernandes e Wanderson de Jesus Rodrigues Fernandes, no ano de 2019, juntamente com mais tr\u00eas camponeses, inclusive Adriana de Jesus Rodrigues Fernandes, filha de Celino, presidente da associa\u00e7\u00e3o quilombola de Cedro<span style=\"color: #008080;\">,\u00a0<span style=\"color: #666699;\"><a style=\"color: #666699;\" href=\"https:\/\/www.cptnacional.org.br\/publicacoes\/noticias\/conflitos-no-campo\/4650-cpt-maranhao-divulga-nota-publica-denunciando-a-prisao-de-cinco-liderancas-camponesas-e-integrantes-dos-foruns-e-redes-de-cidadania-do-estado\" target=\"_blank\" rel=\"noopener noreferrer\"><b>foram representados criminalmente<\/b><\/a>\u00a0<\/span><\/span>pelo delegado de Arari Alcides Martins Nunes Neto, denunciados pela promotora L\u00edcia Ramos Cavalcante Muniz, e aceita pelo juiz, Luiz Emilio Bra\u00fana Bittencurt J\u00fanior, tendo a \u00e9poca ficado presos por mais de 70 (setenta) dias no Pres\u00eddio Regional de Viana;<\/p>\n<p style=\"text-align: justify;\"><strong>4 \u2013<\/strong>\u00a0H\u00e1 muito tempo a comunidade Cedro, principalmente os lavradores assassinados, haviam denunciado aos \u00f3rg\u00e3os do estado, Delegacia de Pol\u00edcia, Minist\u00e9rio P\u00fablico, ITERMA, INCRA, IBAMA, SEMA, SEDIHPOP, o conflito agr\u00e1rio envolvendo a comunidade e a fam\u00edlia da desembargadora \u00c2ngela Salazar, que cercam os campos p\u00fablicos para cria\u00e7\u00e3o de gado bubalino, inclusive com cercas el\u00e9tricas, local de onde os moradores retiram o sustento de seus familiares, por meio do pescado e da cria\u00e7\u00e3o de animais;<\/p>\n<p style=\"text-align: justify;\"><strong>5 \u2013<\/strong>\u00a0Essa pol\u00edtica deliberada das autoridades de Arari de criminalizar as lideran\u00e7as sociais, com representa\u00e7\u00f5es criminais, inqu\u00e9ritos policiais, den\u00fancias, decis\u00f5es judiciais favor\u00e1veis ao latif\u00fandio, tem servido apenas para deixar ainda mais vulner\u00e1veis as lideran\u00e7as sociais, que legitimamente lutam pelos seus territ\u00f3rios;<\/p>\n<p style=\"text-align: justify;\"><strong>6 \u2013<\/strong>\u00a0N\u00e3o temos d\u00favidas que essa exposi\u00e7\u00e3o das lideran\u00e7as termina por chancelar e encorajar particulares e seus pistoleiros a fazerem a vingan\u00e7a com as pr\u00f3prias m\u00e3os, forma de criar uma cortina de fuma\u00e7a sobre o verdadeiro conflito: a luta pela terra;<\/p>\n<p style=\"text-align: justify;\"><strong>7 \u2013<\/strong>\u00a0Sabemos que o verdadeiro objetivo dessas mortes e amea\u00e7as \u00e9 criar um clima de medo nas comunidades e suas lideran\u00e7as a n\u00e3o continuarem a luta, esses matadores de aluguel apenas cumprem o restante do trabalho j\u00e1 iniciado pelas autoridades, de criminaliza\u00e7\u00e3o de lideran\u00e7as, os pistoleiros se acham no direito de elimin\u00e1-los.<\/p>\n<p style=\"text-align: justify;\"><strong>8 \u2013<\/strong>\u00a0O governo Fl\u00e1vio Dino tem as m\u00e3os sujas de sangue dos povos da terra, camponeses, quilombolas e ribeirinhos que brutalmente s\u00e3o assassinados no Maranh\u00e3o. At\u00e9 agora, o governo nada fez para solucionar o conflito, muitos menos expulsou os grileiros de terras p\u00fablicas da baixada ocidental maranhense;<\/p>\n<p style=\"text-align: justify;\"><strong>9 \u2013<\/strong>\u00a0As mortes dos lavradores em Cedro n\u00e3o \u00e9 algo isolado ou desvinculado do que se vive hoje no Brasil, a pol\u00edtica bolsonarista \u00e9 uma declara\u00e7\u00e3o de guerra aos povos tradicionais, ind\u00edgenas, quilombolas, ribeirinhos e camponeses em geral. O Governo est\u00e1 legalizando e armando as mil\u00edcias privadas de fazendeiros e anunciando uma criminosa exclus\u00e3o de ilicitude das for\u00e7as militares (GLOs) em reintegra\u00e7\u00f5es de posse, para transformar as for\u00e7as armadas em uma verdadeira mil\u00edcia p\u00fablica, institucionalizando a viol\u00eancia do Estado a servi\u00e7o do grande capital e do agroneg\u00f3cio. Al\u00e9m e claro da Medida Provis\u00f3ria &#8211; MP 910\/2019, que pretende instituir novas regras para a regulariza\u00e7\u00e3o de terras no pa\u00eds (legalizar a grilagem de terras p\u00fablicas).<\/p>\n<p style=\"text-align: justify;\"><strong>10 \u2013<\/strong>\u00a0Diante disso, repudiamos toda e qualquer pol\u00edtica do governo do estado e do projeto bolsonarista que venha amea\u00e7ar a exist\u00eancia dos povos, sua autonomia e dignidade.<\/p>\n<p style=\"text-align: justify;\"><strong>11 \u2013<\/strong>\u00a0Assim, EXIGIMOS dos \u00f3rg\u00e3os p\u00fablicos e do governo do estado do Maranh\u00e3o a imediata elucida\u00e7\u00e3o desses b\u00e1rbaros crimes, sejam os autores processados e ao final, condenados \u00e0s penas das leis brasileiras. Assim como a imediata retirada de grileiros dos campos p\u00fablicos da baixada ocidental maranhense.<\/p>\n<p style=\"text-align: justify;\"><strong>12 \u2013<\/strong>\u00a0Por fim, queremos manifestar nosso pesar a todos os familiares e a comunidade de Cedro por esta imensa dor que todos passam, bem como, manifestar nossa total solidariedade.<\/p>\n<p>Arari, 05 de janeiro de 2020.<\/p>\n<ol>\n<li>F\u00f3runs e Redes de Cidadania do Maranh\u00e3o<\/li>\n<li>Associa\u00e7\u00e3o Quilombola dos moradores do povoado Cedro<\/li>\n<li>Associa\u00e7\u00e3o Brasileira dos Advogados do Povo \u2013 ABRAPO<\/li>\n<li>Anima\u00e7\u00e3o dos Crist\u00e3os no Meio Rural \u2013 ACR\/MA<\/li>\n<li>Central Sindical e Popular \u2013 CSP Conlutas<\/li>\n<li>Associa\u00e7\u00e3o de moradores do povoado Flexeiras<\/li>\n<li>Associa\u00e7\u00e3o Comunit\u00e1ria dos moradores de Santa Maria 1<\/li>\n<li>Associa\u00e7\u00e3o comunit\u00e1ria dos moradores da comunidade de Santa Maria 2<\/li>\n<li>Associa\u00e7\u00e3o dos Trabalhadores Rurais do Povoado Cheiroso<\/li>\n<li>Associa\u00e7\u00e3o dos Pequenos Produtores Rurais Quilombolas de Assutinga<\/li>\n<li>Associa\u00e7\u00e3o dos Produtores Rurais Quilombolas das Ilhas do Teso<\/li>\n<li>Associa\u00e7\u00e3o dos Pequenos Produtores Rurais Quilombola de Flexeiras<\/li>\n<li>Uni\u00e3o dos Moradores da Comunidade de Flores<\/li>\n<li>Associa\u00e7\u00e3o Quilombola dos moradores da Mata de S\u00e3o Benedito 3<\/li>\n<li>Sindicato dos Trabalhadores no Servi\u00e7o P\u00fablico Municipal de Vargem Grande\/MA \u2013 SINTRANSPEM\/VG<\/li>\n<li>Sindicato dos Trabalhadores e Trabalhadoras da Agricultura Familiar de Vargem Grande<\/li>\n<li>Sindicato dos Trabalhadores do Servi\u00e7o P\u00fablico Municipal de Cantanhede\/MA \u2013 SINTASPUMC<\/li>\n<li>Sindicato dos Trabalhadores e Trabalhadoras Rurais de Cantanhede\/MA<\/li>\n<li>Associa\u00e7\u00e3o Agroecol\u00f3gica Tijup\u00e1<\/li>\n<li>Boscheto Luna de Gaia<\/li>\n<li>Coletivo Andes Em Luta (CAEL) &#8211; MA<\/li>\n<li>Coletivo Teatro da Sacola (DF-MA)<\/li>\n<li>Conselho Indigenista Mission\u00e1rio &#8211; CIMI<\/li>\n<li>Corrente Socialista dos Trabalhadores &#8211; CST (PSOL)<\/li>\n<li>F\u00f3rum Maranhense de Mulheres<\/li>\n<li>Grupo de Estudos: Desenvolvimento, Modernidade e Meio Ambiente da Universidade Federal do Maranh\u00e3o (GEDMMA\/UFMA)<\/li>\n<li>Marcha Mundial das Mulheres (MA)<\/li>\n<li>Movimento em Defesa da Ilha<\/li>\n<li>Movimento Hip Hop Militante Quilombo Urbano<\/li>\n<li>Movimento Interestadual de Quebradeiras de Coco Baba\u00e7u &#8211; MIQCB<\/li>\n<li>Movimento Mulheres em Luta -MA<\/li>\n<li>Movimento Pela Sa\u00fade dos Povos &#8211; MSP<\/li>\n<li>ONG Arte &#8211; Moj\u00f3<\/li>\n<li>Partido Socialista dos Trabalhadores Unificados PSTU<\/li>\n<li>Resist\u00eancia (PSOL)<\/li>\n<li>Sindicato dos (as) Trabalhadores (as) nas Entidades e Centrais Sindicais, Associa\u00e7\u00f5es, Federa\u00e7\u00f5es, \u00d3rg\u00e3os de Classe, Entidades N\u00e3o Governamentais e Partidos Pol\u00edticos no Estado do Maranh\u00e3o \u2013 SINTES-MA<\/li>\n<li>Uni\u00e3o Wicca do Brasil<\/li>\n<li>Sindicato dos Servidores P\u00fablicos de S\u00e3o Bernardo\/MA \u2013 SIDSERP\/SB<\/li>\n<li>Comiss\u00e3o Pastoral da Terra \u2013 CPT\/MA<\/li>\n<li>Cooperativa do Produtor Rural de Vargem Grande \u2013 COOPEVARG\/MA<\/li>\n<li>Conselho Regional de Psicologia \u2013 CRP\/MA<\/li>\n<li>APRUMA \u2013 Se\u00e7\u00e3o Sindical<\/li>\n<\/ol>\n<p>Fonte: Imprensa\/ Comiss\u00e3o Pastoral da Terra<\/p>\n","protected":false},"excerpt":{"rendered":"<p>NOTA P\u00daBLICA DE PESAR, REP\u00daDIO E SOLIDARIEDADE Janeiro, 2020 &#8211; As organiza\u00e7\u00f5es da sociedade civil, que est\u00e1 assinam, v\u00eam a p\u00fablico se manifestar nos seguintes termos: 1 \u2013\u00a0Na madrugada do dia 05 de janeiro de 2020, quatro pistoleiros fortemente armados, invadiram a resid\u00eancia de CELINO FERNANDES e WANDERSON DE JESUS RODRIGUES FERNANDES, pai e filho, [&hellip;]<\/p>\n","protected":false},"author":1,"featured_media":13086,"comment_status":"open","ping_status":"open","sticky":false,"template":"","format":"standard","meta":{"_uag_custom_page_level_css":"","footnotes":""},"categories":[27],"tags":[532,18292,18286,18290,1574,18288,2499,2500,18291,18287,18289,7237,18285,10114],"class_list":["post-13085","post","type-post","status-publish","format-standard","has-post-thumbnail","hentry","category-acontece","tag-agricultura-familiar","tag-ameacas-terras-quilombolas","tag-ariari-ma","tag-baixada-ocidental-maranhense","tag-brasilia-df","tag-camponeses","tag-comissao-pastoral-da-terra","tag-comissao-pastoral-da-terra-cpt","tag-desenvolvimento-no-campo-agricultura-familiar","tag-flavio-dino-fecha-os-olhos-para-violencia-no-campo","tag-grileiros-de-terras-publicas","tag-maranhao","tag-maranhao-violencia-no-campo","tag-regiao-norte"],"blocksy_meta":[],"spectra_blocks_featured_image_url":{"thumbnail":{"url":"https:\/\/construcaocivil.siriusmarketingedesign.com.br\/wp-content\/uploads\/2020\/01\/CPT-150x150.png","width":150,"height":150},"medium":{"url":"https:\/\/construcaocivil.siriusmarketingedesign.com.br\/wp-content\/uploads\/2020\/01\/CPT-300x176.png","width":300,"height":176},"medium_large":{"url":"https:\/\/construcaocivil.siriusmarketingedesign.com.br\/wp-content\/uploads\/2020\/01\/CPT.png","width":530,"height":311},"large":{"url":"https:\/\/construcaocivil.siriusmarketingedesign.com.br\/wp-content\/uploads\/2020\/01\/CPT.png","width":530,"height":311},"full":{"url":"https:\/\/construcaocivil.siriusmarketingedesign.com.br\/wp-content\/uploads\/2020\/01\/CPT.png","width":530,"height":311}},"spectra_blocks_author_info":{"display_name":"Jornal da Constru\u00e7\u00e3o Civil","avatar_url":"https:\/\/secure.gravatar.com\/avatar\/973c9774fd44ddaceb026973c4962faa70fc512bc4c9da68e8ebb40fecee6540?s=96&d=mm&r=g","author_link":"https:\/\/construcaocivil.siriusmarketingedesign.com.br\/?author=1","description":"Desde de 2013, levando muitas informa\u00e7\u00f5es, lan\u00e7amentos e produtos de qualidade para toda cadeia produtiva da constru\u00e7\u00e3o. O Futuro da constru\u00e7\u00e3o passa por aqui,"},"uagb_featured_image_src":{"full":["https:\/\/construcaocivil.siriusmarketingedesign.com.br\/wp-content\/uploads\/2020\/01\/CPT.png",530,311,false],"thumbnail":["https:\/\/construcaocivil.siriusmarketingedesign.com.br\/wp-content\/uploads\/2020\/01\/CPT-150x150.png",150,150,true],"medium":["https:\/\/construcaocivil.siriusmarketingedesign.com.br\/wp-content\/uploads\/2020\/01\/CPT-300x176.png",300,176,true],"medium_large":["https:\/\/construcaocivil.siriusmarketingedesign.com.br\/wp-content\/uploads\/2020\/01\/CPT.png",530,311,false],"large":["https:\/\/construcaocivil.siriusmarketingedesign.com.br\/wp-content\/uploads\/2020\/01\/CPT.png",530,311,false],"1536x1536":["https:\/\/construcaocivil.siriusmarketingedesign.com.br\/wp-content\/uploads\/2020\/01\/CPT.png",530,311,false],"2048x2048":["https:\/\/construcaocivil.siriusmarketingedesign.com.br\/wp-content\/uploads\/2020\/01\/CPT.png",530,311,false]},"uagb_author_info":{"display_name":"Jornal da Constru\u00e7\u00e3o Civil","author_link":"https:\/\/construcaocivil.siriusmarketingedesign.com.br\/?author=1"},"uagb_comment_info":0,"uagb_excerpt":"NOTA P\u00daBLICA DE PESAR, REP\u00daDIO E SOLIDARIEDADE Janeiro, 2020 &#8211; As organiza\u00e7\u00f5es da sociedade civil, que est\u00e1 assinam, v\u00eam a p\u00fablico se manifestar nos seguintes termos: 1 \u2013\u00a0Na madrugada do dia 05 de janeiro de 2020, quatro pistoleiros fortemente armados, invadiram a resid\u00eancia de CELINO FERNANDES e WANDERSON DE JESUS RODRIGUES FERNANDES, pai e filho,&hellip;","_links":{"self":[{"href":"https:\/\/construcaocivil.siriusmarketingedesign.com.br\/index.php?rest_route=\/wp\/v2\/posts\/13085","targetHints":{"allow":["GET"]}}],"collection":[{"href":"https:\/\/construcaocivil.siriusmarketingedesign.com.br\/index.php?rest_route=\/wp\/v2\/posts"}],"about":[{"href":"https:\/\/construcaocivil.siriusmarketingedesign.com.br\/index.php?rest_route=\/wp\/v2\/types\/post"}],"author":[{"embeddable":true,"href":"https:\/\/construcaocivil.siriusmarketingedesign.com.br\/index.php?rest_route=\/wp\/v2\/users\/1"}],"replies":[{"embeddable":true,"href":"https:\/\/construcaocivil.siriusmarketingedesign.com.br\/index.php?rest_route=%2Fwp%2Fv2%2Fcomments&post=13085"}],"version-history":[{"count":0,"href":"https:\/\/construcaocivil.siriusmarketingedesign.com.br\/index.php?rest_route=\/wp\/v2\/posts\/13085\/revisions"}],"wp:featuredmedia":[{"embeddable":true,"href":"https:\/\/construcaocivil.siriusmarketingedesign.com.br\/index.php?rest_route=\/wp\/v2\/media\/13086"}],"wp:attachment":[{"href":"https:\/\/construcaocivil.siriusmarketingedesign.com.br\/index.php?rest_route=%2Fwp%2Fv2%2Fmedia&parent=13085"}],"wp:term":[{"taxonomy":"category","embeddable":true,"href":"https:\/\/construcaocivil.siriusmarketingedesign.com.br\/index.php?rest_route=%2Fwp%2Fv2%2Fcategories&post=13085"},{"taxonomy":"post_tag","embeddable":true,"href":"https:\/\/construcaocivil.siriusmarketingedesign.com.br\/index.php?rest_route=%2Fwp%2Fv2%2Ftags&post=13085"}],"curies":[{"name":"wp","href":"https:\/\/api.w.org\/{rel}","templated":true}]}}