{"id":13091,"date":"2020-01-12T12:28:26","date_gmt":"2020-01-12T14:28:26","guid":{"rendered":"https:\/\/www.jornaldaconstrucaocivil.com.br\/?p=13091"},"modified":"2020-01-12T12:28:26","modified_gmt":"2020-01-12T14:28:26","slug":"crise-entre-ira-e-eua-confirma-erro-da-politica-de-reajustes-dos-combustiveis-e-de-venda-de-refinarias-da-petrobras-reforca-fup","status":"publish","type":"post","link":"https:\/\/construcaocivil.siriusmarketingedesign.com.br\/?p=13091","title":{"rendered":"Crise entre Ir\u00e3 e EUA confirma erro da pol\u00edtica de reajustes dos combust\u00edveis e de venda de refinarias da Petrobr\u00e1s, refor\u00e7a FUP"},"content":{"rendered":"<p style=\"text-align: justify;\"><span style=\"color: #993300;\"><em>Janeiro de 2020<\/em><\/span>\u00a0\u2013\u00a0A mais recente crise entre o Ir\u00e3 e os Estados Unidos que abalou o mercado global de petr\u00f3leo e causou oscila\u00e7\u00f5es bruscas nos pre\u00e7os do barril no in\u00edcio deste ano confirmou o equ\u00edvoco da pol\u00edtica de reajustes dos combust\u00edveis estabelecida pela Petrobr\u00e1s em 2016. Desde ent\u00e3o, os pre\u00e7os da gasolina, do \u00f3leo diesel e de outros derivados de petr\u00f3leo que abastecem o Brasil est\u00e3o atrelados ao mercado internacional e sua volatilidade, mesmo que a produ\u00e7\u00e3o seja nacional.<\/p>\n<p style=\"text-align: justify;\">Para agravar esse quadro, a Petrobr\u00e1s reduziu sistematicamente o uso de suas refinarias, processando menos petr\u00f3leo no pa\u00eds e exportando mais \u00f3leo cru, cujos pre\u00e7os s\u00e3o mais baratos que o dos derivados que a companhia importa. Dados da Ag\u00eancia Nacional do Petr\u00f3leo, G\u00e1s Natural e Biocombust\u00edveis (ANP) mostram que entre 2014 e 2019 o processamento de petr\u00f3leo nas refinarias brasileiras caiu quase 20%. Enquanto isso, a importa\u00e7\u00e3o de derivados j\u00e1 responde por 17% do consumo nacional, segundo levantamento do Instituto de Estudos Estrat\u00e9gicos de Petr\u00f3leo, G\u00e1s Natural e Biocombust\u00edveis Z\u00e9 Eduardo Dutra (Ineep). Em 2009, esse percentual era de 5%.<\/p>\n<p style=\"text-align: justify;\">A seguran\u00e7a do abastecimento e dos pre\u00e7os dos combust\u00edveis no mercado brasileiro pode ser ainda mais comprometida se os planos da Petrobr\u00e1s de vender oito de suas 15 refinarias for adiante. Na contram\u00e3o de grandes petroleiras mundiais, que est\u00e3o aumentando a integra\u00e7\u00e3o de suas opera\u00e7\u00f5es \u201cdo po\u00e7o ao posto\u201d, a atual gest\u00e3o da Petrobr\u00e1s quer reduzir pela metade a capacidade da empresa de produzir derivados. Isso far\u00e1 com que a Petrobr\u00e1s perca escala e capacidade de regular pre\u00e7os no mercado interno, deixando o consumidor ainda mais \u00e0 merc\u00ea da volatilidade internacional.<\/p>\n<p style=\"text-align: justify;\">N\u00e3o bastasse a venda das refinarias, a Petrobr\u00e1s ainda est\u00e1 em processo de se desfazer de sua participa\u00e7\u00e3o, agora minorit\u00e1ria, na BR Distribuidora, a maior distribuidora de combust\u00edveis do Brasil. Novamente a companhia vai em rumo contr\u00e1rio ao de outras companhias de petr\u00f3leo, que v\u00eam buscando aumentar sua participa\u00e7\u00e3o no mercado brasileiro de distribui\u00e7\u00e3o de combust\u00edveis.<\/p>\n<p style=\"text-align: justify;\">\u201cAs \u00faltimas gest\u00f5es da Petrobr\u00e1s alteraram n\u00e3o s\u00f3 a forma de reajuste dos pre\u00e7os dos derivados de petr\u00f3leo\u00a0como colocaram \u00e0 venda refinarias e sua distribuidora de combust\u00edveis, deixando a popula\u00e7\u00e3o completamente ref\u00e9m do mercado internacional. A atual crise no Oriente M\u00e9dio coloca em xeque essa estrat\u00e9gia, que prioriza a exporta\u00e7\u00e3o de petr\u00f3leo cru enquanto retira a Petrobr\u00e1s de setores estrat\u00e9gicos, como o refino e o mercado de distribui\u00e7\u00e3o\u201d, refor\u00e7a o coordenador geral da Federa\u00e7\u00e3o \u00danica dos Petroleiros (FUP), Jos\u00e9 Maria Rangel.<\/p>\n<p style=\"text-align: justify;\">No momento em que o governo discute a cria\u00e7\u00e3o de um mecanismo para evitar que oscila\u00e7\u00f5es nos pre\u00e7os do barril em momentos de alta instabilidade global afetem os pre\u00e7os de gasolina e diesel no Brasil, Rangel sugere que se assuma uma pol\u00edtica de Estado que fortale\u00e7a a Petrobr\u00e1s, com aumento do processamento de \u00f3leo pelas refinarias da companhia, bem como a manuten\u00e7\u00e3o e a amplia\u00e7\u00e3o de seu parque de refino. Somente isso garantiria de forma efetiva que crises como a atual \u2013 que, embora aparentemente controlada, ainda pode se estender por longo prazo \u2013 n\u00e3o causem impacto no dia a dia dos brasileiros, com press\u00f5es sobre os pre\u00e7os dos combust\u00edveis que elevam a infla\u00e7\u00e3o e o custo de vida da popula\u00e7\u00e3o em geral.<\/p>\n<p>Fonte: Imprensa\/\u00a0Federa\u00e7\u00e3o \u00danica dos Petroleiros (FUP),<\/p>\n","protected":false},"excerpt":{"rendered":"<p>Janeiro de 2020\u00a0\u2013\u00a0A mais recente crise entre o Ir\u00e3 e os Estados Unidos que abalou o mercado global de petr\u00f3leo e causou oscila\u00e7\u00f5es bruscas nos pre\u00e7os do barril no in\u00edcio deste ano confirmou o equ\u00edvoco da pol\u00edtica de reajustes dos combust\u00edveis estabelecida pela Petrobr\u00e1s em 2016. Desde ent\u00e3o, os pre\u00e7os da gasolina, do \u00f3leo diesel [&hellip;]<\/p>\n","protected":false},"author":1,"featured_media":9739,"comment_status":"open","ping_status":"open","sticky":false,"template":"","format":"standard","meta":{"_uag_custom_page_level_css":"","footnotes":""},"categories":[33],"tags":[15471,18299,2529,18301,18298,18302,18304,18303,18300],"class_list":["post-13091","post","type-post","status-publish","format-standard","has-post-thumbnail","hentry","category-mercado","tag-acu-petroleo","tag-comercio-mundial-precos-dos-combustaveis","tag-comperj","tag-da-petrobras","tag-guerra-ira-e-eua","tag-instabilidade-politica-global","tag-petrobras-quer-vender-refinarias","tag-refinaria-abreu-e-lima-pe","tag-venda-das-refinarias"],"blocksy_meta":[],"spectra_blocks_featured_image_url":{"thumbnail":{"url":"https:\/\/construcaocivil.siriusmarketingedesign.com.br\/wp-content\/uploads\/2018\/05\/A-BRASIL-LUCAS-150x150.jpg","width":150,"height":150},"medium":{"url":"https:\/\/construcaocivil.siriusmarketingedesign.com.br\/wp-content\/uploads\/2018\/05\/A-BRASIL-LUCAS-300x200.jpg","width":300,"height":200},"medium_large":{"url":"https:\/\/construcaocivil.siriusmarketingedesign.com.br\/wp-content\/uploads\/2018\/05\/A-BRASIL-LUCAS-768x513.jpg","width":768,"height":513},"large":{"url":"https:\/\/construcaocivil.siriusmarketingedesign.com.br\/wp-content\/uploads\/2018\/05\/A-BRASIL-LUCAS.jpg","width":960,"height":641},"full":{"url":"https:\/\/construcaocivil.siriusmarketingedesign.com.br\/wp-content\/uploads\/2018\/05\/A-BRASIL-LUCAS.jpg","width":960,"height":641}},"spectra_blocks_author_info":{"display_name":"Jornal da Constru\u00e7\u00e3o Civil","avatar_url":"https:\/\/secure.gravatar.com\/avatar\/973c9774fd44ddaceb026973c4962faa70fc512bc4c9da68e8ebb40fecee6540?s=96&d=mm&r=g","author_link":"https:\/\/construcaocivil.siriusmarketingedesign.com.br\/?author=1","description":"Desde de 2013, levando muitas informa\u00e7\u00f5es, lan\u00e7amentos e produtos de qualidade para toda cadeia produtiva da constru\u00e7\u00e3o. O Futuro da constru\u00e7\u00e3o passa por aqui,"},"uagb_featured_image_src":{"full":["https:\/\/construcaocivil.siriusmarketingedesign.com.br\/wp-content\/uploads\/2018\/05\/A-BRASIL-LUCAS.jpg",960,641,false],"thumbnail":["https:\/\/construcaocivil.siriusmarketingedesign.com.br\/wp-content\/uploads\/2018\/05\/A-BRASIL-LUCAS-150x150.jpg",150,150,true],"medium":["https:\/\/construcaocivil.siriusmarketingedesign.com.br\/wp-content\/uploads\/2018\/05\/A-BRASIL-LUCAS-300x200.jpg",300,200,true],"medium_large":["https:\/\/construcaocivil.siriusmarketingedesign.com.br\/wp-content\/uploads\/2018\/05\/A-BRASIL-LUCAS-768x513.jpg",768,513,true],"large":["https:\/\/construcaocivil.siriusmarketingedesign.com.br\/wp-content\/uploads\/2018\/05\/A-BRASIL-LUCAS.jpg",960,641,false],"1536x1536":["https:\/\/construcaocivil.siriusmarketingedesign.com.br\/wp-content\/uploads\/2018\/05\/A-BRASIL-LUCAS.jpg",960,641,false],"2048x2048":["https:\/\/construcaocivil.siriusmarketingedesign.com.br\/wp-content\/uploads\/2018\/05\/A-BRASIL-LUCAS.jpg",960,641,false]},"uagb_author_info":{"display_name":"Jornal da Constru\u00e7\u00e3o Civil","author_link":"https:\/\/construcaocivil.siriusmarketingedesign.com.br\/?author=1"},"uagb_comment_info":0,"uagb_excerpt":"Janeiro de 2020\u00a0\u2013\u00a0A mais recente crise entre o Ir\u00e3 e os Estados Unidos que abalou o mercado global de petr\u00f3leo e causou oscila\u00e7\u00f5es bruscas nos pre\u00e7os do barril no in\u00edcio deste ano confirmou o equ\u00edvoco da pol\u00edtica de reajustes dos combust\u00edveis estabelecida pela Petrobr\u00e1s em 2016. Desde ent\u00e3o, os pre\u00e7os da gasolina, do \u00f3leo diesel&hellip;","_links":{"self":[{"href":"https:\/\/construcaocivil.siriusmarketingedesign.com.br\/index.php?rest_route=\/wp\/v2\/posts\/13091","targetHints":{"allow":["GET"]}}],"collection":[{"href":"https:\/\/construcaocivil.siriusmarketingedesign.com.br\/index.php?rest_route=\/wp\/v2\/posts"}],"about":[{"href":"https:\/\/construcaocivil.siriusmarketingedesign.com.br\/index.php?rest_route=\/wp\/v2\/types\/post"}],"author":[{"embeddable":true,"href":"https:\/\/construcaocivil.siriusmarketingedesign.com.br\/index.php?rest_route=\/wp\/v2\/users\/1"}],"replies":[{"embeddable":true,"href":"https:\/\/construcaocivil.siriusmarketingedesign.com.br\/index.php?rest_route=%2Fwp%2Fv2%2Fcomments&post=13091"}],"version-history":[{"count":0,"href":"https:\/\/construcaocivil.siriusmarketingedesign.com.br\/index.php?rest_route=\/wp\/v2\/posts\/13091\/revisions"}],"wp:featuredmedia":[{"embeddable":true,"href":"https:\/\/construcaocivil.siriusmarketingedesign.com.br\/index.php?rest_route=\/wp\/v2\/media\/9739"}],"wp:attachment":[{"href":"https:\/\/construcaocivil.siriusmarketingedesign.com.br\/index.php?rest_route=%2Fwp%2Fv2%2Fmedia&parent=13091"}],"wp:term":[{"taxonomy":"category","embeddable":true,"href":"https:\/\/construcaocivil.siriusmarketingedesign.com.br\/index.php?rest_route=%2Fwp%2Fv2%2Fcategories&post=13091"},{"taxonomy":"post_tag","embeddable":true,"href":"https:\/\/construcaocivil.siriusmarketingedesign.com.br\/index.php?rest_route=%2Fwp%2Fv2%2Ftags&post=13091"}],"curies":[{"name":"wp","href":"https:\/\/api.w.org\/{rel}","templated":true}]}}