{"id":13093,"date":"2020-01-12T12:45:13","date_gmt":"2020-01-12T14:45:13","guid":{"rendered":"https:\/\/www.jornaldaconstrucaocivil.com.br\/?p=13093"},"modified":"2020-01-12T12:45:13","modified_gmt":"2020-01-12T14:45:13","slug":"casacor-anuncia-datas-da-mostra-pelo-brasil","status":"publish","type":"post","link":"https:\/\/construcaocivil.siriusmarketingedesign.com.br\/?p=13093","title":{"rendered":"CASACOR anuncia datas da mostra pelo Brasil"},"content":{"rendered":"<div style=\"text-align: justify;\"><span style=\"color: #993300;\">Janeiro, 2020<\/span> &#8211; A inspira\u00e7\u00e3o para o tema deste ano nasceu da reflex\u00e3o sobre o mundo tecnol\u00f3gico e contempor\u00e2neo. Com o avan\u00e7o da modernidade, a necessidade de estar sempre conectado e em constante mudan\u00e7a, veio tamb\u00e9m a sensa\u00e7\u00e3o de instabilidade. Seja pelo \u00edmpeto de acompanhar os passos dessa r\u00e1pida evolu\u00e7\u00e3o ou pelo sentimento que brota das consequ\u00eancias que ela causa.<\/p>\n<\/div>\n<div style=\"text-align: justify;\">A\u00a0<span class=\"il\">Casa<\/span>\u00a0Original\u00a0vem\u00a0justamente da urg\u00eancia de encontrar uma\u00a0resposta\u00a0para essa\u00a0quest\u00e3o: por meio da criatividade e do retorno \u00e0s origens, buscando na terra, na ancestralidade e simplicidade, encontrar\u00a0um equil\u00edbrio entre o passado e o futuro.<\/p>\n<\/div>\n<div style=\"text-align: justify;\">Al\u00e9m do tema central do evento, algumas datas da mostra pelo Brasil tamb\u00e9m j\u00e1 foram confirmadas. Destaque especial para o retorno da\u00a0<span class=\"il\">CASACOR<\/span>\u00a0Mato Grosso do Sul, que promete novidades para a edi\u00e7\u00e3o. Confira abaixo a lista completa:<\/p>\n<\/div>\n<div style=\"text-align: justify;\"><span class=\"il\">CASACOR<\/span>\u00a0GOI\u00c1S<\/p>\n<\/div>\n<div style=\"text-align: justify;\">Per\u00edodo do Evento &#8211; 07\/05\/<span class=\"il\">2020<\/span>\u00a0\u00e0 17\/06\/<span class=\"il\">2020<\/span><\/p>\n<\/div>\n<div style=\"text-align: justify;\"><span class=\"il\">CASACOR<\/span>\u00a0PARAN\u00c1<\/p>\n<\/div>\n<div style=\"text-align: justify;\">Per\u00edodo do Evento &#8211; 23\/05\/<span class=\"il\">2020<\/span>\u00a0\u00e0 19\/07\/<span class=\"il\">2020<\/span><\/p>\n<\/div>\n<div style=\"text-align: justify;\"><span class=\"il\">CASACOR<\/span>\u00a0MATO GROSSO DO SUL<\/p>\n<\/div>\n<div style=\"text-align: justify;\">Per\u00edodo do Evento &#8211; 04\/06\/<span class=\"il\">2020<\/span>\u00a0\u00e0 19\/07\/<span class=\"il\">2020<\/span><\/p>\n<\/div>\n<div style=\"text-align: justify;\"><span class=\"il\">CASACOR<\/span>\u00a0PARA\u00cdBA<\/p>\n<\/div>\n<div style=\"text-align: justify;\">Per\u00edodo do Evento &#8211;\u00a015\/08\/<span class=\"il\">2020<\/span>\u00a0\u00e0 27\/09\/<span class=\"il\">2020<\/span><\/p>\n<\/div>\n<div style=\"text-align: justify;\"><span class=\"il\">CASACOR<\/span>\u00a0RIO DE JANEIRO<\/p>\n<\/div>\n<div style=\"text-align: justify;\">Per\u00edodo do Evento &#8211; 30\/08\/<span class=\"il\">2020<\/span>\u00a0\u00e0 12\/10\/<span class=\"il\">2020<\/span><\/p>\n<\/div>\n<div style=\"text-align: justify;\"><span class=\"il\">CASACOR<\/span>\u00a0BAHIA<\/p>\n<\/div>\n<div style=\"text-align: justify;\">Per\u00edodo do Evento &#8211; 01\/09\/<span class=\"il\">2020<\/span>\u00a0\u00e0 10\/10\/<span class=\"il\">2020<\/span><\/p>\n<\/div>\n<div style=\"text-align: justify;\"><span class=\"il\">CASACOR<\/span>\u00a0CEAR\u00c1<\/p>\n<\/div>\n<div style=\"text-align: justify;\">Per\u00edodo do Evento &#8211; 10\/09\/<span class=\"il\">2020<\/span>\u00a0\u00e0 20\/10\/<span class=\"il\">2020<\/span><\/p>\n<\/div>\n<div style=\"text-align: justify;\">*Datas sujeitas\u00a0a\u00a0altera\u00e7\u00e3o<\/div>\n<div><\/div>\n<div>Site <strong><span style=\"color: #0000ff;\">&#8211; www.casacor.com<\/span><\/strong><\/div>\n<div><\/div>\n<div>Fonte: Imprensa\/Casa\u00a0 Cor 2020<\/div>\n","protected":false},"excerpt":{"rendered":"<p>Janeiro, 2020 &#8211; A inspira\u00e7\u00e3o para o tema deste ano nasceu da reflex\u00e3o sobre o mundo tecnol\u00f3gico e contempor\u00e2neo. Com o avan\u00e7o da modernidade, a necessidade de estar sempre conectado e em constante mudan\u00e7a, veio tamb\u00e9m a sensa\u00e7\u00e3o de instabilidade. Seja pelo \u00edmpeto de acompanhar os passos dessa r\u00e1pida evolu\u00e7\u00e3o ou pelo sentimento que brota [&hellip;]<\/p>\n","protected":false},"author":1,"featured_media":13094,"comment_status":"open","ping_status":"open","sticky":false,"template":"","format":"standard","meta":{"_uag_custom_page_level_css":"","footnotes":""},"categories":[28],"tags":[18309,909,1340,18305,2046,13511,18308,18306,7916,10375,10581,10679,18307],"class_list":["post-13093","post","type-post","status-publish","format-standard","has-post-thumbnail","hentry","category-arquitetura","tag-arquitetos-e-designers-de-interiores","tag-arquitetos-e-urbanistas","tag-belo-horizonte-mg","tag-casacor-2020","tag-ceara","tag-design-de-interiores-e-paisagismo","tag-escritorios-modernos-e-arejados","tag-evento-da-arquitetura","tag-moveis-planejados","tag-rio-de-janeiro","tag-salvador","tag-sao-paulo-sp","tag-vendas-de-produtos-e-novidades-para-casa-e-decoracao"],"blocksy_meta":[],"spectra_blocks_featured_image_url":{"thumbnail":{"url":"https:\/\/construcaocivil.siriusmarketingedesign.com.br\/wp-content\/uploads\/2020\/01\/CC2019_24_06_19_Andrea-Benedetti_Carlinha_060-150x150.jpg","width":150,"height":150},"medium":{"url":"https:\/\/construcaocivil.siriusmarketingedesign.com.br\/wp-content\/uploads\/2020\/01\/CC2019_24_06_19_Andrea-Benedetti_Carlinha_060-300x200.jpg","width":300,"height":200},"medium_large":{"url":"https:\/\/construcaocivil.siriusmarketingedesign.com.br\/wp-content\/uploads\/2020\/01\/CC2019_24_06_19_Andrea-Benedetti_Carlinha_060-768x512.jpg","width":768,"height":512},"large":{"url":"https:\/\/construcaocivil.siriusmarketingedesign.com.br\/wp-content\/uploads\/2020\/01\/CC2019_24_06_19_Andrea-Benedetti_Carlinha_060-1024x683.jpg","width":1024,"height":683},"full":{"url":"https:\/\/construcaocivil.siriusmarketingedesign.com.br\/wp-content\/uploads\/2020\/01\/CC2019_24_06_19_Andrea-Benedetti_Carlinha_060-scaled.jpg","width":2560,"height":1706}},"spectra_blocks_author_info":{"display_name":"Jornal da Constru\u00e7\u00e3o Civil","avatar_url":"https:\/\/secure.gravatar.com\/avatar\/973c9774fd44ddaceb026973c4962faa70fc512bc4c9da68e8ebb40fecee6540?s=96&d=mm&r=g","author_link":"https:\/\/construcaocivil.siriusmarketingedesign.com.br\/?author=1","description":"Desde de 2013, levando muitas informa\u00e7\u00f5es, lan\u00e7amentos e produtos de qualidade para toda cadeia produtiva da constru\u00e7\u00e3o. O Futuro da constru\u00e7\u00e3o passa por aqui,"},"uagb_featured_image_src":{"full":["https:\/\/construcaocivil.siriusmarketingedesign.com.br\/wp-content\/uploads\/2020\/01\/CC2019_24_06_19_Andrea-Benedetti_Carlinha_060-scaled.jpg",2560,1706,false],"thumbnail":["https:\/\/construcaocivil.siriusmarketingedesign.com.br\/wp-content\/uploads\/2020\/01\/CC2019_24_06_19_Andrea-Benedetti_Carlinha_060-150x150.jpg",150,150,true],"medium":["https:\/\/construcaocivil.siriusmarketingedesign.com.br\/wp-content\/uploads\/2020\/01\/CC2019_24_06_19_Andrea-Benedetti_Carlinha_060-300x200.jpg",300,200,true],"medium_large":["https:\/\/construcaocivil.siriusmarketingedesign.com.br\/wp-content\/uploads\/2020\/01\/CC2019_24_06_19_Andrea-Benedetti_Carlinha_060-768x512.jpg",768,512,true],"large":["https:\/\/construcaocivil.siriusmarketingedesign.com.br\/wp-content\/uploads\/2020\/01\/CC2019_24_06_19_Andrea-Benedetti_Carlinha_060-1024x683.jpg",1024,683,true],"1536x1536":["https:\/\/construcaocivil.siriusmarketingedesign.com.br\/wp-content\/uploads\/2020\/01\/CC2019_24_06_19_Andrea-Benedetti_Carlinha_060-1536x1024.jpg",1536,1024,true],"2048x2048":["https:\/\/construcaocivil.siriusmarketingedesign.com.br\/wp-content\/uploads\/2020\/01\/CC2019_24_06_19_Andrea-Benedetti_Carlinha_060-2048x1365.jpg",2048,1365,true]},"uagb_author_info":{"display_name":"Jornal da Constru\u00e7\u00e3o Civil","author_link":"https:\/\/construcaocivil.siriusmarketingedesign.com.br\/?author=1"},"uagb_comment_info":0,"uagb_excerpt":"Janeiro, 2020 &#8211; A inspira\u00e7\u00e3o para o tema deste ano nasceu da reflex\u00e3o sobre o mundo tecnol\u00f3gico e contempor\u00e2neo. Com o avan\u00e7o da modernidade, a necessidade de estar sempre conectado e em constante mudan\u00e7a, veio tamb\u00e9m a sensa\u00e7\u00e3o de instabilidade. Seja pelo \u00edmpeto de acompanhar os passos dessa r\u00e1pida evolu\u00e7\u00e3o ou pelo sentimento que brota&hellip;","_links":{"self":[{"href":"https:\/\/construcaocivil.siriusmarketingedesign.com.br\/index.php?rest_route=\/wp\/v2\/posts\/13093","targetHints":{"allow":["GET"]}}],"collection":[{"href":"https:\/\/construcaocivil.siriusmarketingedesign.com.br\/index.php?rest_route=\/wp\/v2\/posts"}],"about":[{"href":"https:\/\/construcaocivil.siriusmarketingedesign.com.br\/index.php?rest_route=\/wp\/v2\/types\/post"}],"author":[{"embeddable":true,"href":"https:\/\/construcaocivil.siriusmarketingedesign.com.br\/index.php?rest_route=\/wp\/v2\/users\/1"}],"replies":[{"embeddable":true,"href":"https:\/\/construcaocivil.siriusmarketingedesign.com.br\/index.php?rest_route=%2Fwp%2Fv2%2Fcomments&post=13093"}],"version-history":[{"count":0,"href":"https:\/\/construcaocivil.siriusmarketingedesign.com.br\/index.php?rest_route=\/wp\/v2\/posts\/13093\/revisions"}],"wp:featuredmedia":[{"embeddable":true,"href":"https:\/\/construcaocivil.siriusmarketingedesign.com.br\/index.php?rest_route=\/wp\/v2\/media\/13094"}],"wp:attachment":[{"href":"https:\/\/construcaocivil.siriusmarketingedesign.com.br\/index.php?rest_route=%2Fwp%2Fv2%2Fmedia&parent=13093"}],"wp:term":[{"taxonomy":"category","embeddable":true,"href":"https:\/\/construcaocivil.siriusmarketingedesign.com.br\/index.php?rest_route=%2Fwp%2Fv2%2Fcategories&post=13093"},{"taxonomy":"post_tag","embeddable":true,"href":"https:\/\/construcaocivil.siriusmarketingedesign.com.br\/index.php?rest_route=%2Fwp%2Fv2%2Ftags&post=13093"}],"curies":[{"name":"wp","href":"https:\/\/api.w.org\/{rel}","templated":true}]}}