{"id":13146,"date":"2020-01-27T14:24:38","date_gmt":"2020-01-27T16:24:38","guid":{"rendered":"https:\/\/www.jornaldaconstrucaocivil.com.br\/?p=13146"},"modified":"2020-01-27T14:24:38","modified_gmt":"2020-01-27T16:24:38","slug":"cau-rj-lanca-podcast-perspectiva","status":"publish","type":"post","link":"https:\/\/construcaocivil.siriusmarketingedesign.com.br\/?p=13146","title":{"rendered":"CAU\/RJ lan\u00e7a podcast Perspectiva"},"content":{"rendered":"<div>\n<p style=\"text-align: justify;\"><span style=\"color: #993300;\">Janeiro, 2020<\/span> &#8211; O Conselho de Arquitetura e Urbanismo do Rio de Janeiro (CAU\/RJ) estreou na quarta-feira, 22 de janeiro, novo canal de comunica\u00e7\u00e3o: o podcast Perspectiva. Mensalmente, o CAU\/RJ entrevistar\u00e1 convidados com o objetivo de fazer uma reflex\u00e3o mais profunda de temas relevantes n\u00e3o s\u00f3 para a profiss\u00e3o, mas para a cidade.<\/p>\n<p style=\"text-align: justify;\">Para quem ainda n\u00e3o conhece, podcast \u00e9 como um programa de r\u00e1dio que pode ser ouvido a qualquer hora, por meio de sites, plataformas de m\u00fasica ou aplicativos. O podcast Perspectiva est\u00e1 dispon\u00edvel no Spotify e Deezer, e no site do Conselho. Em breve, os programas ser\u00e3o exibidos no canal do CAU\/RJ no Youtube, com legendas, visando a garantir acessibilidade.<\/p>\n<p style=\"text-align: justify;\">&#8220;A iniciativa \u00e9 mais uma forma de nos aproximar dos arquitetos e urbanistas e, principalmente, da sociedade. \u00c9 um espa\u00e7o muito bem-vindo&#8221;, afirmou o presidente do CAU\/RJ, Jeferson Salazar.<\/p>\n<p style=\"text-align: justify;\">A primeira edi\u00e7\u00e3o do podcast Perspectiva contou com a participa\u00e7\u00e3o do presidente do Departamento Rio de Janeiro do Instituto de Arquitetos do Brasil (IAB-RJ), Igor de Vetyemy; do presidente do Sindicato dos Arquitetos e Urbanistas no Estado do Rio de Janeiro (Sarj), Rodrigo Bertam\u00e9 e do gerente de Fiscaliza\u00e7\u00e3o do CAU\/RJ, Rodrigo Abbade, al\u00e9m dos apresentadores, Marta Valim e Nicolas Braga, assessores de comunica\u00e7\u00e3o do Conselho.<\/p>\n<p style=\"text-align: justify;\">O edital do concurso para a Secretaria Municipal de Urbanismo e Mobilidade de Niter\u00f3i, a valoriza\u00e7\u00e3o profissional e a rec\u00e9m-inaugurada Esta\u00e7\u00e3o Comandante Ferraz, na Ant\u00e1rtica, foram alguns dos temas abordados no bate-papo. O pr\u00f3ximo programa falar\u00e1 sobre Carnaval, arquitetura e cultura. Sugest\u00f5es de temas para os pr\u00f3ximos programas podem ser enviadas para o e-mail<span style=\"color: #0000ff;\"> comunicacao@caurj.gov.br<\/span><\/p>\n<\/div>\n<div><\/div>\n<div>Para ouvir o podcast Perspectiva:<\/div>\n<div>Site do CAU\/RJ:\u00a0<span style=\"color: #0000ff;\"><a style=\"color: #0000ff;\" href=\"https:\/\/www.caurj.gov.br\/caurj_lanca_podcast_perspectiva\/\" target=\"_blank\" rel=\"noopener noreferrer\">https:\/\/www.caurj.gov.br\/caurj_lanca_podcast_perspectiva\/<\/a><\/span><\/div>\n<div>Spotify:<span style=\"color: #0000ff;\">\u00a0<a id=\"LPlnk460953\" style=\"color: #0000ff;\" href=\"https:\/\/bit.ly\/perspectivaspotify?fbclid=IwAR1NdIP2rt9zI2D5b0hYRPpCVSXNkx0dyFuYQRu14l9GNNhnAQAho-gCwmE\" target=\"_blank\" rel=\"noopener noreferrer\">bit.ly\/perspectivaspotify<\/a><\/span><\/div>\n<div>Deezer:\u00a0<span style=\"color: #0000ff;\"><a id=\"LPlnk929491\" style=\"color: #0000ff;\" href=\"https:\/\/bit.ly\/perspectivadeezer?fbclid=IwAR3509sP2Sylfj_5Bcpmf6TrpNiAqKkZirUWzdV8rg8UplvJGeNWYqq36nk\" target=\"_blank\" rel=\"noopener noreferrer\">http:\/\/bit.ly\/perspectivadeezer<\/a><\/span><\/div>\n","protected":false},"excerpt":{"rendered":"<p>Janeiro, 2020 &#8211; O Conselho de Arquitetura e Urbanismo do Rio de Janeiro (CAU\/RJ) estreou na quarta-feira, 22 de janeiro, novo canal de comunica\u00e7\u00e3o: o podcast Perspectiva. Mensalmente, o CAU\/RJ entrevistar\u00e1 convidados com o objetivo de fazer uma reflex\u00e3o mais profunda de temas relevantes n\u00e3o s\u00f3 para a profiss\u00e3o, mas para a cidade. Para quem [&hellip;]<\/p>\n","protected":false},"author":1,"featured_media":13147,"comment_status":"open","ping_status":"open","sticky":false,"template":"","format":"standard","meta":{"_uag_custom_page_level_css":"","footnotes":""},"categories":[27],"tags":[909,1537,2020,18368,8287,18367,10375],"class_list":["post-13146","post","type-post","status-publish","format-standard","has-post-thumbnail","hentry","category-acontece","tag-arquitetos-e-urbanistas","tag-brasil-economia","tag-caurj","tag-cenarios-e-mudancas-mercado","tag-novos-negocios","tag-podcast-perspectiva-arquitetos-e-urbanistas","tag-rio-de-janeiro"],"blocksy_meta":[],"spectra_blocks_featured_image_url":{"thumbnail":{"url":"https:\/\/construcaocivil.siriusmarketingedesign.com.br\/wp-content\/uploads\/2020\/01\/CAU-150x150.jpg","width":150,"height":150},"medium":{"url":"https:\/\/construcaocivil.siriusmarketingedesign.com.br\/wp-content\/uploads\/2020\/01\/CAU-300x300.jpg","width":300,"height":300},"medium_large":{"url":"https:\/\/construcaocivil.siriusmarketingedesign.com.br\/wp-content\/uploads\/2020\/01\/CAU-768x768.jpg","width":768,"height":768},"large":{"url":"https:\/\/construcaocivil.siriusmarketingedesign.com.br\/wp-content\/uploads\/2020\/01\/CAU-1024x1024.jpg","width":1024,"height":1024},"full":{"url":"https:\/\/construcaocivil.siriusmarketingedesign.com.br\/wp-content\/uploads\/2020\/01\/CAU.jpg","width":1400,"height":1400}},"spectra_blocks_author_info":{"display_name":"Jornal da Constru\u00e7\u00e3o Civil","avatar_url":"https:\/\/secure.gravatar.com\/avatar\/973c9774fd44ddaceb026973c4962faa70fc512bc4c9da68e8ebb40fecee6540?s=96&d=mm&r=g","author_link":"https:\/\/construcaocivil.siriusmarketingedesign.com.br\/?author=1","description":"Desde de 2013, levando muitas informa\u00e7\u00f5es, lan\u00e7amentos e produtos de qualidade para toda cadeia produtiva da constru\u00e7\u00e3o. O Futuro da constru\u00e7\u00e3o passa por aqui,"},"uagb_featured_image_src":{"full":["https:\/\/construcaocivil.siriusmarketingedesign.com.br\/wp-content\/uploads\/2020\/01\/CAU.jpg",1400,1400,false],"thumbnail":["https:\/\/construcaocivil.siriusmarketingedesign.com.br\/wp-content\/uploads\/2020\/01\/CAU-150x150.jpg",150,150,true],"medium":["https:\/\/construcaocivil.siriusmarketingedesign.com.br\/wp-content\/uploads\/2020\/01\/CAU-300x300.jpg",300,300,true],"medium_large":["https:\/\/construcaocivil.siriusmarketingedesign.com.br\/wp-content\/uploads\/2020\/01\/CAU-768x768.jpg",768,768,true],"large":["https:\/\/construcaocivil.siriusmarketingedesign.com.br\/wp-content\/uploads\/2020\/01\/CAU-1024x1024.jpg",1024,1024,true],"1536x1536":["https:\/\/construcaocivil.siriusmarketingedesign.com.br\/wp-content\/uploads\/2020\/01\/CAU.jpg",1400,1400,false],"2048x2048":["https:\/\/construcaocivil.siriusmarketingedesign.com.br\/wp-content\/uploads\/2020\/01\/CAU.jpg",1400,1400,false]},"uagb_author_info":{"display_name":"Jornal da Constru\u00e7\u00e3o Civil","author_link":"https:\/\/construcaocivil.siriusmarketingedesign.com.br\/?author=1"},"uagb_comment_info":0,"uagb_excerpt":"Janeiro, 2020 &#8211; O Conselho de Arquitetura e Urbanismo do Rio de Janeiro (CAU\/RJ) estreou na quarta-feira, 22 de janeiro, novo canal de comunica\u00e7\u00e3o: o podcast Perspectiva. Mensalmente, o CAU\/RJ entrevistar\u00e1 convidados com o objetivo de fazer uma reflex\u00e3o mais profunda de temas relevantes n\u00e3o s\u00f3 para a profiss\u00e3o, mas para a cidade. Para quem&hellip;","_links":{"self":[{"href":"https:\/\/construcaocivil.siriusmarketingedesign.com.br\/index.php?rest_route=\/wp\/v2\/posts\/13146","targetHints":{"allow":["GET"]}}],"collection":[{"href":"https:\/\/construcaocivil.siriusmarketingedesign.com.br\/index.php?rest_route=\/wp\/v2\/posts"}],"about":[{"href":"https:\/\/construcaocivil.siriusmarketingedesign.com.br\/index.php?rest_route=\/wp\/v2\/types\/post"}],"author":[{"embeddable":true,"href":"https:\/\/construcaocivil.siriusmarketingedesign.com.br\/index.php?rest_route=\/wp\/v2\/users\/1"}],"replies":[{"embeddable":true,"href":"https:\/\/construcaocivil.siriusmarketingedesign.com.br\/index.php?rest_route=%2Fwp%2Fv2%2Fcomments&post=13146"}],"version-history":[{"count":0,"href":"https:\/\/construcaocivil.siriusmarketingedesign.com.br\/index.php?rest_route=\/wp\/v2\/posts\/13146\/revisions"}],"wp:featuredmedia":[{"embeddable":true,"href":"https:\/\/construcaocivil.siriusmarketingedesign.com.br\/index.php?rest_route=\/wp\/v2\/media\/13147"}],"wp:attachment":[{"href":"https:\/\/construcaocivil.siriusmarketingedesign.com.br\/index.php?rest_route=%2Fwp%2Fv2%2Fmedia&parent=13146"}],"wp:term":[{"taxonomy":"category","embeddable":true,"href":"https:\/\/construcaocivil.siriusmarketingedesign.com.br\/index.php?rest_route=%2Fwp%2Fv2%2Fcategories&post=13146"},{"taxonomy":"post_tag","embeddable":true,"href":"https:\/\/construcaocivil.siriusmarketingedesign.com.br\/index.php?rest_route=%2Fwp%2Fv2%2Ftags&post=13146"}],"curies":[{"name":"wp","href":"https:\/\/api.w.org\/{rel}","templated":true}]}}