{"id":13163,"date":"2020-01-31T14:01:27","date_gmt":"2020-01-31T16:01:27","guid":{"rendered":"https:\/\/www.jornaldaconstrucaocivil.com.br\/?p=13163"},"modified":"2020-01-31T14:01:27","modified_gmt":"2020-01-31T16:01:27","slug":"desastre-ambiental-1-ano-da-tragedia-em-brumadinho","status":"publish","type":"post","link":"https:\/\/construcaocivil.siriusmarketingedesign.com.br\/?p=13163","title":{"rendered":"Desastre Ambiental: 1 ano da trag\u00e9dia em Brumadinho"},"content":{"rendered":"<p style=\"text-align: justify;\"><span style=\"color: #993300;\">Janeiro, 2020 &#8211;<\/span> Perder tudo em um piscar de olhos, ver seus sonhos sendo enterramos em um rio de lama e n\u00e3o ter condi\u00e7\u00f5es de recome\u00e7ar: esse \u00e9 um breve resumo da situa\u00e7\u00e3o dos agricultores e agricultoras familiares da regi\u00e3o atingida pelo rompimento da barragem do C\u00f3rrego do Feij\u00e3o, em Brumadinho\/MG.<\/p>\n<p style=\"text-align: justify;\">Ap\u00f3s um ano do crime cometido pela Vale, quem produzia alimentos, comercializava a produ\u00e7\u00e3o e vivia com qualidade de vida e boa renda, agora depende de um aux\u00edlio no valor de um sal\u00e1rio m\u00ednimo para sobreviver e sem ter condi\u00e7\u00f5es de recome\u00e7ar, de arcar com os compromissos e, tampouco, liquidar financiamento do cr\u00e9dito rural contra\u00eddo para investir na produ\u00e7\u00e3o agr\u00edcola.<\/p>\n<p style=\"text-align: justify;\">O agricultor familiar Israel Nunes Barbosa, que teve a sua propriedade devastada pela lama t\u00f3xica, se encaixa nessa situa\u00e7\u00e3o. \u201cNo dia 25, por volta de 12h30, 13h00, escutamos um barulho muito forte de pau quebrando, poeira levantando, foi a\u00ed que a gente percebeu que a lama j\u00e1 estava invadindo a nossa horta e a gente teve que sair correndo, todo mundo saiu gritando e, gra\u00e7as a Deus, a nossa fam\u00edlia conseguiu se salvar. Mas, fomos afetados por esse crime da Vale, como todos os agricultores da regi\u00e3o, pois dependemos da nossa terra para trabalhar e sobreviver. N\u00e3o sabemos fazer outra coisa a n\u00e3o ser trabalhar na ro\u00e7a, na terra\u201d.<\/p>\n<p style=\"text-align: justify;\">Por conta da perda de toda a produ\u00e7\u00e3o agr\u00edcola, Israel e a fam\u00edlia est\u00e3o endividados, pois n\u00e3o conseguem liquidar o financiamento do cr\u00e9dito do Pronaf. \u201cN\u00f3s contra\u00edmos o cr\u00e9dito rural junto ao banco para investir na produ\u00e7\u00e3o e, hoje, nos encontramos nessa situa\u00e7\u00e3o: perdemos tudo, n\u00e3o temos condi\u00e7\u00f5es de estar arcando com os nossos compromissos, bem como as demais fam\u00edlias que tamb\u00e9m acessaram o Pronaf, temos contas para pagar e n\u00e3o temos condi\u00e7\u00f5es para trabalhar. Onde a lama n\u00e3o invadiu, tamb\u00e9m perdemos tudo, pois n\u00e3o tem \u00e1gua e as bombas para irriga\u00e7\u00e3o ficaram debaixo da lama\u201d, relata o agricultor, que completa: \u201cOs nossos sonhos ficaram enterrados nessa lama.\u201d<\/p>\n<p><span style=\"color: #993300;\"><em>Leia a reportagem especial na \u00edntegra sobre a situa\u00e7\u00e3o dos agricultores e agricultoras familiares de Brumadinho no <span style=\"color: #0000ff;\">PORTAL DA\u00a0<span class=\"il\">CONTAG<\/span>:<\/span><\/em><\/span><\/p>\n<p><span style=\"color: #0000ff;\"><a style=\"color: #0000ff;\" href=\"https:\/\/bit.ly\/3aTQrwc\" target=\"_blank\" rel=\"noopener noreferrer\" data-saferedirecturl=\"https:\/\/www.google.com\/url?q=https:\/\/bit.ly\/3aTQrwc&amp;source=gmail&amp;ust=1580572374500000&amp;usg=AFQjCNEgy7UuZP_-w3sDu9FtotKP4ccthg\">https:\/\/bit.ly\/3aTQrwc<\/a><\/span><\/p>\n","protected":false},"excerpt":{"rendered":"<p>Janeiro, 2020 &#8211; Perder tudo em um piscar de olhos, ver seus sonhos sendo enterramos em um rio de lama e n\u00e3o ter condi\u00e7\u00f5es de recome\u00e7ar: esse \u00e9 um breve resumo da situa\u00e7\u00e3o dos agricultores e agricultoras familiares da regi\u00e3o atingida pelo rompimento da barragem do C\u00f3rrego do Feij\u00e3o, em Brumadinho\/MG. Ap\u00f3s um ano do [&hellip;]<\/p>\n","protected":false},"author":1,"featured_media":13164,"comment_status":"open","ping_status":"open","sticky":false,"template":"","format":"standard","meta":{"_uag_custom_page_level_css":"","footnotes":""},"categories":[37],"tags":[528,18391,14823,17449,18388,14022,18389,18387,18390],"class_list":["post-13163","post","type-post","status-publish","format-standard","has-post-thumbnail","hentry","category-sustentabilidade","tag-agricultores-familiares","tag-agricultores-sem-credito-do-pronaf","tag-brumadinho-mg","tag-contag","tag-mineradora-vale-crime-ambiental","tag-mpf-mg","tag-rompimento-da-barragem-do-corrego-do-feijao","tag-vale-crime-ambiental","tag-vitimas-ainda-sem-atencao-da-vale"],"blocksy_meta":[],"spectra_blocks_featured_image_url":{"thumbnail":{"url":"https:\/\/construcaocivil.siriusmarketingedesign.com.br\/wp-content\/uploads\/2020\/01\/CONTAG-150x150.jpg","width":150,"height":150},"medium":{"url":"https:\/\/construcaocivil.siriusmarketingedesign.com.br\/wp-content\/uploads\/2020\/01\/CONTAG-300x189.jpg","width":300,"height":189},"medium_large":{"url":"https:\/\/construcaocivil.siriusmarketingedesign.com.br\/wp-content\/uploads\/2020\/01\/CONTAG-768x483.jpg","width":768,"height":483},"large":{"url":"https:\/\/construcaocivil.siriusmarketingedesign.com.br\/wp-content\/uploads\/2020\/01\/CONTAG.jpg","width":959,"height":603},"full":{"url":"https:\/\/construcaocivil.siriusmarketingedesign.com.br\/wp-content\/uploads\/2020\/01\/CONTAG.jpg","width":959,"height":603}},"spectra_blocks_author_info":{"display_name":"Jornal da Constru\u00e7\u00e3o Civil","avatar_url":"https:\/\/secure.gravatar.com\/avatar\/973c9774fd44ddaceb026973c4962faa70fc512bc4c9da68e8ebb40fecee6540?s=96&d=mm&r=g","author_link":"https:\/\/construcaocivil.siriusmarketingedesign.com.br\/?author=1","description":"Desde de 2013, levando muitas informa\u00e7\u00f5es, lan\u00e7amentos e produtos de qualidade para toda cadeia produtiva da constru\u00e7\u00e3o. O Futuro da constru\u00e7\u00e3o passa por aqui,"},"uagb_featured_image_src":{"full":["https:\/\/construcaocivil.siriusmarketingedesign.com.br\/wp-content\/uploads\/2020\/01\/CONTAG.jpg",959,603,false],"thumbnail":["https:\/\/construcaocivil.siriusmarketingedesign.com.br\/wp-content\/uploads\/2020\/01\/CONTAG-150x150.jpg",150,150,true],"medium":["https:\/\/construcaocivil.siriusmarketingedesign.com.br\/wp-content\/uploads\/2020\/01\/CONTAG-300x189.jpg",300,189,true],"medium_large":["https:\/\/construcaocivil.siriusmarketingedesign.com.br\/wp-content\/uploads\/2020\/01\/CONTAG-768x483.jpg",768,483,true],"large":["https:\/\/construcaocivil.siriusmarketingedesign.com.br\/wp-content\/uploads\/2020\/01\/CONTAG.jpg",959,603,false],"1536x1536":["https:\/\/construcaocivil.siriusmarketingedesign.com.br\/wp-content\/uploads\/2020\/01\/CONTAG.jpg",959,603,false],"2048x2048":["https:\/\/construcaocivil.siriusmarketingedesign.com.br\/wp-content\/uploads\/2020\/01\/CONTAG.jpg",959,603,false]},"uagb_author_info":{"display_name":"Jornal da Constru\u00e7\u00e3o Civil","author_link":"https:\/\/construcaocivil.siriusmarketingedesign.com.br\/?author=1"},"uagb_comment_info":0,"uagb_excerpt":"Janeiro, 2020 &#8211; Perder tudo em um piscar de olhos, ver seus sonhos sendo enterramos em um rio de lama e n\u00e3o ter condi\u00e7\u00f5es de recome\u00e7ar: esse \u00e9 um breve resumo da situa\u00e7\u00e3o dos agricultores e agricultoras familiares da regi\u00e3o atingida pelo rompimento da barragem do C\u00f3rrego do Feij\u00e3o, em Brumadinho\/MG. Ap\u00f3s um ano do&hellip;","_links":{"self":[{"href":"https:\/\/construcaocivil.siriusmarketingedesign.com.br\/index.php?rest_route=\/wp\/v2\/posts\/13163","targetHints":{"allow":["GET"]}}],"collection":[{"href":"https:\/\/construcaocivil.siriusmarketingedesign.com.br\/index.php?rest_route=\/wp\/v2\/posts"}],"about":[{"href":"https:\/\/construcaocivil.siriusmarketingedesign.com.br\/index.php?rest_route=\/wp\/v2\/types\/post"}],"author":[{"embeddable":true,"href":"https:\/\/construcaocivil.siriusmarketingedesign.com.br\/index.php?rest_route=\/wp\/v2\/users\/1"}],"replies":[{"embeddable":true,"href":"https:\/\/construcaocivil.siriusmarketingedesign.com.br\/index.php?rest_route=%2Fwp%2Fv2%2Fcomments&post=13163"}],"version-history":[{"count":0,"href":"https:\/\/construcaocivil.siriusmarketingedesign.com.br\/index.php?rest_route=\/wp\/v2\/posts\/13163\/revisions"}],"wp:featuredmedia":[{"embeddable":true,"href":"https:\/\/construcaocivil.siriusmarketingedesign.com.br\/index.php?rest_route=\/wp\/v2\/media\/13164"}],"wp:attachment":[{"href":"https:\/\/construcaocivil.siriusmarketingedesign.com.br\/index.php?rest_route=%2Fwp%2Fv2%2Fmedia&parent=13163"}],"wp:term":[{"taxonomy":"category","embeddable":true,"href":"https:\/\/construcaocivil.siriusmarketingedesign.com.br\/index.php?rest_route=%2Fwp%2Fv2%2Fcategories&post=13163"},{"taxonomy":"post_tag","embeddable":true,"href":"https:\/\/construcaocivil.siriusmarketingedesign.com.br\/index.php?rest_route=%2Fwp%2Fv2%2Ftags&post=13163"}],"curies":[{"name":"wp","href":"https:\/\/api.w.org\/{rel}","templated":true}]}}