{"id":13188,"date":"2020-02-04T14:12:02","date_gmt":"2020-02-04T16:12:02","guid":{"rendered":"https:\/\/www.jornaldaconstrucaocivil.com.br\/?p=13188"},"modified":"2020-02-04T14:12:02","modified_gmt":"2020-02-04T16:12:02","slug":"15-mil-petroleiros-parados-no-terceiro-dia-de-greve-que-ja-chega-em-12-estados","status":"publish","type":"post","link":"https:\/\/construcaocivil.siriusmarketingedesign.com.br\/?p=13188","title":{"rendered":"15 mil petroleiros parados no terceiro dia de greve, que j\u00e1 chega em 12 estados"},"content":{"rendered":"<p style=\"text-align: justify;\"><span style=\"color: #993300;\">Fevereiro de 2020\u00a0<\/span>\u2013 No terceiro dia da greve nacional promovida pela Federa\u00e7\u00e3o \u00danica dos Petroleiros (FUP), cerca de 14.750 trabalhadores aderiram \u00e0 paralisa\u00e7\u00e3o, o que representa 80% do total de 18.434 trabalhadores lotados nos locais onde acontecem os movimentos. S\u00e3o 28 bases envolvidas, de 12 estados: AM, CE, BA, MG, SP, PE, RJ, PR, RS, CE, ES (abaixo lista completa).<\/p>\n<p style=\"text-align: justify;\">Durante o dia, ocorreram atos e acampamentos em diversas unidades da Petrobr\u00e1s por todo o pa\u00eds. Destaque para ato na sede administrativa da empresa, o edif\u00edcio-sede (Edise), no Rio de Janeiro, onde a Comiss\u00e3o de Negocia\u00e7\u00e3o Permanente da FUP segue desde o fim de sexta-feira (31\/1), cobrando interlocu\u00e7\u00e3o com a gest\u00e3o da empresa para suspender as demiss\u00f5es em massa no Paran\u00e1 e outras medidas unilaterais que descumprem o Acordo Coletivo de Trabalho (ACT).<\/p>\n<figure id=\"attachment_13190\" aria-describedby=\"caption-attachment-13190\" style=\"width: 300px\" class=\"wp-caption alignleft\"><img loading=\"lazy\" decoding=\"async\" class=\"size-medium wp-image-13190\" src=\"https:\/\/www.jornaldaconstrucaocivil.com.br\/wp-content\/uploads\/2020\/02\/FUP-300x150.jpg\" alt=\"\" width=\"300\" height=\"150\" srcset=\"https:\/\/construcaocivil.siriusmarketingedesign.com.br\/wp-content\/uploads\/2020\/02\/FUP-300x150.jpg 300w, https:\/\/construcaocivil.siriusmarketingedesign.com.br\/wp-content\/uploads\/2020\/02\/FUP-1024x514.jpg 1024w, https:\/\/construcaocivil.siriusmarketingedesign.com.br\/wp-content\/uploads\/2020\/02\/FUP-768x385.jpg 768w, https:\/\/construcaocivil.siriusmarketingedesign.com.br\/wp-content\/uploads\/2020\/02\/FUP.jpg 1280w\" sizes=\"auto, (max-width: 300px) 100vw, 300px\" \/><figcaption id=\"caption-attachment-13190\" class=\"wp-caption-text\">Ordem da mesa: Devyd Bacelar, Ademir Jacinto, Tadeu Porto, Cibele Vieira, Jos\u00e9 Genivaldo da Silva. Foto: FUP<\/figcaption><\/figure>\n<p style=\"text-align: justify;\">Participaram da mobiliza\u00e7\u00e3o cerca de 200 pessoas, entre elas trabalhadores da Fafen-PR e suas fam\u00edlias, que chegaram no Rio de Janeiro na tarde de ontem, para cobrar \u2013 na porta da empresa \u2013 resolu\u00e7\u00f5es dos seus pleitos. Tamb\u00e9m participaram do ato representantes de movimentos sociais e pol\u00edticos, al\u00e9m dos petroleiros em greve.<\/p>\n<p style=\"text-align: justify;\">Durante o ato, seguran\u00e7as da Petrobr\u00e1s proibiram a entrada de alimentos e \u00e1gua para os representantes da FUP, \u00e0 revelia da decis\u00e3o do TRT, que determinou o ato legal durante o final de semana. Os deputados federais Jandira Feghali e Glauber Braga tamb\u00e9m tiveram seu acesso negado. Jandira declarou que ir\u00e1 entrar com a\u00e7\u00e3o contra a diretoria da Petrobr\u00e1s, por ter agido de forma inconstitucional.<\/p>\n<p style=\"text-align: justify;\">De acordo o diretor da FUP, Devyd Barcelar, ap\u00f3s press\u00e3o da sociedade e diversas manifesta\u00e7\u00f5es de apoio em todo territ\u00f3rio nacional, a gest\u00e3o da companhia voltou atr\u00e1s e permitiu agora, no fim do dia, a entrada de comida e bebida para os diretores da FUP e do Sindiqu\u00edmica-PR que ocupam o pr\u00e9dio \u2013 al\u00e9m do pr\u00f3prio Deyvid, integram a Comiss\u00e3o Permanente de Negocia\u00e7\u00e3o Cibele Vieira, Tadeu Porto, Jos\u00e9 Genivaldo da Silva e Ademir Jacinto.<\/p>\n<p style=\"text-align: justify;\">\u201cContinuaremos resistindo e exigindo que a Petrobr\u00e1s sente \u00e0 mesa para dialogar conosco. N\u00e3o iremos aceitar calados o desmonte da companhia, demiss\u00f5es em massa e n\u00e3o cumprimento das cl\u00e1usulas do Acordo Coletivo\u201d, afirmou Barcelar.<\/p>\n<p style=\"text-align: justify;\">No in\u00edcio da noite de hoje\u00a0a FUP surpreendeu e projetou\u00a0no edif\u00edcio sede da Petrobr\u00e1s algumas frases de resist\u00eancia, com motes que vem defendendo durante a greve: Privatiza\u00e7\u00e3o da Petrobr\u00e1s, isso \u00e9 da sua conta!,\u00a0FAFEN-PR resiste, Defender a Petrobras \u00e9 defender o Brasil.<\/p>\n<p style=\"text-align: justify;\"><strong>Reinvindica\u00e7\u00f5es<\/strong><\/p>\n<p style=\"text-align: justify;\">A FUP reivindica a suspens\u00e3o imediata do programa de demiss\u00f5es de 1.000 funcion\u00e1rios da Fafen-PR, comunicado pela Petrobr\u00e1s e que, segundo a empresa, ser\u00e1 iniciado em 14 de fevereiro. As demiss\u00f5es ferem a cl\u00e1usula 26 do ACT, que determina que qualquer demiss\u00e3o em massa deve ser negociada previamente com os sindicatos, o que n\u00e3o ocorreu.<\/p>\n<p style=\"text-align: justify;\">Al\u00e9m disso, os petroleiros querem que a Petrobr\u00e1s estabele\u00e7a todos os grupos de trabalho (GTs) determinados no ACT para negociar pontos que n\u00e3o foram consensuais entre a empresa e a categoria. Esses pontos envolvem a tabela de turno dos trabalhadores da Petrobr\u00e1s; o banco de horas; o plano de sa\u00fade; e a participa\u00e7\u00e3o nos lucros e resultados (PLR). Ainda que j\u00e1 tenha aberto alguns GTs, a empresa tem tomado decis\u00f5es por conta pr\u00f3pria, sem o devido di\u00e1logo com os sindicatos nesses ambientes, como determinado pelo ACT.<\/p>\n<p><strong>Unidades que aderiram \u00e0 greve nacional &#8211;\u00a0<\/strong><strong>03\/02<\/strong><\/p>\n<p><strong>Amazonas<\/strong><\/p>\n<p>Refinaria de Manaus (Reman) &#8211; sem rendi\u00e7\u00e3o no turno desde \u00e0s 23h30 de 31\/01<\/p>\n<p><strong>Rio Grande do Norte<\/strong><\/p>\n<p>Polo de Guamar\u00e9 &#8211; trabalhadores aprovaram indicativo de suspens\u00e3o de PT&#8217;s a partir das 00:00h desta ter\u00e7a,\u00a004\/02<\/p>\n<p>Base 34 &#8211; trabalhadores em estado de greve<\/p>\n<p><strong>Cear\u00e1<\/strong><\/p>\n<p>Terminal da Transpetro em Mucuripe &#8211; ades\u00e3o parcial dos trabalhadores nesta segunda (03)<\/p>\n<p>Temel\u00e9trica TermoCear\u00e1 &#8211; sem rendi\u00e7\u00e3o no turno desde \u00e0s 15h de 02\/02<\/p>\n<p>F\u00e1brica de Lubrificantes do Nordeste (Lubnor) \u2013 sem rendi\u00e7\u00e3o no turno desde \u00e0s 23h de 31\/01<\/p>\n<p><strong>Pernambuco<\/strong><\/p>\n<p>Refinaria Abreu e Lima (Rnest) \u2013 sem rendi\u00e7\u00e3o no turno desde a zero hora de 01\/02 com 100% de ades\u00e3o dos trabalhadores<\/p>\n<p>Terminal Aquavi\u00e1rio de Suape &#8211; sem rendi\u00e7\u00e3o no turno desde a zero hora de 01\/02 com 100% de ades\u00e3o dos trabalhadores<\/p>\n<p><strong>Bahia<\/strong><\/p>\n<p>Refinaria Landulpho Alves (Rlam) &#8211; sem rendi\u00e7\u00e3o no turno desde \u00e0s 23h de 31\/01<\/p>\n<p>Terminal Madre de Deus \u2013 sem rendi\u00e7\u00e3o no turno desde as 07h de 01\/02<\/p>\n<p>Nos campos de produ\u00e7\u00e3o, est\u00e3o sendo realizados piquetes permanentes at\u00e9 \u00e0s 15h, com ades\u00e3o dos trabalhadores pr\u00f3prios e terceirizados<\/p>\n<p><strong>Esp\u00edrito Santo<\/strong><\/p>\n<p>Base 61, polo de produ\u00e7\u00e3o terrestre em S\u00e3o Mateus &#8211; 100% de participa\u00e7\u00e3o dos trabalhadores terceirizados e pr\u00f3prios<\/p>\n<p><strong>Minas Gerais<\/strong><\/p>\n<p>Termel\u00e9trica de Ibirit\u00e9 (UTE-Ibirit\u00e9) \u2013 sem rendi\u00e7\u00e3o no turno desde a zero hora de 01\/02<\/p>\n<p>Refinaria Gabriel Passos (Regap) &#8211; sem rendi\u00e7\u00e3o no turno desde \u00e0s 23h30 de 31\/01<\/p>\n<p><strong>Rio de Janeiro<\/strong><\/p>\n<p>Refinaria Duque de Caxias (Reduc) &#8211; sem rendi\u00e7\u00e3o no turno desde a zero hora 01\/02<\/p>\n<p>Norte Fluminense \u2013 atrasos de 2 horas em todas as bases de terra, em Maca\u00e9; as plataformas est\u00e3o seguindo a orienta\u00e7\u00e3o do Sindicato de realizar levantamento de pend\u00eancias de seguran\u00e7a, efetivo e se houve embarque de equipes de conting\u00eancia a bordo<\/p>\n<p><strong>S\u00e3o Paulo<\/strong><\/p>\n<p>Terminal de Barueri \u2013 ades\u00e3o dos trabalhadores na manh\u00e3 do dia 03\/02<\/p>\n<p>Refinaria de Paul\u00ednia (Replan) &#8211; sem rendi\u00e7\u00e3o no turno desde \u00e0s 23h30 de 31\/01<\/p>\n<p>Refinaria de Capuava, em Mau\u00e1 (Recap) &#8211; sem rendi\u00e7\u00e3o no turno desde a zero hora 01\/02<\/p>\n<p>Refinaria Henrique Lages, em S\u00e3o Jos\u00e9 dos Campos (Revap) \u2013 cortes alternados nos turnos<\/p>\n<p>Presidente Bernardes, em Cubat\u00e3o (RPBC) \u2013 cortes alternados nos turnos<\/p>\n<p><strong>Paran\u00e1<\/strong><\/p>\n<p>Refinaria Presidente Get\u00falio Vargas (Repar) &#8211; sem rendi\u00e7\u00e3o no turno desde a zero hora 01\/02<\/p>\n<p>F\u00e1brica de Xisto (SIX) &#8211; sem rendi\u00e7\u00e3o no turno desde a zero hora 01\/02<\/p>\n<p>F\u00e1brica de Fertilizantes Nitrogenados (FafenPR\/Ansa) \u2013 sem trabalhadores da opera\u00e7\u00e3o e da manuten\u00e7\u00e3o no interior da unidade. Acampamento na porta da f\u00e1brica prossegue desde o dia 21\/01<\/p>\n<p>Terminal de Paranagu\u00e1 (Tepar) &#8211; sem rendi\u00e7\u00e3o no turno desde a zero hora 01\/02<\/p>\n<p><strong>Santa Catarina<\/strong><\/p>\n<p>Terminal de Guaramirim (Temirim) &#8211; trabalhadores aderiram \u00e0 greve nesta segunda (03\/02)<\/p>\n<p>Terminal de S\u00e3o Francisco do Sul (Tefran) &#8211;\u00a0\u00a0trabalhadores aderiram \u00e0 greve nesta segunda (03\/02)<\/p>\n<p>Base administrativa de Joinville (Ediville) &#8211;\u00a0\u00a0trabalhadores aderiram \u00e0 greve nesta segunda (03\/02)<\/p>\n<p><strong>Rio Grande do Sul<\/strong><\/p>\n<p>Terminal de Niter\u00f3i (Tenit) \u2013 ades\u00e3o \u00e0 greve na manh\u00e3 de 03\/02<\/p>\n<p>Refinaria Alberto Pasqualini (Refap) \u2013 sem rendi\u00e7\u00e3o no turno desde as 07h de 01\/02<\/p>\n<p>Fonte: Imprensa\/FUP<\/p>\n","protected":false},"excerpt":{"rendered":"<p>Fevereiro de 2020\u00a0\u2013 No terceiro dia da greve nacional promovida pela Federa\u00e7\u00e3o \u00danica dos Petroleiros (FUP), cerca de 14.750 trabalhadores aderiram \u00e0 paralisa\u00e7\u00e3o, o que representa 80% do total de 18.434 trabalhadores lotados nos locais onde acontecem os movimentos. S\u00e3o 28 bases envolvidas, de 12 estados: AM, CE, BA, MG, SP, PE, RJ, PR, RS, [&hellip;]<\/p>\n","protected":false},"author":1,"featured_media":13189,"comment_status":"open","ping_status":"open","sticky":false,"template":"","format":"standard","meta":{"_uag_custom_page_level_css":"","footnotes":""},"categories":[27],"tags":[18415,18414,18412,4910,8859,10044,18416,18419,18417,18418,10379,18413],"class_list":["post-13188","post","type-post","status-publish","format-standard","has-post-thumbnail","hentry","category-acontece","tag-15-mil-petroleiros-parados","tag-acordo-coletivo-de-trabalho-act-para-petroleiros","tag-fafen-pr","tag-federacao-unica-dos-petroleiros-fup","tag-petrobras","tag-refinaria-abreu-e-lima-rnest","tag-refinaria-de-manaus","tag-refinaria-de-paulinia-replan","tag-refinaria-duque-de-caxias-reduc","tag-refinarias-do-nordeste","tag-rio-de-janeiro-rj","tag-sede-da-petrobras"],"blocksy_meta":[],"spectra_blocks_featured_image_url":{"thumbnail":{"url":"https:\/\/construcaocivil.siriusmarketingedesign.com.br\/wp-content\/uploads\/2020\/02\/GREVE-150x150.jpg","width":150,"height":150},"medium":{"url":"https:\/\/construcaocivil.siriusmarketingedesign.com.br\/wp-content\/uploads\/2020\/02\/GREVE-300x225.jpg","width":300,"height":225},"medium_large":{"url":"https:\/\/construcaocivil.siriusmarketingedesign.com.br\/wp-content\/uploads\/2020\/02\/GREVE-768x576.jpg","width":768,"height":576},"large":{"url":"https:\/\/construcaocivil.siriusmarketingedesign.com.br\/wp-content\/uploads\/2020\/02\/GREVE-1024x768.jpg","width":1024,"height":768},"full":{"url":"https:\/\/construcaocivil.siriusmarketingedesign.com.br\/wp-content\/uploads\/2020\/02\/GREVE.jpg","width":1032,"height":774}},"spectra_blocks_author_info":{"display_name":"Jornal da Constru\u00e7\u00e3o Civil","avatar_url":"https:\/\/secure.gravatar.com\/avatar\/973c9774fd44ddaceb026973c4962faa70fc512bc4c9da68e8ebb40fecee6540?s=96&d=mm&r=g","author_link":"https:\/\/construcaocivil.siriusmarketingedesign.com.br\/?author=1","description":"Desde de 2013, levando muitas informa\u00e7\u00f5es, lan\u00e7amentos e produtos de qualidade para toda cadeia produtiva da constru\u00e7\u00e3o. O Futuro da constru\u00e7\u00e3o passa por aqui,"},"uagb_featured_image_src":{"full":["https:\/\/construcaocivil.siriusmarketingedesign.com.br\/wp-content\/uploads\/2020\/02\/GREVE.jpg",1032,774,false],"thumbnail":["https:\/\/construcaocivil.siriusmarketingedesign.com.br\/wp-content\/uploads\/2020\/02\/GREVE-150x150.jpg",150,150,true],"medium":["https:\/\/construcaocivil.siriusmarketingedesign.com.br\/wp-content\/uploads\/2020\/02\/GREVE-300x225.jpg",300,225,true],"medium_large":["https:\/\/construcaocivil.siriusmarketingedesign.com.br\/wp-content\/uploads\/2020\/02\/GREVE-768x576.jpg",768,576,true],"large":["https:\/\/construcaocivil.siriusmarketingedesign.com.br\/wp-content\/uploads\/2020\/02\/GREVE-1024x768.jpg",1024,768,true],"1536x1536":["https:\/\/construcaocivil.siriusmarketingedesign.com.br\/wp-content\/uploads\/2020\/02\/GREVE.jpg",1032,774,false],"2048x2048":["https:\/\/construcaocivil.siriusmarketingedesign.com.br\/wp-content\/uploads\/2020\/02\/GREVE.jpg",1032,774,false]},"uagb_author_info":{"display_name":"Jornal da Constru\u00e7\u00e3o Civil","author_link":"https:\/\/construcaocivil.siriusmarketingedesign.com.br\/?author=1"},"uagb_comment_info":0,"uagb_excerpt":"Fevereiro de 2020\u00a0\u2013 No terceiro dia da greve nacional promovida pela Federa\u00e7\u00e3o \u00danica dos Petroleiros (FUP), cerca de 14.750 trabalhadores aderiram \u00e0 paralisa\u00e7\u00e3o, o que representa 80% do total de 18.434 trabalhadores lotados nos locais onde acontecem os movimentos. S\u00e3o 28 bases envolvidas, de 12 estados: AM, CE, BA, MG, SP, PE, RJ, PR, RS,&hellip;","_links":{"self":[{"href":"https:\/\/construcaocivil.siriusmarketingedesign.com.br\/index.php?rest_route=\/wp\/v2\/posts\/13188","targetHints":{"allow":["GET"]}}],"collection":[{"href":"https:\/\/construcaocivil.siriusmarketingedesign.com.br\/index.php?rest_route=\/wp\/v2\/posts"}],"about":[{"href":"https:\/\/construcaocivil.siriusmarketingedesign.com.br\/index.php?rest_route=\/wp\/v2\/types\/post"}],"author":[{"embeddable":true,"href":"https:\/\/construcaocivil.siriusmarketingedesign.com.br\/index.php?rest_route=\/wp\/v2\/users\/1"}],"replies":[{"embeddable":true,"href":"https:\/\/construcaocivil.siriusmarketingedesign.com.br\/index.php?rest_route=%2Fwp%2Fv2%2Fcomments&post=13188"}],"version-history":[{"count":0,"href":"https:\/\/construcaocivil.siriusmarketingedesign.com.br\/index.php?rest_route=\/wp\/v2\/posts\/13188\/revisions"}],"wp:featuredmedia":[{"embeddable":true,"href":"https:\/\/construcaocivil.siriusmarketingedesign.com.br\/index.php?rest_route=\/wp\/v2\/media\/13189"}],"wp:attachment":[{"href":"https:\/\/construcaocivil.siriusmarketingedesign.com.br\/index.php?rest_route=%2Fwp%2Fv2%2Fmedia&parent=13188"}],"wp:term":[{"taxonomy":"category","embeddable":true,"href":"https:\/\/construcaocivil.siriusmarketingedesign.com.br\/index.php?rest_route=%2Fwp%2Fv2%2Fcategories&post=13188"},{"taxonomy":"post_tag","embeddable":true,"href":"https:\/\/construcaocivil.siriusmarketingedesign.com.br\/index.php?rest_route=%2Fwp%2Fv2%2Ftags&post=13188"}],"curies":[{"name":"wp","href":"https:\/\/api.w.org\/{rel}","templated":true}]}}