{"id":13220,"date":"2020-02-08T12:56:09","date_gmt":"2020-02-08T14:56:09","guid":{"rendered":"https:\/\/www.jornaldaconstrucaocivil.com.br\/?p=13220"},"modified":"2020-02-08T12:56:09","modified_gmt":"2020-02-08T14:56:09","slug":"expolux-anuncia-mudanca-estrategica-para-a-edicao-deste-ano","status":"publish","type":"post","link":"https:\/\/construcaocivil.siriusmarketingedesign.com.br\/?p=13220","title":{"rendered":"Expolux anuncia mudan\u00e7a estrat\u00e9gica para a edi\u00e7\u00e3o deste ano"},"content":{"rendered":"<p style=\"font-weight: 400; text-align: justify;\"><span style=\"color: #0000ff;\">Fevereiro, 2020<\/span> &#8211; Entre discuss\u00f5es de parcerias p\u00fablico-privadas de ilumina\u00e7\u00e3o que podem gerar economia de R$ 38 bilh\u00f5es em 20 anos e demandas cada vez mais urgentes de solu\u00e7\u00f5es integradas e sustent\u00e1veis, a EXPOLUX mostra que 2020 ser\u00e1 mesmo marcante para o setor com a realiza\u00e7\u00e3o da sua 17\u00aa edi\u00e7\u00e3o. J\u00e1 de partida, a feira, refer\u00eancia para profissionais t\u00e9cnicos e criativos de toda a Am\u00e9rica Latina, anuncia um movimento estrat\u00e9gico, mudando a realiza\u00e7\u00e3o de abril para agosto, entre os dias 4 e 7.<\/p>\n<p style=\"font-weight: 400; text-align: justify;\">A altera\u00e7\u00e3o \u00e9 importante porque permite uma melhor posi\u00e7\u00e3o no calend\u00e1rio internacional de feiras do segmento, melhorando a experi\u00eancia de visitantes, expositores e parceiros. \u201cEm uma \u00e1rea com uma cadeia t\u00e3o extensa como ilumina\u00e7\u00e3o, agenda \u00e9 algo fundamental. Com a escolha, driblamos conflitos ou proximidade com outras programa\u00e7\u00f5es, beneficiando nosso p\u00fablico qualificado\u201d, explica Ivan Rom\u00e3o, gerente de produto da Reed Exhibitions Alcantara Machado.<\/p>\n<p style=\"font-weight: 400; text-align: justify;\"><span style=\"color: #993300;\"><strong>T\u00e9cnica, Arte, Inova\u00e7\u00e3o e Sustentabilidade<\/strong><\/span><\/p>\n<p style=\"font-weight: 400; text-align: justify;\">Dividida em dois pavilh\u00f5es, a Expolux 2020 tem a miss\u00e3o de surpreender\u00a0<em>lighting designers<\/em>, arquitetos e decoradores como porta de entrada das principais tend\u00eancias globais, assim como engenheiros, projetistas e t\u00e9cnicos de ilumina\u00e7\u00e3o que buscam solu\u00e7\u00f5es para os maiores desafios do setor de ilumina\u00e7\u00e3o t\u00e9cnica.<\/p>\n<p style=\"font-weight: 400; text-align: justify;\">Mais do que uma exposi\u00e7\u00e3o, o evento foca em neg\u00f3cios, apresenta\u00e7\u00e3o de lan\u00e7amentos, promo\u00e7\u00e3o de rela\u00e7\u00f5es e no levantamento de discuss\u00f5es. A programa\u00e7\u00e3o completa de apresenta\u00e7\u00f5es e experi\u00eancias ser\u00e1 divulgada em breve, mas j\u00e1 \u00e9 poss\u00edvel adiantar que a\u00a0<span style=\"color: #0000ff;\"><strong>Arena de Conte\u00fado<\/strong><\/span>, o\u00a0<span style=\"color: #0000ff;\"><strong>SIMPOLED<\/strong><\/span>\u00a0(Simp\u00f3sio Internacional de Ilumina\u00e7\u00e3o), o\u00a0<span style=\"color: #0000ff;\"><strong>Decor Prime Show<\/strong><\/span>\u00a0e o<span style=\"color: #0000ff;\">\u00a0<strong>Hackaton<\/strong><\/span>\u00a0retornam. Est\u00e3o confirmadas, tamb\u00e9m, rotas especiais de<strong>\u00a0<span style=\"color: #0000ff;\">inova\u00e7\u00e3o<\/span><\/strong>\u00a0e de\u00a0<span style=\"color: #0000ff;\"><strong>sustentabilidade<\/strong>,<\/span> al\u00e9m de rodadas de neg\u00f3cios nacionais e internacionais.<\/p>\n<p style=\"font-weight: 400; text-align: justify;\">\u201cCada edi\u00e7\u00e3o \u00e9 \u00fanica porque muita coisa muda em dois anos. N\u00f3s estamos trabalhando para que a pr\u00f3xima possa contribuir ainda mais com o desenvolvimento do mercado, atendendo \u00e1reas t\u00e9cnicas, criativas, de estilo, da ind\u00fastria e do varejo, envolvendo diversos recursos e ferramentas que potencializam a jornada\u201d, conclui Ivan Rom\u00e3o.<\/p>\n<p style=\"font-weight: 400; text-align: justify;\">A realiza\u00e7\u00e3o \u00e9 da Associa\u00e7\u00e3o Brasileira da Ind\u00fastria de Ilumina\u00e7\u00e3o (Abilux) e do Sindicato da Ind\u00fastria de L\u00e2mpadas e Aparelhos El\u00e9tricos de Ilumina\u00e7\u00e3o no Estado de S\u00e3o Paulo (Sindilux). Enquanto a \u00e1rea de credenciamento est\u00e1 sendo preparada, \u00e9 poss\u00edvel acompanhar as novidades sobre a feira e not\u00edcias do setor no blog oficial no site<span style=\"color: #0000ff;\">\u00a0<a style=\"color: #0000ff;\" href=\"http:\/\/www.expolux.com.br\/\">www.expolux.com.br<\/a>.<\/span><\/p>\n<p style=\"font-weight: 400;\"><span style=\"color: #993300;\"><strong>Servi\u00e7o<\/strong><\/span><\/p>\n<p style=\"font-weight: 400;\">Expolux 2020<\/p>\n<p style=\"font-weight: 400;\">De 04 a 07 de agosto<\/p>\n<p style=\"font-weight: 400;\">Expo Center Norte \u2013 S\u00e3o Paulo<\/p>\n<p style=\"font-weight: 400;\"><span style=\"color: #0000ff;\"><a style=\"color: #0000ff;\" href=\"http:\/\/www.expolux.com.br\/\">www.expolux.com.br<\/a><\/span><\/p>\n","protected":false},"excerpt":{"rendered":"<p>Fevereiro, 2020 &#8211; Entre discuss\u00f5es de parcerias p\u00fablico-privadas de ilumina\u00e7\u00e3o que podem gerar economia de R$ 38 bilh\u00f5es em 20 anos e demandas cada vez mais urgentes de solu\u00e7\u00f5es integradas e sustent\u00e1veis, a EXPOLUX mostra que 2020 ser\u00e1 mesmo marcante para o setor com a realiza\u00e7\u00e3o da sua 17\u00aa edi\u00e7\u00e3o. J\u00e1 de partida, a feira, [&hellip;]<\/p>\n","protected":false},"author":1,"featured_media":13221,"comment_status":"open","ping_status":"open","sticky":false,"template":"","format":"standard","meta":{"_uag_custom_page_level_css":"","footnotes":""},"categories":[33],"tags":[18453,18455,18454],"class_list":["post-13220","post","type-post","status-publish","format-standard","has-post-thumbnail","hentry","category-mercado","tag-expolux-2020","tag-lampadas-e-aparelhos-eletricos-de-iluminacao","tag-produtos-para-iluminacao"],"blocksy_meta":[],"spectra_blocks_featured_image_url":{"thumbnail":{"url":"https:\/\/construcaocivil.siriusmarketingedesign.com.br\/wp-content\/uploads\/2020\/02\/expolux-2020-150x150.jpg","width":150,"height":150},"medium":{"url":"https:\/\/construcaocivil.siriusmarketingedesign.com.br\/wp-content\/uploads\/2020\/02\/expolux-2020-300x200.jpg","width":300,"height":200},"medium_large":{"url":"https:\/\/construcaocivil.siriusmarketingedesign.com.br\/wp-content\/uploads\/2020\/02\/expolux-2020-768x512.jpg","width":768,"height":512},"large":{"url":"https:\/\/construcaocivil.siriusmarketingedesign.com.br\/wp-content\/uploads\/2020\/02\/expolux-2020-1024x682.jpg","width":1024,"height":682},"full":{"url":"https:\/\/construcaocivil.siriusmarketingedesign.com.br\/wp-content\/uploads\/2020\/02\/expolux-2020.jpg","width":1280,"height":853}},"spectra_blocks_author_info":{"display_name":"Jornal da Constru\u00e7\u00e3o Civil","avatar_url":"https:\/\/secure.gravatar.com\/avatar\/973c9774fd44ddaceb026973c4962faa70fc512bc4c9da68e8ebb40fecee6540?s=96&d=mm&r=g","author_link":"https:\/\/construcaocivil.siriusmarketingedesign.com.br\/?author=1","description":"Desde de 2013, levando muitas informa\u00e7\u00f5es, lan\u00e7amentos e produtos de qualidade para toda cadeia produtiva da constru\u00e7\u00e3o. O Futuro da constru\u00e7\u00e3o passa por aqui,"},"uagb_featured_image_src":{"full":["https:\/\/construcaocivil.siriusmarketingedesign.com.br\/wp-content\/uploads\/2020\/02\/expolux-2020.jpg",1280,853,false],"thumbnail":["https:\/\/construcaocivil.siriusmarketingedesign.com.br\/wp-content\/uploads\/2020\/02\/expolux-2020-150x150.jpg",150,150,true],"medium":["https:\/\/construcaocivil.siriusmarketingedesign.com.br\/wp-content\/uploads\/2020\/02\/expolux-2020-300x200.jpg",300,200,true],"medium_large":["https:\/\/construcaocivil.siriusmarketingedesign.com.br\/wp-content\/uploads\/2020\/02\/expolux-2020-768x512.jpg",768,512,true],"large":["https:\/\/construcaocivil.siriusmarketingedesign.com.br\/wp-content\/uploads\/2020\/02\/expolux-2020-1024x682.jpg",1024,682,true],"1536x1536":["https:\/\/construcaocivil.siriusmarketingedesign.com.br\/wp-content\/uploads\/2020\/02\/expolux-2020.jpg",1280,853,false],"2048x2048":["https:\/\/construcaocivil.siriusmarketingedesign.com.br\/wp-content\/uploads\/2020\/02\/expolux-2020.jpg",1280,853,false]},"uagb_author_info":{"display_name":"Jornal da Constru\u00e7\u00e3o Civil","author_link":"https:\/\/construcaocivil.siriusmarketingedesign.com.br\/?author=1"},"uagb_comment_info":0,"uagb_excerpt":"Fevereiro, 2020 &#8211; Entre discuss\u00f5es de parcerias p\u00fablico-privadas de ilumina\u00e7\u00e3o que podem gerar economia de R$ 38 bilh\u00f5es em 20 anos e demandas cada vez mais urgentes de solu\u00e7\u00f5es integradas e sustent\u00e1veis, a EXPOLUX mostra que 2020 ser\u00e1 mesmo marcante para o setor com a realiza\u00e7\u00e3o da sua 17\u00aa edi\u00e7\u00e3o. J\u00e1 de partida, a feira,&hellip;","_links":{"self":[{"href":"https:\/\/construcaocivil.siriusmarketingedesign.com.br\/index.php?rest_route=\/wp\/v2\/posts\/13220","targetHints":{"allow":["GET"]}}],"collection":[{"href":"https:\/\/construcaocivil.siriusmarketingedesign.com.br\/index.php?rest_route=\/wp\/v2\/posts"}],"about":[{"href":"https:\/\/construcaocivil.siriusmarketingedesign.com.br\/index.php?rest_route=\/wp\/v2\/types\/post"}],"author":[{"embeddable":true,"href":"https:\/\/construcaocivil.siriusmarketingedesign.com.br\/index.php?rest_route=\/wp\/v2\/users\/1"}],"replies":[{"embeddable":true,"href":"https:\/\/construcaocivil.siriusmarketingedesign.com.br\/index.php?rest_route=%2Fwp%2Fv2%2Fcomments&post=13220"}],"version-history":[{"count":0,"href":"https:\/\/construcaocivil.siriusmarketingedesign.com.br\/index.php?rest_route=\/wp\/v2\/posts\/13220\/revisions"}],"wp:featuredmedia":[{"embeddable":true,"href":"https:\/\/construcaocivil.siriusmarketingedesign.com.br\/index.php?rest_route=\/wp\/v2\/media\/13221"}],"wp:attachment":[{"href":"https:\/\/construcaocivil.siriusmarketingedesign.com.br\/index.php?rest_route=%2Fwp%2Fv2%2Fmedia&parent=13220"}],"wp:term":[{"taxonomy":"category","embeddable":true,"href":"https:\/\/construcaocivil.siriusmarketingedesign.com.br\/index.php?rest_route=%2Fwp%2Fv2%2Fcategories&post=13220"},{"taxonomy":"post_tag","embeddable":true,"href":"https:\/\/construcaocivil.siriusmarketingedesign.com.br\/index.php?rest_route=%2Fwp%2Fv2%2Ftags&post=13220"}],"curies":[{"name":"wp","href":"https:\/\/api.w.org\/{rel}","templated":true}]}}