{"id":13238,"date":"2020-02-14T14:56:15","date_gmt":"2020-02-14T16:56:15","guid":{"rendered":"https:\/\/www.jornaldaconstrucaocivil.com.br\/?p=13238"},"modified":"2020-02-14T14:56:15","modified_gmt":"2020-02-14T16:56:15","slug":"greve-dos-petroleiros-fup-e-sindicatos-entram-com-peticao-no-tst-com-propostas-para-a-solucao-do-impasse-com-a-petrobras","status":"publish","type":"post","link":"https:\/\/construcaocivil.siriusmarketingedesign.com.br\/?p=13238","title":{"rendered":"Greve dos Petroleiros: FUP e sindicatos entram com peti\u00e7\u00e3o no TST com propostas para a solu\u00e7\u00e3o do impasse com a Petrobr\u00e1s"},"content":{"rendered":"<p style=\"text-align: justify;\"><span style=\"color: #993300;\">Rio de Janeiro, fevereiro de 2020<\/span> \u2013 O Departamento Jur\u00eddico da Federa\u00e7\u00e3o \u00danica dos Petroleiros (FUP) deu entrada na tarde da quinta-feira (13\/2) no Tribunal Superior do Trabalho (TST) em uma peti\u00e7\u00e3o direcionada ao ministro Ives Gandra. O documento prop\u00f5e solu\u00e7\u00f5es para o impasse entre a Petrobr\u00e1s e os petroleiros, que est\u00e3o em greve nacional desde 1\u00ba de fevereiro.<\/p>\n<p style=\"text-align: justify;\">Na peti\u00e7\u00e3o, a categoria refor\u00e7a que est\u00e1 disposta a negociar e suspender o movimento, como prop\u00f5e desde antes de a greve ser deflagrada. Entretanto, a suspens\u00e3o do movimento somente ocorrer\u00e1 se a Petrobr\u00e1s suspender imediatamente as dispensas coletivas na Fafen-PR; suspender a aplica\u00e7\u00e3o das novas tabelas de turno em suas unidades operacionais e tamb\u00e9m de suas subsidi\u00e1rias; e retomar as negocia\u00e7\u00f5es sobre estes e outros temas relativos ao Acordo Coletivo de Trabalho (ACT), com garantia de que esse per\u00edodo de negocia\u00e7\u00e3o n\u00e3o seja inferior a 30 dias, prorrog\u00e1veis por mais 30.<\/p>\n<p>Com isso, os petroleiros esperam sensibilizar o ministro Ives Gandra, que se disp\u00f4s a mediar o impasse entre a categoria e a Petrobr\u00e1s.<\/p>\n<p><strong>FUP ALERTA PARA RISCO DE DESABASTECIMENTO<\/strong><\/p>\n<p>A FUP e seus sindicatos refor\u00e7am que est\u00e3o h\u00e1 13 dias em greve tentando reverter as demiss\u00f5es em massa na Fafen-PR. A Petrobr\u00e1s, no entanto, n\u00e3o aceita negociar com os sindicatos e tenta criminalizar a greve dos petroleiros, mentindo para o Judici\u00e1rio.<\/p>\n<figure id=\"attachment_13240\" aria-describedby=\"caption-attachment-13240\" style=\"width: 300px\" class=\"wp-caption alignleft\"><img loading=\"lazy\" decoding=\"async\" class=\"size-medium wp-image-13240\" src=\"https:\/\/www.jornaldaconstrucaocivil.com.br\/wp-content\/uploads\/2020\/02\/FUP-1-300x169.jpg\" alt=\"\" width=\"300\" height=\"169\" srcset=\"https:\/\/construcaocivil.siriusmarketingedesign.com.br\/wp-content\/uploads\/2020\/02\/FUP-1-300x169.jpg 300w, https:\/\/construcaocivil.siriusmarketingedesign.com.br\/wp-content\/uploads\/2020\/02\/FUP-1-1024x576.jpg 1024w, https:\/\/construcaocivil.siriusmarketingedesign.com.br\/wp-content\/uploads\/2020\/02\/FUP-1-768x432.jpg 768w, https:\/\/construcaocivil.siriusmarketingedesign.com.br\/wp-content\/uploads\/2020\/02\/FUP-1.jpg 1280w\" sizes=\"auto, (max-width: 300px) 100vw, 300px\" \/><figcaption id=\"caption-attachment-13240\" class=\"wp-caption-text\">3 e 4 &#8211; Manifesta\u00e7\u00e3o em defesa da Petrobr\u00e1s e dos trabalhadores da Fafen-PR no Centro do Rio. Foto: FUP<\/figcaption><\/figure>\n<p style=\"text-align: justify;\">Os grevistas buscam cumprir as condi\u00e7\u00f5es determinadas pela Justi\u00e7a, mas a atual gest\u00e3o da Petrobr\u00e1s n\u00e3o est\u00e1 permitindo que os efetivos das unidades assumam suas fun\u00e7\u00f5es para aumentar a produ\u00e7\u00e3o e reduzir os pre\u00e7os dos derivados de petr\u00f3leo.<\/p>\n<p style=\"text-align: justify;\">Com isso, a Petrobr\u00e1s quer colocar a popula\u00e7\u00e3o contra os petroleiros, culpando os grevistas por um poss\u00edvel desabastecimento que venha a ocorrer \u2013 o que n\u00e3o \u00e9 verdade. Se isso acontecer, a culpa ser\u00e1 da intransig\u00eancia dos gestores, e n\u00e3o da greve, j\u00e1 que os trabalhadores est\u00e3o buscando negociar desde antes da deflagra\u00e7\u00e3o do movimento, sem ter qualquer retorno da companhia.<\/p>\n<p style=\"text-align: justify;\">Temendo o desabastecimento, a FUP alerta a popula\u00e7\u00e3o para que fique atenta. Sobretudo por temer que a dire\u00e7\u00e3o da Petrobr\u00e1s possa provocar de forma premeditada a falta de produtos em algumas regi\u00f5es do pa\u00eds.<\/p>\n<p style=\"text-align: justify;\">\u201cO fechamento de f\u00e1bricas e a venda de refinarias aumentam o desemprego no pa\u00eds e pesam no bolso da popula\u00e7\u00e3o, que j\u00e1 sofre com os pre\u00e7os abusivos dos combust\u00edveis. O que a FUP quer garantir s\u00e3o os empregos e pre\u00e7os justos para o g\u00e1s de cozinha, a gasolina e o diesel\u201d, refor\u00e7a Deyvid Bacelar, diretor da FUP e integrante da Comiss\u00e3o Permanente de Negocia\u00e7\u00e3o, que ocupa pacificamente uma sala do edif\u00edcio-sede da Petrobr\u00e1s h\u00e1 duas semanas.<\/p>\n<figure id=\"attachment_13241\" aria-describedby=\"caption-attachment-13241\" style=\"width: 300px\" class=\"wp-caption alignright\"><img loading=\"lazy\" decoding=\"async\" class=\"size-medium wp-image-13241\" src=\"https:\/\/www.jornaldaconstrucaocivil.com.br\/wp-content\/uploads\/2020\/02\/Rio-300x169.jpg\" alt=\"\" width=\"300\" height=\"169\" srcset=\"https:\/\/construcaocivil.siriusmarketingedesign.com.br\/wp-content\/uploads\/2020\/02\/Rio-300x169.jpg 300w, https:\/\/construcaocivil.siriusmarketingedesign.com.br\/wp-content\/uploads\/2020\/02\/Rio-1024x576.jpg 1024w, https:\/\/construcaocivil.siriusmarketingedesign.com.br\/wp-content\/uploads\/2020\/02\/Rio-768x432.jpg 768w, https:\/\/construcaocivil.siriusmarketingedesign.com.br\/wp-content\/uploads\/2020\/02\/Rio.jpg 1280w\" sizes=\"auto, (max-width: 300px) 100vw, 300px\" \/><figcaption id=\"caption-attachment-13241\" class=\"wp-caption-text\">Greve Petroleiros &#8211; Cinel\u00e2ndia-Rio. Foto: FUP<\/figcaption><\/figure>\n<p style=\"text-align: justify;\"><strong>MOBILIZA\u00c7\u00d5ES: COMBUST\u00cdVEIS A PRE\u00c7O JUSTO E MANIFESTA\u00c7\u00c3O<\/strong><\/p>\n<p style=\"text-align: justify;\">A FUP e seus sindicatos promoveram hoje e realizam tamb\u00e9m amanh\u00e3 a Campanha dos Combust\u00edveis a Pre\u00e7o Justo. Na quinta (13\/2), campanha aconteceu em seis estados (RJ, ES, BA, AM, RS, PE). Em alguns locais, os petroleiros venderam botij\u00f5es de g\u00e1s de cozinha com pre\u00e7os em torno de R$ 40 \u2013 o pre\u00e7o m\u00e9dio do botij\u00e3o no Brasil \u00e9 de R$ 70. Em outros, houve distribui\u00e7\u00e3o de vouchers para compra de gasolina com desconto.<\/p>\n<p style=\"text-align: justify;\">No g\u00e1s de cozinha, a diferen\u00e7a no pre\u00e7o se refere basicamente \u00e0s margens alt\u00edssimas de revenda e distribui\u00e7\u00e3o (45,6%) que s\u00e3o repassadas para a popula\u00e7\u00e3o, em sua maioria pessoas de baixa renda. Sem contar o valor da produ\u00e7\u00e3o do g\u00e1s de cozinha ou os custos de importa\u00e7\u00e3o do produto. Para a FUP, a Petrobr\u00e1s pode subsidiar uma pequena parcela de sua margem na produ\u00e7\u00e3o, j\u00e1 que o g\u00e1s de cozinha representa apenas 5% da receita da empresa. E ainda pode reduzir em um ter\u00e7o o custo de distribui\u00e7\u00e3o sem alterar o valor de revenda.<\/p>\n<figure id=\"attachment_13242\" aria-describedby=\"caption-attachment-13242\" style=\"width: 225px\" class=\"wp-caption alignleft\"><img loading=\"lazy\" decoding=\"async\" class=\"size-medium wp-image-13242\" src=\"https:\/\/www.jornaldaconstrucaocivil.com.br\/wp-content\/uploads\/2020\/02\/Botij\u00e3o-225x300.jpg\" alt=\"\" width=\"225\" height=\"300\" srcset=\"https:\/\/construcaocivil.siriusmarketingedesign.com.br\/wp-content\/uploads\/2020\/02\/Botij\u00e3o-225x300.jpg 225w, https:\/\/construcaocivil.siriusmarketingedesign.com.br\/wp-content\/uploads\/2020\/02\/Botij\u00e3o-768x1024.jpg 768w, https:\/\/construcaocivil.siriusmarketingedesign.com.br\/wp-content\/uploads\/2020\/02\/Botij\u00e3o.jpg 960w\" sizes=\"auto, (max-width: 225px) 100vw, 225px\" \/><figcaption id=\"caption-attachment-13242\" class=\"wp-caption-text\">Campanha dos Combust\u00edveis a Pre\u00e7o Justo em Belford Roxo (RJ): 50 botij\u00f5es de g\u00e1s de cozinha a R$ 25 para moradores do bairro Lote XV. Foto: FUP<\/figcaption><\/figure>\n<p style=\"text-align: justify;\">Al\u00e9m disso, os petroleiros realizaram na tarde desta quinta-feira, no Centro do Rio, uma manifesta\u00e7\u00e3o em defesa da Petrobr\u00e1s e pela redu\u00e7\u00e3o do pre\u00e7o dos combust\u00edveis e do g\u00e1s de cozinha. A concentra\u00e7\u00e3o foi na Candel\u00e1ria, e os manifestantes seguiram at\u00e9 \u00e0 Cinel\u00e2ndia.<\/p>\n<p>&nbsp;<\/p>\n<p><strong>BALAN\u00c7O DA GREVE NACIONAL<\/strong><\/p>\n<p style=\"text-align: justify;\">Nesta quinta-feira (13\/2), a greve somou 113 unidades, em 13 estados, com mais de 20 mil petroleiros mobilizados. S\u00e3o 53 plataformas, 23 terminais, 11 refinarias e mais 23 outras unidades operacionais e tr\u00eas bases administrativas (<em>ver lista abaixo<\/em>).<\/p>\n<p style=\"text-align: justify;\">Na Bacia de Campos, houve ades\u00f5es de tr\u00eas plataformas nesta quarta e quinta-feiras. At\u00e9 o momento, 33 de um total de 39 plataformas da regi\u00e3o aderiram ao movimento. Em Manaus, a greve tamb\u00e9m ganhou o refor\u00e7o dos trabalhadores das termel\u00e9tricas Jaraqui e Tambaqui.<\/p>\n<figure id=\"attachment_13243\" aria-describedby=\"caption-attachment-13243\" style=\"width: 300px\" class=\"wp-caption alignright\"><img loading=\"lazy\" decoding=\"async\" class=\"size-medium wp-image-13243\" src=\"https:\/\/www.jornaldaconstrucaocivil.com.br\/wp-content\/uploads\/2020\/02\/PRECO-BOT-300x225.jpg\" alt=\"\" width=\"300\" height=\"225\" srcset=\"https:\/\/construcaocivil.siriusmarketingedesign.com.br\/wp-content\/uploads\/2020\/02\/PRECO-BOT-300x225.jpg 300w, https:\/\/construcaocivil.siriusmarketingedesign.com.br\/wp-content\/uploads\/2020\/02\/PRECO-BOT-1024x768.jpg 1024w, https:\/\/construcaocivil.siriusmarketingedesign.com.br\/wp-content\/uploads\/2020\/02\/PRECO-BOT-768x576.jpg 768w, https:\/\/construcaocivil.siriusmarketingedesign.com.br\/wp-content\/uploads\/2020\/02\/PRECO-BOT-86x64.jpg 86w, https:\/\/construcaocivil.siriusmarketingedesign.com.br\/wp-content\/uploads\/2020\/02\/PRECO-BOT.jpg 1280w\" sizes=\"auto, (max-width: 300px) 100vw, 300px\" \/><figcaption id=\"caption-attachment-13243\" class=\"wp-caption-text\">Campanha dos Combust\u00edveis a Pre\u00e7o Justo em Belford Roxo (RJ): 50 botij\u00f5es de g\u00e1s de cozinha a R$ 25 para moradores do bairro Lote XV. Foto: FUP<\/figcaption><\/figure>\n<p><strong><u>QUADRO NACIONAL DA GREVE \u2013 13 DE FEVEREIRO<\/u><\/strong><\/p>\n<p>53 plataformas<\/p>\n<p>11 refinarias<\/p>\n<p>23 terminais<\/p>\n<p>7 campos terrestres<\/p>\n<p>7 termel\u00e9tricas<\/p>\n<p>3 UTGs<\/p>\n<p>1 usina de biocombust\u00edvel<\/p>\n<p>1 f\u00e1brica de fertilizantes<\/p>\n<p>1 f\u00e1brica de lubrificantes<\/p>\n<p>1 usina de processamento de xisto<\/p>\n<p>2 unidades industriais<\/p>\n<p>3 bases administrativas<\/p>\n<p><u>POR ESTADO<\/u><\/p>\n<p><strong>Amazonas<\/strong><\/p>\n<p>Termel\u00e9trica de Jaraqui<\/p>\n<p>Termel\u00e9trica de Tambaqui<\/p>\n<p>Terminal de Coari (TACoari)<\/p>\n<p>Refinaria de Manaus (Reman)<\/p>\n<p><strong>Cear\u00e1<\/strong><\/p>\n<p>Plataformas &#8211; 9<\/p>\n<p>Terminal de Mucuripe<\/p>\n<p>Temel\u00e9trica TermoCear\u00e1<\/p>\n<p>F\u00e1brica de Lubrificantes do Nordeste (Lubnor)<\/p>\n<p><strong>Rio Grande do Norte<\/strong><\/p>\n<p>Plataformas \u2013 PUB-2 e PUB-3<\/p>\n<p>Ativo Industrial de Guamar\u00e9 (AIG)<\/p>\n<p>Base 34 e Alto do Rodrigues &#8211; mobiliza\u00e7\u00f5es parciais<\/p>\n<p><strong>Pernambuco<\/strong><\/p>\n<p>Refinaria Abreu e Lima (Rnest)<\/p>\n<p>Terminal Aquavi\u00e1rio de Suape<\/p>\n<p><strong>Bahia<\/strong><\/p>\n<p>Terminal de Candeias<\/p>\n<p>Terminal de Catu<\/p>\n<p>UO-BA \u2013 7 \u00e1reas de produ\u00e7\u00e3o terrestre<\/p>\n<p>Refinaria Landulpho Alves (Rlam)<\/p>\n<p>Terminal Madre de Deus<\/p>\n<p>Usina de Biocombust\u00edveis de Candeias (PBIO)<\/p>\n<p><strong>Esp\u00edrito Santo<\/strong><\/p>\n<p>Plataforma FPSO-58<\/p>\n<p>Terminal Aquavi\u00e1rio de Barra do Riacho (TABR)<\/p>\n<p>Terminal Aquavi\u00e1rio de Vit\u00f3ria (TEVIT)<\/p>\n<p>Unidade de tratamento de G\u00e1s de Cacimbas (UTGC)<\/p>\n<p>Sede administrativa da Base 61<\/p>\n<p><strong>Minas Gerais<\/strong><\/p>\n<p>Termel\u00e9trica de Ibirit\u00e9 (UTE-Ibirit\u00e9)<\/p>\n<p>Refinaria Gabriel Passos (Regap)<\/p>\n<p><strong>Rio de Janeiro<\/strong><\/p>\n<p>Plataformas (37) \u2013 PPM1, PNA2, PCE1, PGP1, PCH1, PCH2, P07, P09, P12, P15, P18, P19, P20, P25, P26, P31, P32, P33, P35, P37, P40, P43, P47, P48, P50, P51, P52, P53, P54, P55, P56, P61, P62, P63, P74, P76, P77<\/p>\n<p>Terminal de Cabi\u00fanas, em Maca\u00e9 (UTGCAB)<\/p>\n<p>Terminal de Campos El\u00edseos (Tecam)<\/p>\n<p>Termel\u00e9trica Governador Leonel Brizola (UTE-GLB)<\/p>\n<p>Refinaria Duque de Caxias (Reduc)<\/p>\n<p>Terminal Aquavi\u00e1rio da Bahia da Guanabara (TABG)<\/p>\n<p>Terminal da Bahia de Ilha Grande (TEBIG)<\/p>\n<p>Complexo Petroqu\u00edmico do Rio de Janeiro (Comperj)<\/p>\n<p><strong>S\u00e3o Paulo<\/strong><\/p>\n<p>Terminal de S\u00e3o Caetano do Sul<\/p>\n<p>Terminal de Guararema<\/p>\n<p>Terminal de Barueri<\/p>\n<p>Refinaria de Paul\u00ednia (Replan)<\/p>\n<p>Refinaria de Capuava, em Mau\u00e1 (Recap)<\/p>\n<p>Refinaria Henrique Lages, em S\u00e3o Jos\u00e9 dos Campos (Revap)<\/p>\n<p>Refinaria Presidente Bernardes, em Cubat\u00e3o (RPBC)<\/p>\n<p>Plataformas (04) &#8211; Mexilh\u00e3o, P66, P67 e P69<\/p>\n<p>Terminal de Alemoa<\/p>\n<p>Terminal de S\u00e3o Sebastiao<\/p>\n<p>Unidade de Tratamento de G\u00e1s Monteiro Lobato (UTGCA)<\/p>\n<p>Termel\u00e9trica Cubat\u00e3o (UTE Euz\u00e9bio Rocha)<\/p>\n<p>Torre Valongo &#8211; base administrativa da Petrobras em Santos<\/p>\n<p>Terminal de Pil\u00f5es<\/p>\n<p><strong>Mato Grosso do Sul<\/strong><\/p>\n<p>Termel\u00e9trica de Tr\u00eas Lagoas (UTE Luiz Carlos Prestes)<\/p>\n<p><strong>Paran\u00e1<\/strong><\/p>\n<p>Refinaria Presidente Get\u00falio Vargas (Repar)<\/p>\n<p>Unidade de Industrializa\u00e7\u00e3o do Xisto (SIX)<\/p>\n<p>F\u00e1brica de Fertilizantes Nitrogenados (FafenPR\/Ansa)<\/p>\n<p>Terminal de Paranagu\u00e1 (Tepar)<\/p>\n<p><strong>Santa Catarina<\/strong><\/p>\n<p>Terminal de Bigua\u00e7u (TEGUA\u00c7U)<\/p>\n<p>Terminal Terrestre de Itaja\u00ed (TEJA\u00cd)<\/p>\n<p>Terminal de Guaramirim (Temirim)<\/p>\n<p>Terminal de S\u00e3o Francisco do Sul (Tefran)<\/p>\n<p>Base administrativa de Joinville (Ediville)<\/p>\n<p><strong>Rio Grande do Sul<\/strong><\/p>\n<p>Refinaria Alberto Pasqualini (Refap)<\/p>\n<p>Fonte: Imprensa\/FUP<\/p>\n","protected":false},"excerpt":{"rendered":"<p>Rio de Janeiro, fevereiro de 2020 \u2013 O Departamento Jur\u00eddico da Federa\u00e7\u00e3o \u00danica dos Petroleiros (FUP) deu entrada na tarde da quinta-feira (13\/2) no Tribunal Superior do Trabalho (TST) em uma peti\u00e7\u00e3o direcionada ao ministro Ives Gandra. O documento prop\u00f5e solu\u00e7\u00f5es para o impasse entre a Petrobr\u00e1s e os petroleiros, que est\u00e3o em greve nacional [&hellip;]<\/p>\n","protected":false},"author":1,"featured_media":13239,"comment_status":"open","ping_status":"open","sticky":false,"template":"","format":"standard","meta":{"_uag_custom_page_level_css":"","footnotes":""},"categories":[27],"tags":[53,18478,17306,18476,4910,18474,18479,18475,18480,18481,10044,18477,11965],"class_list":["post-13238","post","type-post","status-publish","format-standard","has-post-thumbnail","hentry","category-acontece","tag-53","tag-campanha-dos-combustiveis-a-preco-justo","tag-espirito-santo-es","tag-fabrica-de-fertilizantes-nitrogenados-fafenpr-ansa","tag-federacao-unica-dos-petroleiros-fup","tag-greve-dos-petroleiros-dia13","tag-petrobras-economia","tag-plataformas-37","tag-preco-do-botijao-r-70","tag-reduc-rj","tag-refinaria-abreu-e-lima-rnest","tag-temeletrica-termoceara","tag-tribunal-superior-do-trabalho-tst"],"blocksy_meta":[],"spectra_blocks_featured_image_url":{"thumbnail":{"url":"https:\/\/construcaocivil.siriusmarketingedesign.com.br\/wp-content\/uploads\/2020\/02\/Pre\u00e7o-Justo-Botij\u00e3o-de-G\u00e1s-150x150.jpg","width":150,"height":150},"medium":{"url":"https:\/\/construcaocivil.siriusmarketingedesign.com.br\/wp-content\/uploads\/2020\/02\/Pre\u00e7o-Justo-Botij\u00e3o-de-G\u00e1s-300x199.jpg","width":300,"height":199},"medium_large":{"url":"https:\/\/construcaocivil.siriusmarketingedesign.com.br\/wp-content\/uploads\/2020\/02\/Pre\u00e7o-Justo-Botij\u00e3o-de-G\u00e1s.jpg","width":726,"height":482},"large":{"url":"https:\/\/construcaocivil.siriusmarketingedesign.com.br\/wp-content\/uploads\/2020\/02\/Pre\u00e7o-Justo-Botij\u00e3o-de-G\u00e1s.jpg","width":726,"height":482},"full":{"url":"https:\/\/construcaocivil.siriusmarketingedesign.com.br\/wp-content\/uploads\/2020\/02\/Pre\u00e7o-Justo-Botij\u00e3o-de-G\u00e1s.jpg","width":726,"height":482}},"spectra_blocks_author_info":{"display_name":"Jornal da Constru\u00e7\u00e3o Civil","avatar_url":"https:\/\/secure.gravatar.com\/avatar\/973c9774fd44ddaceb026973c4962faa70fc512bc4c9da68e8ebb40fecee6540?s=96&d=mm&r=g","author_link":"https:\/\/construcaocivil.siriusmarketingedesign.com.br\/?author=1","description":"Desde de 2013, levando muitas informa\u00e7\u00f5es, lan\u00e7amentos e produtos de qualidade para toda cadeia produtiva da constru\u00e7\u00e3o. O Futuro da constru\u00e7\u00e3o passa por aqui,"},"uagb_featured_image_src":{"full":["https:\/\/construcaocivil.siriusmarketingedesign.com.br\/wp-content\/uploads\/2020\/02\/Pre\u00e7o-Justo-Botij\u00e3o-de-G\u00e1s.jpg",726,482,false],"thumbnail":["https:\/\/construcaocivil.siriusmarketingedesign.com.br\/wp-content\/uploads\/2020\/02\/Pre\u00e7o-Justo-Botij\u00e3o-de-G\u00e1s-150x150.jpg",150,150,true],"medium":["https:\/\/construcaocivil.siriusmarketingedesign.com.br\/wp-content\/uploads\/2020\/02\/Pre\u00e7o-Justo-Botij\u00e3o-de-G\u00e1s-300x199.jpg",300,199,true],"medium_large":["https:\/\/construcaocivil.siriusmarketingedesign.com.br\/wp-content\/uploads\/2020\/02\/Pre\u00e7o-Justo-Botij\u00e3o-de-G\u00e1s.jpg",726,482,false],"large":["https:\/\/construcaocivil.siriusmarketingedesign.com.br\/wp-content\/uploads\/2020\/02\/Pre\u00e7o-Justo-Botij\u00e3o-de-G\u00e1s.jpg",726,482,false],"1536x1536":["https:\/\/construcaocivil.siriusmarketingedesign.com.br\/wp-content\/uploads\/2020\/02\/Pre\u00e7o-Justo-Botij\u00e3o-de-G\u00e1s.jpg",726,482,false],"2048x2048":["https:\/\/construcaocivil.siriusmarketingedesign.com.br\/wp-content\/uploads\/2020\/02\/Pre\u00e7o-Justo-Botij\u00e3o-de-G\u00e1s.jpg",726,482,false]},"uagb_author_info":{"display_name":"Jornal da Constru\u00e7\u00e3o Civil","author_link":"https:\/\/construcaocivil.siriusmarketingedesign.com.br\/?author=1"},"uagb_comment_info":0,"uagb_excerpt":"Rio de Janeiro, fevereiro de 2020 \u2013 O Departamento Jur\u00eddico da Federa\u00e7\u00e3o \u00danica dos Petroleiros (FUP) deu entrada na tarde da quinta-feira (13\/2) no Tribunal Superior do Trabalho (TST) em uma peti\u00e7\u00e3o direcionada ao ministro Ives Gandra. O documento prop\u00f5e solu\u00e7\u00f5es para o impasse entre a Petrobr\u00e1s e os petroleiros, que est\u00e3o em greve nacional&hellip;","_links":{"self":[{"href":"https:\/\/construcaocivil.siriusmarketingedesign.com.br\/index.php?rest_route=\/wp\/v2\/posts\/13238","targetHints":{"allow":["GET"]}}],"collection":[{"href":"https:\/\/construcaocivil.siriusmarketingedesign.com.br\/index.php?rest_route=\/wp\/v2\/posts"}],"about":[{"href":"https:\/\/construcaocivil.siriusmarketingedesign.com.br\/index.php?rest_route=\/wp\/v2\/types\/post"}],"author":[{"embeddable":true,"href":"https:\/\/construcaocivil.siriusmarketingedesign.com.br\/index.php?rest_route=\/wp\/v2\/users\/1"}],"replies":[{"embeddable":true,"href":"https:\/\/construcaocivil.siriusmarketingedesign.com.br\/index.php?rest_route=%2Fwp%2Fv2%2Fcomments&post=13238"}],"version-history":[{"count":0,"href":"https:\/\/construcaocivil.siriusmarketingedesign.com.br\/index.php?rest_route=\/wp\/v2\/posts\/13238\/revisions"}],"wp:featuredmedia":[{"embeddable":true,"href":"https:\/\/construcaocivil.siriusmarketingedesign.com.br\/index.php?rest_route=\/wp\/v2\/media\/13239"}],"wp:attachment":[{"href":"https:\/\/construcaocivil.siriusmarketingedesign.com.br\/index.php?rest_route=%2Fwp%2Fv2%2Fmedia&parent=13238"}],"wp:term":[{"taxonomy":"category","embeddable":true,"href":"https:\/\/construcaocivil.siriusmarketingedesign.com.br\/index.php?rest_route=%2Fwp%2Fv2%2Fcategories&post=13238"},{"taxonomy":"post_tag","embeddable":true,"href":"https:\/\/construcaocivil.siriusmarketingedesign.com.br\/index.php?rest_route=%2Fwp%2Fv2%2Ftags&post=13238"}],"curies":[{"name":"wp","href":"https:\/\/api.w.org\/{rel}","templated":true}]}}