{"id":13261,"date":"2020-02-17T13:03:07","date_gmt":"2020-02-17T16:03:07","guid":{"rendered":"https:\/\/www.jornaldaconstrucaocivil.com.br\/?p=13261"},"modified":"2020-02-17T14:03:56","modified_gmt":"2020-02-17T17:03:56","slug":"expo-revestir-2020-18-anos-de-negocios-conhecimento-e-inovacao","status":"publish","type":"post","link":"https:\/\/construcaocivil.siriusmarketingedesign.com.br\/?p=13261","title":{"rendered":"Expo Revestir 2020: 18 anos de neg\u00f3cios, conhecimento e inova\u00e7\u00e3o"},"content":{"rendered":"<p style=\"text-align: justify;\"><span style=\"color: #993300;\">Fevereiro, 2020<\/span> &#8211; A EXPO REVESTIR \u00e9 a maior plataforma de neg\u00f3cios do mercado nacional e internacional da Am\u00e9rica Latina. Por isso, os dois primeiros dias (10 e 11 de mar\u00e7o) foram destinados ao business em sua ess\u00eancia, por meio do atendimento personalizado para quem deseja estreitar rela\u00e7\u00f5es comerciais e ampliar networking diretamente com fabricantes, negociar e fechar contratos. O objetivo \u00e9 personalizar o atendimento com mais conforto, aten\u00e7\u00e3o e tempo necess\u00e1rios para os melhores neg\u00f3cios.<\/p>\n<p style=\"text-align: justify;\"><span style=\"color: #0000ff;\"><strong>Creative Days: mix de conte\u00fados e imers\u00f5es nas tend\u00eancias e na inova\u00e7\u00e3o<\/strong><\/span><\/p>\n<p style=\"text-align: justify;\">Design, personaliza\u00e7\u00e3o da casa por meio dos acabamentos e muita vanguarda s\u00e3o as principais expectativas da 18\u00b0 edi\u00e7\u00e3o da EXPO REVESTIR. \u00c9 nessa maratona de conhecimento, focada em experi\u00eancias \u00fanicas, que os expositores apresentam suas cole\u00e7\u00f5es e apresentam suas apostas para 2020 quando o assunto s\u00e3o as perspectivas do morar contempor\u00e2neo. Por isso, os dias 12 e 13 de mar\u00e7o s\u00e3o as datas recomendadas para quem busca atualizar os conhecimentos com profissionais que fazem as tend\u00eancias ganharem forma.<\/p>\n<p style=\"text-align: justify;\"><strong><span style=\"color: #0000ff;\">Business Days: dois dias de Neg\u00f3cios e Networking personalizado<\/span><\/strong><\/p>\n<p style=\"text-align: justify;\">&#8220;\u00c9 com grande satisfa\u00e7\u00e3o que apresentamos a Edi\u00e7\u00e3o Hist\u00f3rica que marca os 18 anos da EXPO REVESTIR. O objetivo \u00e9 ampliar ainda mais a gera\u00e7\u00e3o de neg\u00f3cios para os expositores e propor um desafio, que \u00e9 oferecer conhecimento aos arquitetos, engenheiros e designers de interiores que fomentam o segmento &#8220;, afirma Maur\u00edcio Queiroz, CEO da EXPO REVESTIR e do FIAC.<\/p>\n<p style=\"text-align: justify;\">Para ele, \u00e9 na feira que todo o mercado apresenta o que h\u00e1 de mais importante em lan\u00e7amentos e novidades nos segmentos que comp\u00f5em a EXPO REVESTIR: cer\u00e2micas, lou\u00e7as sanit\u00e1rias, metais para cozinha e banheiro, rochas ornamentais, mosaicos, madeiras, laminados, ciment\u00edcios e v\u00edtreos.<\/p>\n<p style=\"text-align: justify;\">&#8220;Vale ressaltar que \u00e9 altamente relevante direcionar o p\u00fablico de acordo com os interesses espec\u00edficos. Dessa forma, queremos otimizar o valioso tempo dos visitantes e estimular os neg\u00f3cios&#8221;, complementa Andr\u00e9 Soares, CFO da EXPO REVESTIR e do FIAC.<\/p>\n<p style=\"text-align: justify;\">Paralelamente \u00e0 feira, acontece o F\u00d3RUM INTERNACIONAL DE ARQUITETURA, DESIGN E CONSTRU\u00c7\u00c3O (FIAC), que oferece uma imers\u00e3o nos conte\u00fados mais importantes da atualidade com palestrantes internacionalmente reconhecidos.<\/p>\n<p style=\"text-align: justify;\">SERVI\u00c7O<\/p>\n<p>10-13 de Mar\u00e7o de 2020<\/p>\n<p>10h \u00e0s 19h<\/p>\n<p>Transam\u00e9rica Expo Center<\/p>\n<p>Av. Dr. M\u00e1rio Villas Boas Rodrigues, 38<\/p>\n<p>Santo Amaro, S\u00e3o Paulo\/ SP, Brasil<\/p>\n<p>EVENTO CONJUNTO F\u00d3RUM INTERNACIONAL DE ARQUITETURA, DESIGN E CONSTRU\u00c7\u00c3O<\/p>\n","protected":false},"excerpt":{"rendered":"<p>Fevereiro, 2020 &#8211; A EXPO REVESTIR \u00e9 a maior plataforma de neg\u00f3cios do mercado nacional e internacional da Am\u00e9rica Latina. Por isso, os dois primeiros dias (10 e 11 de mar\u00e7o) foram destinados ao business em sua ess\u00eancia, por meio do atendimento personalizado para quem deseja estreitar rela\u00e7\u00f5es comerciais e ampliar networking diretamente com fabricantes, [&hellip;]<\/p>\n","protected":false},"author":1,"featured_media":13262,"comment_status":"open","ping_status":"open","sticky":false,"template":"","format":"standard","meta":{"_uag_custom_page_level_css":"","footnotes":""},"categories":[28],"tags":[18485,7025,18487,10679,11873,18486,12317],"class_list":["post-13261","post","type-post","status-publish","format-standard","has-post-thumbnail","hentry","category-arquitetura","tag-expo-revestir-2020","tag-lojistas-e-comerciantes","tag-pisos-ceramicos-e-revestimentos","tag-sao-paulo-sp","tag-transamerica-expo-center","tag-vendas-de-produtos-para-casa-e-decoracao","tag-vendas-do-varejo"],"blocksy_meta":[],"spectra_blocks_featured_image_url":{"thumbnail":{"url":"https:\/\/construcaocivil.siriusmarketingedesign.com.br\/wp-content\/uploads\/2020\/02\/Expo-Revestir-150x150.jpg","width":150,"height":150},"medium":{"url":"https:\/\/construcaocivil.siriusmarketingedesign.com.br\/wp-content\/uploads\/2020\/02\/Expo-Revestir-300x200.jpg","width":300,"height":200},"medium_large":{"url":"https:\/\/construcaocivil.siriusmarketingedesign.com.br\/wp-content\/uploads\/2020\/02\/Expo-Revestir.jpg","width":376,"height":251},"large":{"url":"https:\/\/construcaocivil.siriusmarketingedesign.com.br\/wp-content\/uploads\/2020\/02\/Expo-Revestir.jpg","width":376,"height":251},"full":{"url":"https:\/\/construcaocivil.siriusmarketingedesign.com.br\/wp-content\/uploads\/2020\/02\/Expo-Revestir.jpg","width":376,"height":251}},"spectra_blocks_author_info":{"display_name":"Jornal da Constru\u00e7\u00e3o Civil","avatar_url":"https:\/\/secure.gravatar.com\/avatar\/973c9774fd44ddaceb026973c4962faa70fc512bc4c9da68e8ebb40fecee6540?s=96&d=mm&r=g","author_link":"https:\/\/construcaocivil.siriusmarketingedesign.com.br\/?author=1","description":"Desde de 2013, levando muitas informa\u00e7\u00f5es, lan\u00e7amentos e produtos de qualidade para toda cadeia produtiva da constru\u00e7\u00e3o. O Futuro da constru\u00e7\u00e3o passa por aqui,"},"uagb_featured_image_src":{"full":["https:\/\/construcaocivil.siriusmarketingedesign.com.br\/wp-content\/uploads\/2020\/02\/Expo-Revestir.jpg",376,251,false],"thumbnail":["https:\/\/construcaocivil.siriusmarketingedesign.com.br\/wp-content\/uploads\/2020\/02\/Expo-Revestir-150x150.jpg",150,150,true],"medium":["https:\/\/construcaocivil.siriusmarketingedesign.com.br\/wp-content\/uploads\/2020\/02\/Expo-Revestir-300x200.jpg",300,200,true],"medium_large":["https:\/\/construcaocivil.siriusmarketingedesign.com.br\/wp-content\/uploads\/2020\/02\/Expo-Revestir.jpg",376,251,false],"large":["https:\/\/construcaocivil.siriusmarketingedesign.com.br\/wp-content\/uploads\/2020\/02\/Expo-Revestir.jpg",376,251,false],"1536x1536":["https:\/\/construcaocivil.siriusmarketingedesign.com.br\/wp-content\/uploads\/2020\/02\/Expo-Revestir.jpg",376,251,false],"2048x2048":["https:\/\/construcaocivil.siriusmarketingedesign.com.br\/wp-content\/uploads\/2020\/02\/Expo-Revestir.jpg",376,251,false]},"uagb_author_info":{"display_name":"Jornal da Constru\u00e7\u00e3o Civil","author_link":"https:\/\/construcaocivil.siriusmarketingedesign.com.br\/?author=1"},"uagb_comment_info":0,"uagb_excerpt":"Fevereiro, 2020 &#8211; A EXPO REVESTIR \u00e9 a maior plataforma de neg\u00f3cios do mercado nacional e internacional da Am\u00e9rica Latina. Por isso, os dois primeiros dias (10 e 11 de mar\u00e7o) foram destinados ao business em sua ess\u00eancia, por meio do atendimento personalizado para quem deseja estreitar rela\u00e7\u00f5es comerciais e ampliar networking diretamente com fabricantes,&hellip;","_links":{"self":[{"href":"https:\/\/construcaocivil.siriusmarketingedesign.com.br\/index.php?rest_route=\/wp\/v2\/posts\/13261","targetHints":{"allow":["GET"]}}],"collection":[{"href":"https:\/\/construcaocivil.siriusmarketingedesign.com.br\/index.php?rest_route=\/wp\/v2\/posts"}],"about":[{"href":"https:\/\/construcaocivil.siriusmarketingedesign.com.br\/index.php?rest_route=\/wp\/v2\/types\/post"}],"author":[{"embeddable":true,"href":"https:\/\/construcaocivil.siriusmarketingedesign.com.br\/index.php?rest_route=\/wp\/v2\/users\/1"}],"replies":[{"embeddable":true,"href":"https:\/\/construcaocivil.siriusmarketingedesign.com.br\/index.php?rest_route=%2Fwp%2Fv2%2Fcomments&post=13261"}],"version-history":[{"count":0,"href":"https:\/\/construcaocivil.siriusmarketingedesign.com.br\/index.php?rest_route=\/wp\/v2\/posts\/13261\/revisions"}],"wp:featuredmedia":[{"embeddable":true,"href":"https:\/\/construcaocivil.siriusmarketingedesign.com.br\/index.php?rest_route=\/wp\/v2\/media\/13262"}],"wp:attachment":[{"href":"https:\/\/construcaocivil.siriusmarketingedesign.com.br\/index.php?rest_route=%2Fwp%2Fv2%2Fmedia&parent=13261"}],"wp:term":[{"taxonomy":"category","embeddable":true,"href":"https:\/\/construcaocivil.siriusmarketingedesign.com.br\/index.php?rest_route=%2Fwp%2Fv2%2Fcategories&post=13261"},{"taxonomy":"post_tag","embeddable":true,"href":"https:\/\/construcaocivil.siriusmarketingedesign.com.br\/index.php?rest_route=%2Fwp%2Fv2%2Ftags&post=13261"}],"curies":[{"name":"wp","href":"https:\/\/api.w.org\/{rel}","templated":true}]}}