{"id":13285,"date":"2020-02-21T11:22:14","date_gmt":"2020-02-21T14:22:14","guid":{"rendered":"https:\/\/www.jornaldaconstrucaocivil.com.br\/?p=13285"},"modified":"2020-02-21T11:22:14","modified_gmt":"2020-02-21T14:22:14","slug":"seconci-joinville-amplia-atendimento-aos-trabalhadores-da-construcao-civil","status":"publish","type":"post","link":"https:\/\/construcaocivil.siriusmarketingedesign.com.br\/?p=13285","title":{"rendered":"Seconci Joinville amplia atendimento aos trabalhadores da constru\u00e7\u00e3o civil"},"content":{"rendered":"<p style=\"text-align: justify;\"><span style=\"color: #993300;\">Fevereiro, 2020<\/span> &#8211; O Seconci Joinville &#8211; Servi\u00e7o Social da Ind\u00fastria da Constru\u00e7\u00e3o Civil vai ampliar a oferta de servi\u00e7os aos trabalhadores do setor em 2020. O an\u00fancio foi feito na ter\u00e7a-feira, dia 18 de fevereiro, durante a inaugura\u00e7\u00e3o da amplia\u00e7\u00e3o e reestrutura\u00e7\u00e3o da sede, no bairro Bucarein.<\/p>\n<p style=\"text-align: justify;\">A solenidade contou com a presen\u00e7a de representantes da Prefeitura de Joinville, FIESC, SESI, CBIC, ACIJ, Corpo de Bombeiros Volunt\u00e1rios de Joinville, Subsecretaria de Inspe\u00e7\u00e3o do Trabalho, sindicatos patronais e laborais de Joinville e regi\u00e3o e empres\u00e1rios da constru\u00e7\u00e3o civil.<\/p>\n<figure id=\"attachment_13287\" aria-describedby=\"caption-attachment-13287\" style=\"width: 224px\" class=\"wp-caption alignleft\"><img loading=\"lazy\" decoding=\"async\" class=\"size-medium wp-image-13287\" src=\"https:\/\/www.jornaldaconstrucaocivil.com.br\/wp-content\/uploads\/2020\/02\/Jorge_S\u00e1-224x300.jpg\" alt=\"\" width=\"224\" height=\"300\" srcset=\"https:\/\/construcaocivil.siriusmarketingedesign.com.br\/wp-content\/uploads\/2020\/02\/Jorge_S\u00e1-224x300.jpg 224w, https:\/\/construcaocivil.siriusmarketingedesign.com.br\/wp-content\/uploads\/2020\/02\/Jorge_S\u00e1-764x1024.jpg 764w, https:\/\/construcaocivil.siriusmarketingedesign.com.br\/wp-content\/uploads\/2020\/02\/Jorge_S\u00e1-768x1029.jpg 768w, https:\/\/construcaocivil.siriusmarketingedesign.com.br\/wp-content\/uploads\/2020\/02\/Jorge_S\u00e1-1146x1536.jpg 1146w, https:\/\/construcaocivil.siriusmarketingedesign.com.br\/wp-content\/uploads\/2020\/02\/Jorge_S\u00e1.jpg 1272w\" sizes=\"auto, (max-width: 224px) 100vw, 224px\" \/><figcaption id=\"caption-attachment-13287\" class=\"wp-caption-text\">Jorge S\u00e1 &#8211; Presidente do Seconci Joinville<\/figcaption><\/figure>\n<p style=\"text-align: justify;\">Fundado em 1992 pelo Sindicato da Ind\u00fastria da Constru\u00e7\u00e3o Civil de Joinville (SINDUSCON) e pelo Sindicato dos Trabalhadores na Ind\u00fastria da Constru\u00e7\u00e3o e do Mobili\u00e1rio de Joinville (SITICOM) para atender aos colaboradores do setor, o SECONCI atua\u00a0nas \u00e1reas de medicina ocupacional, assistencial e de seguran\u00e7a do trabalho e mant\u00e9m programas de aten\u00e7\u00e3o \u00e0 sa\u00fade, qualidade de vida e redu\u00e7\u00e3o de acidentes em canteiros de obras.<\/p>\n<p style=\"text-align: justify;\">No ano passado, realizou 3.452 atendimentos ocupacionais, 17.781 exames complementares, 841 atendimentos assistenciais e 1.610 consultas odontol\u00f3gicas.<\/p>\n<p style=\"text-align: justify;\">Com a reestrutura\u00e7\u00e3o da sede, o SECONCI passa a oferecer mais de 60 servi\u00e7os na \u00e1rea de medicina ocupacional, al\u00e9m de treinamentos, vistorias em obras, palestras, novos programas com foco em sa\u00fade, seguran\u00e7a e qualidade de vida dos trabalhadores, assessorias em gest\u00e3o de sa\u00fade e acompanhamentos de profissionais afastados, reabilita\u00e7\u00f5es e outras assist\u00eancias.<\/p>\n<figure id=\"attachment_13288\" aria-describedby=\"caption-attachment-13288\" style=\"width: 300px\" class=\"wp-caption alignright\"><img loading=\"lazy\" decoding=\"async\" class=\"size-medium wp-image-13288\" src=\"https:\/\/www.jornaldaconstrucaocivil.com.br\/wp-content\/uploads\/2020\/02\/sede_seconci_-300x180.jpg\" alt=\"\" width=\"300\" height=\"180\" srcset=\"https:\/\/construcaocivil.siriusmarketingedesign.com.br\/wp-content\/uploads\/2020\/02\/sede_seconci_-300x180.jpg 300w, https:\/\/construcaocivil.siriusmarketingedesign.com.br\/wp-content\/uploads\/2020\/02\/sede_seconci_-1024x614.jpg 1024w, https:\/\/construcaocivil.siriusmarketingedesign.com.br\/wp-content\/uploads\/2020\/02\/sede_seconci_-768x460.jpg 768w, https:\/\/construcaocivil.siriusmarketingedesign.com.br\/wp-content\/uploads\/2020\/02\/sede_seconci_-1536x921.jpg 1536w, https:\/\/construcaocivil.siriusmarketingedesign.com.br\/wp-content\/uploads\/2020\/02\/sede_seconci_.jpg 1877w\" sizes=\"auto, (max-width: 300px) 100vw, 300px\" \/><figcaption id=\"caption-attachment-13288\" class=\"wp-caption-text\">Sede<\/figcaption><\/figure>\n<p style=\"text-align: justify;\">De acordo com o presidente do SECONCI Joinville, Jorge Luiz Correia de S\u00e1, a crise econ\u00f4mica e os reflexos na ind\u00fastria da constru\u00e7\u00e3o civil n\u00e3o impediram o setor de continuar investindo em melhorias para os trabalhadores. &#8220;N\u00e3o medimos esfor\u00e7os para garantir um atendimento de qualidade aos nossos 3.600 benefici\u00e1rios. A evolu\u00e7\u00e3o do SECONCI tem sido constante. H\u00e1 cinco anos t\u00ednhamos 10% dos servi\u00e7os que oferecemos hoje&#8221;, diz.<\/p>\n<figure id=\"attachment_13289\" aria-describedby=\"caption-attachment-13289\" style=\"width: 218px\" class=\"wp-caption alignleft\"><img loading=\"lazy\" decoding=\"async\" class=\"size-medium wp-image-13289\" src=\"https:\/\/www.jornaldaconstrucaocivil.com.br\/wp-content\/uploads\/2020\/02\/consultorio-218x300.jpg\" alt=\"\" width=\"218\" height=\"300\" srcset=\"https:\/\/construcaocivil.siriusmarketingedesign.com.br\/wp-content\/uploads\/2020\/02\/consultorio-218x300.jpg 218w, https:\/\/construcaocivil.siriusmarketingedesign.com.br\/wp-content\/uploads\/2020\/02\/consultorio-746x1024.jpg 746w, https:\/\/construcaocivil.siriusmarketingedesign.com.br\/wp-content\/uploads\/2020\/02\/consultorio-768x1055.jpg 768w, https:\/\/construcaocivil.siriusmarketingedesign.com.br\/wp-content\/uploads\/2020\/02\/consultorio-1119x1536.jpg 1119w, https:\/\/construcaocivil.siriusmarketingedesign.com.br\/wp-content\/uploads\/2020\/02\/consultorio.jpg 1332w\" sizes=\"auto, (max-width: 218px) 100vw, 218px\" \/><figcaption id=\"caption-attachment-13289\" class=\"wp-caption-text\">Consult\u00f3rio<\/figcaption><\/figure>\n<p style=\"text-align: justify;\">Al\u00e9m dos atendimentos pr\u00f3prios, o SECONCI mant\u00e9m conv\u00eanios com o SESI, cl\u00ednicas de diagn\u00f3stico por imagem, laborat\u00f3rios de an\u00e1lises cl\u00ednicas e \u00f3ticas. No ano passado iniciou uma parceria com a ACE para atendimentos de fisioterapia e palestras nas \u00e1reas de psicologia, direito social, terapia ocupacional e pedagogia.<\/p>\n<p style=\"text-align: justify;\">No quesito seguran\u00e7a, lembra o presidente Jorge S\u00e1, o SECONCI tem sido refer\u00eancia na\u00a0C\u00e2mara Brasileira da Ind\u00fastria da Constru\u00e7\u00e3o (CBIC)\u00a0com o<strong><span style=\"color: #993300;\"> Programa Obra Mais Segura<\/span><\/strong>, que vistoria o cumprimento das normas e capacita trabalhadores em canteiros de obras de Joinville para ampliar a seguran\u00e7a e reduzir os \u00edndices de acidentes de trabalho.<\/p>\n<p>Fonte: imprensa\/<span style=\"color: #0000ff;\">Seconci Joinville,<\/span><\/p>\n","protected":false},"excerpt":{"rendered":"<p>Fevereiro, 2020 &#8211; O Seconci Joinville &#8211; Servi\u00e7o Social da Ind\u00fastria da Constru\u00e7\u00e3o Civil vai ampliar a oferta de servi\u00e7os aos trabalhadores do setor em 2020. O an\u00fancio foi feito na ter\u00e7a-feira, dia 18 de fevereiro, durante a inaugura\u00e7\u00e3o da amplia\u00e7\u00e3o e reestrutura\u00e7\u00e3o da sede, no bairro Bucarein. A solenidade contou com a presen\u00e7a de [&hellip;]<\/p>\n","protected":false},"author":1,"featured_media":13286,"comment_status":"open","ping_status":"open","sticky":false,"template":"","format":"standard","meta":{"_uag_custom_page_level_css":"","footnotes":""},"categories":[27],"tags":[18511,18512,13277,18510,13174,15868,10726,14929,18509],"class_list":["post-13285","post","type-post","status-publish","format-standard","has-post-thumbnail","hentry","category-acontece","tag-clinicas-de-diagnostico-por-imagem","tag-clinicas-e-oticas","tag-consultas-medicas","tag-programa-obra-mais-segura","tag-santa-catarina-sc","tag-saude-e-cidadania","tag-seconci-joinville","tag-servicos-de-saude","tag-trabalhadores-da-construcao"],"blocksy_meta":[],"spectra_blocks_featured_image_url":{"thumbnail":{"url":"https:\/\/construcaocivil.siriusmarketingedesign.com.br\/wp-content\/uploads\/2020\/02\/reestruturacao_sede_seconci-150x150.jpg","width":150,"height":150},"medium":{"url":"https:\/\/construcaocivil.siriusmarketingedesign.com.br\/wp-content\/uploads\/2020\/02\/reestruturacao_sede_seconci-300x185.jpg","width":300,"height":185},"medium_large":{"url":"https:\/\/construcaocivil.siriusmarketingedesign.com.br\/wp-content\/uploads\/2020\/02\/reestruturacao_sede_seconci-768x473.jpg","width":768,"height":473},"large":{"url":"https:\/\/construcaocivil.siriusmarketingedesign.com.br\/wp-content\/uploads\/2020\/02\/reestruturacao_sede_seconci-1024x630.jpg","width":1024,"height":630},"full":{"url":"https:\/\/construcaocivil.siriusmarketingedesign.com.br\/wp-content\/uploads\/2020\/02\/reestruturacao_sede_seconci.jpg","width":2043,"height":1257}},"spectra_blocks_author_info":{"display_name":"Jornal da Constru\u00e7\u00e3o Civil","avatar_url":"https:\/\/secure.gravatar.com\/avatar\/973c9774fd44ddaceb026973c4962faa70fc512bc4c9da68e8ebb40fecee6540?s=96&d=mm&r=g","author_link":"https:\/\/construcaocivil.siriusmarketingedesign.com.br\/?author=1","description":"Desde de 2013, levando muitas informa\u00e7\u00f5es, lan\u00e7amentos e produtos de qualidade para toda cadeia produtiva da constru\u00e7\u00e3o. O Futuro da constru\u00e7\u00e3o passa por aqui,"},"uagb_featured_image_src":{"full":["https:\/\/construcaocivil.siriusmarketingedesign.com.br\/wp-content\/uploads\/2020\/02\/reestruturacao_sede_seconci.jpg",2043,1257,false],"thumbnail":["https:\/\/construcaocivil.siriusmarketingedesign.com.br\/wp-content\/uploads\/2020\/02\/reestruturacao_sede_seconci-150x150.jpg",150,150,true],"medium":["https:\/\/construcaocivil.siriusmarketingedesign.com.br\/wp-content\/uploads\/2020\/02\/reestruturacao_sede_seconci-300x185.jpg",300,185,true],"medium_large":["https:\/\/construcaocivil.siriusmarketingedesign.com.br\/wp-content\/uploads\/2020\/02\/reestruturacao_sede_seconci-768x473.jpg",768,473,true],"large":["https:\/\/construcaocivil.siriusmarketingedesign.com.br\/wp-content\/uploads\/2020\/02\/reestruturacao_sede_seconci-1024x630.jpg",1024,630,true],"1536x1536":["https:\/\/construcaocivil.siriusmarketingedesign.com.br\/wp-content\/uploads\/2020\/02\/reestruturacao_sede_seconci-1536x945.jpg",1536,945,true],"2048x2048":["https:\/\/construcaocivil.siriusmarketingedesign.com.br\/wp-content\/uploads\/2020\/02\/reestruturacao_sede_seconci.jpg",2043,1257,false]},"uagb_author_info":{"display_name":"Jornal da Constru\u00e7\u00e3o Civil","author_link":"https:\/\/construcaocivil.siriusmarketingedesign.com.br\/?author=1"},"uagb_comment_info":0,"uagb_excerpt":"Fevereiro, 2020 &#8211; O Seconci Joinville &#8211; Servi\u00e7o Social da Ind\u00fastria da Constru\u00e7\u00e3o Civil vai ampliar a oferta de servi\u00e7os aos trabalhadores do setor em 2020. O an\u00fancio foi feito na ter\u00e7a-feira, dia 18 de fevereiro, durante a inaugura\u00e7\u00e3o da amplia\u00e7\u00e3o e reestrutura\u00e7\u00e3o da sede, no bairro Bucarein. A solenidade contou com a presen\u00e7a de&hellip;","_links":{"self":[{"href":"https:\/\/construcaocivil.siriusmarketingedesign.com.br\/index.php?rest_route=\/wp\/v2\/posts\/13285","targetHints":{"allow":["GET"]}}],"collection":[{"href":"https:\/\/construcaocivil.siriusmarketingedesign.com.br\/index.php?rest_route=\/wp\/v2\/posts"}],"about":[{"href":"https:\/\/construcaocivil.siriusmarketingedesign.com.br\/index.php?rest_route=\/wp\/v2\/types\/post"}],"author":[{"embeddable":true,"href":"https:\/\/construcaocivil.siriusmarketingedesign.com.br\/index.php?rest_route=\/wp\/v2\/users\/1"}],"replies":[{"embeddable":true,"href":"https:\/\/construcaocivil.siriusmarketingedesign.com.br\/index.php?rest_route=%2Fwp%2Fv2%2Fcomments&post=13285"}],"version-history":[{"count":0,"href":"https:\/\/construcaocivil.siriusmarketingedesign.com.br\/index.php?rest_route=\/wp\/v2\/posts\/13285\/revisions"}],"wp:featuredmedia":[{"embeddable":true,"href":"https:\/\/construcaocivil.siriusmarketingedesign.com.br\/index.php?rest_route=\/wp\/v2\/media\/13286"}],"wp:attachment":[{"href":"https:\/\/construcaocivil.siriusmarketingedesign.com.br\/index.php?rest_route=%2Fwp%2Fv2%2Fmedia&parent=13285"}],"wp:term":[{"taxonomy":"category","embeddable":true,"href":"https:\/\/construcaocivil.siriusmarketingedesign.com.br\/index.php?rest_route=%2Fwp%2Fv2%2Fcategories&post=13285"},{"taxonomy":"post_tag","embeddable":true,"href":"https:\/\/construcaocivil.siriusmarketingedesign.com.br\/index.php?rest_route=%2Fwp%2Fv2%2Ftags&post=13285"}],"curies":[{"name":"wp","href":"https:\/\/api.w.org\/{rel}","templated":true}]}}