{"id":13302,"date":"2020-02-27T13:03:48","date_gmt":"2020-02-27T16:03:48","guid":{"rendered":"https:\/\/www.jornaldaconstrucaocivil.com.br\/?p=13302"},"modified":"2020-02-27T13:03:48","modified_gmt":"2020-02-27T16:03:48","slug":"brasil-em-risco-senadores-consideram-possivel-compartilhamento-de-video-por-bolsonaro-um-ataque-a-democracia-fonte-agencia-senado","status":"publish","type":"post","link":"https:\/\/construcaocivil.siriusmarketingedesign.com.br\/?p=13302","title":{"rendered":"Brasil em risco: Senadores consideram poss\u00edvel compartilhamento de v\u00eddeo por Bolsonaro um ataque \u00e0 democracia  Fonte: Ag\u00eancia Senado"},"content":{"rendered":"<p><span style=\"color: #0000ff;\"><em>Ag\u00eancia Senado<\/em><\/span><\/p>\n<p style=\"text-align: justify;\"><span style=\"color: #993300;\">Fevereiro, 2020<\/span> &#8211; Senadores reagiram na quarta-feira (26) \u00e0 not\u00edcia de que o presidente Jair Bolsonaro teria compartilhado via WhatsApp um v\u00eddeo convocando a popula\u00e7\u00e3o para atos contra o Congresso Nacional previstos para o dia 15 de mar\u00e7o. Em suas redes sociais, os parlamentares defenderam a democracia e a separa\u00e7\u00e3o entre os Poderes.<\/p>\n<p style=\"text-align: justify;\">O l\u00edder da minoria na Casa, senador Randolfe Rodrigues (Rede-AP), acusou o presidente Bolsonaro de agir como &#8220;um extremista&#8221; e n\u00e3o como presidente do pa\u00eds. E cobrou uma resposta dos presidentes da C\u00e2mara dos Deputados, Rodrigo Maia; do Senado, Davi Alcolumbre, e do Supremo Tribunal Federal, Dias Toffoli.<\/p>\n<p style=\"text-align: justify;\">&#8211; As for\u00e7as democr\u00e1ticas precisam repudiar este comportamento vil e impedir a escalada golpista. A democracia exige defesa e retalia\u00e7\u00e3o ao ocorrido \u2013 declarou, citando ainda Ulysses Guimar\u00e3es sobre a import\u00e2ncia de se respeitar a Constitui\u00e7\u00e3o.<\/p>\n<p style=\"text-align: justify;\">O l\u00edder do PT, senador Rog\u00e9rio Carvalho (SE), tamb\u00e9m cobrou uma posi\u00e7\u00e3o das institui\u00e7\u00f5es democr\u00e1ticas e chegou a falar em\u00a0crime de responsabilidade &#8211; motivo para impeachment de presidentes.<\/p>\n<p style=\"text-align: justify;\">&#8211; Os l\u00edderes das institui\u00e7\u00f5es democr\u00e1ticas precisam se posicionar de forma clara \u00e0s infer\u00eancias, se comprovadas, do presidente da Rep\u00fablica contra o Congresso. Como l\u00edder do PT no Senado, estamos alinhados a todas as for\u00e7as contra este crime de responsabilidade.<\/p>\n<p style=\"text-align: justify;\">A uni\u00e3o em favor da democracia tamb\u00e9m foi pedida pelo l\u00edder do PDT, senador Weverton (MA), que considerou a not\u00edcia \u201cmuito grave\u201d.<\/p>\n<p style=\"text-align: justify;\">&#8211; Muito grave a informa\u00e7\u00e3o de que o presidente da Rep\u00fablica est\u00e1 convocando ato contra os outros poderes. Congresso e STF fechados, s\u00f3 numa ditadura. Precisamos unir os que acreditam na democracia. Golpe de novo, n\u00e3o!<\/p>\n<p style=\"text-align: justify;\">Tamb\u00e9m para o l\u00edder do bloco Senado Independente (PSB, Patriota, Cidadania, PDT e Rede), senador Veneziano Vital do Rego (PSB-PB), o compartilhamento do v\u00eddeo pelo presidente foi irrespons\u00e1vel e um \u201catentado \u00e0 democracia\u201d.<\/p>\n<p style=\"text-align: justify;\">&#8211; Lastim\u00e1vel o gesto antidemocr\u00e1tico e irrespons\u00e1vel do presidente da Rep\u00fablica, que conclama a popula\u00e7\u00e3o brasileira para um ato no pr\u00f3ximo dia 15 contra o Congresso nacional e contra o Supremo atentando contra a democracia e demonstrando o seu prop\u00f3sito ditatorial de fragilizar as institui\u00e7\u00f5es republicanas \u2013 criticou.<\/p>\n<p style=\"text-align: justify;\">J\u00e1 a l\u00edder do Cidadania, Eliziane Gama (MA), destacou que sugerir o fechamento do Congresso coloca em risco a democracia, mas tamb\u00e9m pode comprometer acordos comerciais internacionais importantes para a economia do pa\u00eds.<\/p>\n<p style=\"text-align: justify;\">&#8211; O presidente da Rep\u00fablica tem obriga\u00e7\u00e3o de preservar a harmonia entre os poderes. De forma alguma o presidente eleito pode ter qualquer rela\u00e7\u00e3o, mesmo que distante, com ato que sugere fechamento do Congresso Nacional e subvers\u00e3o da ordem democr\u00e1tica. O Brasil \u00e9 signat\u00e1rio de dezenas de acordos comerciais que podem ajudar muito os brasileiros, e todos estes acordos multilaterais s\u00e3o feitos com democracias. Sugerir subvers\u00e3o da ordem democr\u00e1tica e fechamento do Congresso \u00e9 uma afronta a esses acordos, \u00e9 uma afronta ao Brasil.<\/p>\n<p style=\"text-align: justify;\">Os senadores Fabiano Contarato (Rede-ES) e Angelo Coronel (PSD-BA) se pronunciaram pedindo explica\u00e7\u00f5es ao presidente e cobrando di\u00e1logo entre os Poderes.<\/p>\n<p style=\"text-align: justify;\">&#8211; O Congresso \u00e9 um dos pilares da democracia e n\u00e3o podemos nos calar e aceitar que, a qualquer crise entre os poderes, se envolva o nosso Ex\u00e9rcito, que sempre esteve a postos para manter a ordem e a nossa soberania e n\u00e3o servir de amea\u00e7a para quem n\u00e3o quer ou n\u00e3o tem a arte do di\u00e1logo \u2013 afirmou Coronel.<\/p>\n<p style=\"text-align: justify;\">Os senadores petistas Humberto Costa (PE) e Jean Paul Prates (RN), por sua vez, alertaram para a gravidade do fato.<\/p>\n<p style=\"text-align: justify;\">&#8211; Se for verdade que o presidente da Rep\u00fablica est\u00e1 disparando, de seu celular pessoal, convoca\u00e7\u00e3o para um ato anti-Congresso, estamos diante um consumado crime de responsabilidade. N\u00e3o \u00e9 poss\u00edvel mais que atitudes dessa natureza sejam tratadas como normais \u2013 disse Humberto.<\/p>\n<p style=\"text-align: justify;\">O l\u00edder do MDB e da Maioria no Senado, senador Eduardo Braga (AM), ressaltou em seu Twitter o artigo 2\u00ba da Constitui\u00e7\u00e3o: \u201cS\u00e3o poderes da Uni\u00e3o, independentes e harm\u00f4nicos entre si, o Legislativo, o Executivo e o Judici\u00e1rio&#8221;.<\/p>\n<p style=\"text-align: justify;\">E completou:<\/p>\n<p style=\"text-align: justify;\">&#8211; Agredir o Congresso Nacional \u00e9 agredir o equil\u00edbrio institucional e a democracia. \u00c9 o debate pol\u00edtico no Parlamento que equaciona tens\u00f5es e interesses contradit\u00f3rios da sociedade. Mais do que legislar, cabe ao Congresso fiscalizar e controlar os atos do Executivo, coibindo eventuais \u00a0abusos. Independente de posi\u00e7\u00f5es partid\u00e1rias ou ideol\u00f3gicas, \u00e9 dever de todos respeitar e garantir o pleno exerc\u00edcio do Legislativo.<\/p>\n<p style=\"text-align: justify;\"><b>Apoio \u00e0s manifesta\u00e7\u00f5es<\/b><\/p>\n<p style=\"text-align: justify;\">Integrante da base governista, a senadora Soraya Thronicke (PSL-MS), defendeu o general Augusto Heleno, ministro do Gabinete de Seguran\u00e7a Institucional, que no in\u00edcio do m\u00eas disse que o governo n\u00e3o deveria &#8220;ceder \u00e0s chantagens\u201d do Congresso em rela\u00e7\u00e3o \u00e0 <a class=\"external-link\" title=\"\" href=\"https:\/\/www12.senado.leg.br\/noticias\/materias\/2020\/02\/12\/apreciacao-do-veto-a-orcamento-impositivo-fica-para-depois-do-carnaval\" target=\"_self\" rel=\"noopener noreferrer\">derrubada dos vetos do presidente Jair Bolsonaro ao or\u00e7amento impositivo<\/a> \u2013 uma das pautas da manifesta\u00e7\u00e3o do dia 15.<\/p>\n<p style=\"text-align: justify;\">&#8211; Eu estou nos bastidores e posso dizer com propriedade: n\u00e3o duvidem do general Heleno \u2013 afirmou a senadora.<\/p>\n<p style=\"text-align: justify;\">Soraya disse ainda que n\u00e3o falta articula\u00e7\u00e3o por parte do governo junto ao Congresso, mas falta car\u00e1ter \u00e0queles que se comprometeram com o governo.<\/p>\n<p style=\"text-align: justify;\">&#8211; O plano era pessoal, ca\u00edmos como patetas. Vamos pressionar o Planalto pela sa\u00edda do MDB das lideran\u00e7as do governo.<\/p>\n<p style=\"text-align: justify;\">Major Ol\u00edmpio (SP), l\u00edder do PSL no Senado, refor\u00e7ou que a pauta das manifesta\u00e7\u00f5es era apoio ao veto presidencial ao or\u00e7amento impositivo e <a class=\"external-link\" title=\"\" href=\"https:\/\/www12.senado.leg.br\/noticias\/materias\/2020\/02\/19\/senadores-coletam-assinaturas-para-agilizar-pl-da-prisao-em-segunda-instancia\" target=\"_self\" rel=\"noopener noreferrer\">ao PL da pris\u00e3o ap\u00f3s segunda inst\u00e2ncia<\/a>. Mas afirmou que, caso o presidente tenha mesmo compartilhado o v\u00eddeo contra o Congresso, a situa\u00e7\u00e3o pode ficar \u201cperigosa\u201d.<\/p>\n<p style=\"text-align: justify;\">&#8211; Eu ainda quero crer que possa ter havido um ru\u00eddo de comunica\u00e7\u00e3o. Pode ter sido um familiar, o que j\u00e1 aconteceu em situa\u00e7\u00f5es anteriores. Mas (se se confirmar) a coisa fica muito perigosa e pode gerar uma crise institucional. Uma rela\u00e7\u00e3o que j\u00e1 \u00e9 muito dif\u00edcil hoje, pode ficar ainda mais desgastada.<\/p>\n<p style=\"text-align: justify;\">O senador Kajuru (PSB-GO) tamb\u00e9m apoiou as manifesta\u00e7\u00f5es do pr\u00f3ximo dia 15, assegurando que vai \u00e0s ruas protestar.<\/p>\n<p style=\"text-align: justify;\">Fonte: Ag\u00eancia Senado<\/p>\n","protected":false},"excerpt":{"rendered":"<p>Ag\u00eancia Senado Fevereiro, 2020 &#8211; Senadores reagiram na quarta-feira (26) \u00e0 not\u00edcia de que o presidente Jair Bolsonaro teria compartilhado via WhatsApp um v\u00eddeo convocando a popula\u00e7\u00e3o para atos contra o Congresso Nacional previstos para o dia 15 de mar\u00e7o. Em suas redes sociais, os parlamentares defenderam a democracia e a separa\u00e7\u00e3o entre os Poderes. [&hellip;]<\/p>\n","protected":false},"author":1,"featured_media":13303,"comment_status":"open","ping_status":"open","sticky":false,"template":"","format":"standard","meta":{"_uag_custom_page_level_css":"","footnotes":""},"categories":[27],"tags":[18525,1574,18527,18526,18524,10867,18528],"class_list":["post-13302","post","type-post","status-publish","format-standard","has-post-thumbnail","hentry","category-acontece","tag-bolsonaro-cria-crise-no-brasil","tag-brasilia-df","tag-democracia-ameacada","tag-fabiano-contarato-rede-es","tag-rogerio-carvalho-se","tag-senado-federal","tag-senadores-cobram-bolsonaro"],"blocksy_meta":[],"spectra_blocks_featured_image_url":{"thumbnail":{"url":"https:\/\/construcaocivil.siriusmarketingedesign.com.br\/wp-content\/uploads\/2020\/02\/SENADO-150x150.jpg","width":150,"height":150},"medium":{"url":"https:\/\/construcaocivil.siriusmarketingedesign.com.br\/wp-content\/uploads\/2020\/02\/SENADO-300x200.jpg","width":300,"height":200},"medium_large":{"url":"https:\/\/construcaocivil.siriusmarketingedesign.com.br\/wp-content\/uploads\/2020\/02\/SENADO-768x512.jpg","width":768,"height":512},"large":{"url":"https:\/\/construcaocivil.siriusmarketingedesign.com.br\/wp-content\/uploads\/2020\/02\/SENADO.jpg","width":799,"height":533},"full":{"url":"https:\/\/construcaocivil.siriusmarketingedesign.com.br\/wp-content\/uploads\/2020\/02\/SENADO.jpg","width":799,"height":533}},"spectra_blocks_author_info":{"display_name":"Jornal da Constru\u00e7\u00e3o Civil","avatar_url":"https:\/\/secure.gravatar.com\/avatar\/973c9774fd44ddaceb026973c4962faa70fc512bc4c9da68e8ebb40fecee6540?s=96&d=mm&r=g","author_link":"https:\/\/construcaocivil.siriusmarketingedesign.com.br\/?author=1","description":"Desde de 2013, levando muitas informa\u00e7\u00f5es, lan\u00e7amentos e produtos de qualidade para toda cadeia produtiva da constru\u00e7\u00e3o. O Futuro da constru\u00e7\u00e3o passa por aqui,"},"uagb_featured_image_src":{"full":["https:\/\/construcaocivil.siriusmarketingedesign.com.br\/wp-content\/uploads\/2020\/02\/SENADO.jpg",799,533,false],"thumbnail":["https:\/\/construcaocivil.siriusmarketingedesign.com.br\/wp-content\/uploads\/2020\/02\/SENADO-150x150.jpg",150,150,true],"medium":["https:\/\/construcaocivil.siriusmarketingedesign.com.br\/wp-content\/uploads\/2020\/02\/SENADO-300x200.jpg",300,200,true],"medium_large":["https:\/\/construcaocivil.siriusmarketingedesign.com.br\/wp-content\/uploads\/2020\/02\/SENADO-768x512.jpg",768,512,true],"large":["https:\/\/construcaocivil.siriusmarketingedesign.com.br\/wp-content\/uploads\/2020\/02\/SENADO.jpg",799,533,false],"1536x1536":["https:\/\/construcaocivil.siriusmarketingedesign.com.br\/wp-content\/uploads\/2020\/02\/SENADO.jpg",799,533,false],"2048x2048":["https:\/\/construcaocivil.siriusmarketingedesign.com.br\/wp-content\/uploads\/2020\/02\/SENADO.jpg",799,533,false]},"uagb_author_info":{"display_name":"Jornal da Constru\u00e7\u00e3o Civil","author_link":"https:\/\/construcaocivil.siriusmarketingedesign.com.br\/?author=1"},"uagb_comment_info":0,"uagb_excerpt":"Ag\u00eancia Senado Fevereiro, 2020 &#8211; Senadores reagiram na quarta-feira (26) \u00e0 not\u00edcia de que o presidente Jair Bolsonaro teria compartilhado via WhatsApp um v\u00eddeo convocando a popula\u00e7\u00e3o para atos contra o Congresso Nacional previstos para o dia 15 de mar\u00e7o. Em suas redes sociais, os parlamentares defenderam a democracia e a separa\u00e7\u00e3o entre os Poderes.&hellip;","_links":{"self":[{"href":"https:\/\/construcaocivil.siriusmarketingedesign.com.br\/index.php?rest_route=\/wp\/v2\/posts\/13302","targetHints":{"allow":["GET"]}}],"collection":[{"href":"https:\/\/construcaocivil.siriusmarketingedesign.com.br\/index.php?rest_route=\/wp\/v2\/posts"}],"about":[{"href":"https:\/\/construcaocivil.siriusmarketingedesign.com.br\/index.php?rest_route=\/wp\/v2\/types\/post"}],"author":[{"embeddable":true,"href":"https:\/\/construcaocivil.siriusmarketingedesign.com.br\/index.php?rest_route=\/wp\/v2\/users\/1"}],"replies":[{"embeddable":true,"href":"https:\/\/construcaocivil.siriusmarketingedesign.com.br\/index.php?rest_route=%2Fwp%2Fv2%2Fcomments&post=13302"}],"version-history":[{"count":0,"href":"https:\/\/construcaocivil.siriusmarketingedesign.com.br\/index.php?rest_route=\/wp\/v2\/posts\/13302\/revisions"}],"wp:featuredmedia":[{"embeddable":true,"href":"https:\/\/construcaocivil.siriusmarketingedesign.com.br\/index.php?rest_route=\/wp\/v2\/media\/13303"}],"wp:attachment":[{"href":"https:\/\/construcaocivil.siriusmarketingedesign.com.br\/index.php?rest_route=%2Fwp%2Fv2%2Fmedia&parent=13302"}],"wp:term":[{"taxonomy":"category","embeddable":true,"href":"https:\/\/construcaocivil.siriusmarketingedesign.com.br\/index.php?rest_route=%2Fwp%2Fv2%2Fcategories&post=13302"},{"taxonomy":"post_tag","embeddable":true,"href":"https:\/\/construcaocivil.siriusmarketingedesign.com.br\/index.php?rest_route=%2Fwp%2Fv2%2Ftags&post=13302"}],"curies":[{"name":"wp","href":"https:\/\/api.w.org\/{rel}","templated":true}]}}