{"id":1333,"date":"2016-04-09T15:30:29","date_gmt":"2016-04-09T15:30:29","guid":{"rendered":"http:\/\/www.jornaldaconstrucaocivil.com.br\/?p=1333"},"modified":"2016-04-09T15:30:29","modified_gmt":"2016-04-09T15:30:29","slug":"projetos-arquitetonicos-complementam-proposta-academica","status":"publish","type":"post","link":"https:\/\/construcaocivil.siriusmarketingedesign.com.br\/?p=1333","title":{"rendered":"Projetos arquitet\u00f4nicos complementam proposta acad\u00eamica"},"content":{"rendered":"<p><span style=\"color: #0000ff;\"><strong><em>Cresce o n\u00famero de escolas e faculdades que buscam por projetos arquitet\u00f4nicos elaborados para se destacarem no mercado da educa\u00e7\u00e3o<\/em><\/strong><\/span><\/p>\n<p><span style=\"color: #000000;\">A educa\u00e7\u00e3o \u00e9 a base de uma sociedade. Al\u00e9m de promover ensino de qualidade, escolas e faculdades buscam investir em projetos arquitet\u00f4nicos para se destacarem e proporcionarem comodidade, ambientes alegres e acessibilidade aos seus alunos, criando uma influ\u00eancia positiva na educa\u00e7\u00e3o dos mesmos.<\/span><\/p>\n<figure id=\"attachment_1334\" aria-describedby=\"caption-attachment-1334\" style=\"width: 300px\" class=\"wp-caption alignleft\"><a href=\"http:\/\/www.jornaldaconstrucaocivil.com.br\/wp-content\/uploads\/2016\/04\/ESCOLA-1-OK.jpg\"><img loading=\"lazy\" decoding=\"async\" class=\"wp-image-1334 size-medium\" src=\"http:\/\/www.jornaldaconstrucaocivil.com.br\/wp-content\/uploads\/2016\/04\/ESCOLA-1-OK-300x161.jpg\" alt=\"ESCOLA 1 - OK\" width=\"300\" height=\"161\" \/><\/a><figcaption id=\"caption-attachment-1334\" class=\"wp-caption-text\"><span style=\"color: #ff0000;\">Projetada pelo escrit\u00f3rio Bellini, essa escola de Contagem possui projeto moderno e atemporal seguindo todas as normas do MEC. Imagem: Divulga\u00e7\u00e3o<\/span><\/figcaption><\/figure>\n<p><span style=\"color: #000000;\">Atentos a essa perspectiva, enfatizando o l\u00fadico e a modernidade, Danielle Bellini e Luis Gustavo Bellini, do escrit\u00f3rio Bellini, elaboraram um projeto para uma escola infantil, na cidade de Contagem\/MG, com refer\u00eancias contempor\u00e2neas e dentro das normas estabelecidas pelo MEC. <em>\u201cAs pessoas est\u00e3o abertas para coisas novas. Eu adoro trabalhar com estilo moderno, por ser atemporal. O projeto n\u00e3o perde as linhas contempor\u00e2neas e o estilo n\u00e3o fica ultrapassado, estando sempre atual\u201d<\/em>, conta Danielle Bellini.<\/span><\/p>\n<p><span style=\"color: #000000;\">O projeto arquitet\u00f4nico foi minuciosamente estudado pelos profissionais para atender a todas as necessidades pedidas pelos propriet\u00e1rios da escola e que seguem as normas de educa\u00e7\u00e3o e acessibilidade do Minist\u00e9rio da Educa\u00e7\u00e3o. <em>\u201cTivemos que estudar sobre os tamanhos das salas para estarem dentro das normas do MEC, al\u00e9m de priorizarmos a acessibilidade, com banheiros adaptados e rampas de acesso para os alunos com necessidades especiais\u201d<\/em>, conta Danielle, cujo escrit\u00f3rio atua h\u00e1 mais de 25 anos no setor de educa\u00e7\u00e3o.<\/span><\/p>\n<p><span style=\"color: #000000;\">Criando melhores ambientes escolares, a Horizontes Arquitetura e Urbanismo elaborou projetos para a PUC, o Col\u00e9gio Arnaldo e a Faculdade de S\u00e3o Jo\u00e3o Del Rei, que v\u00e3o al\u00e9m da solu\u00e7\u00e3o construtiva e do espa\u00e7o das salas de aula. O diretor da empresa, Marcelo Palhares Santiago, ressalta que a Horizontes trabalha para entender o funcionamento e\u00a0defici\u00eancias\u00a0do espa\u00e7o f\u00edsico das escolas e faculdades, e prop\u00f5e solu\u00e7\u00f5es que aumentem o potencial de uso e melhorem a qualidade do espa\u00e7o escolar.<\/span><\/p>\n<figure id=\"attachment_1335\" aria-describedby=\"caption-attachment-1335\" style=\"width: 300px\" class=\"wp-caption alignright\"><a href=\"http:\/\/www.jornaldaconstrucaocivil.com.br\/wp-content\/uploads\/2016\/04\/S\u00e3o-Jo\u00e3o-Del-Rey-ok.jpg\"><img loading=\"lazy\" decoding=\"async\" class=\"wp-image-1335 size-medium\" src=\"http:\/\/www.jornaldaconstrucaocivil.com.br\/wp-content\/uploads\/2016\/04\/S\u00e3o-Jo\u00e3o-Del-Rey-ok-300x154.jpg\" alt=\"S\u00e3o Jo\u00e3o Del Rey - ok\" width=\"300\" height=\"154\" \/><\/a><figcaption id=\"caption-attachment-1335\" class=\"wp-caption-text\"><span style=\"color: #ff0000;\">A faculdade de Medicina da Universidade Federal de S\u00e3o Jo\u00e3o Del Rey ser\u00e1 inserida dentro da \u00e1rea de tombamento Hist\u00f3rico da cidade e, por isso, o projeto criado pelo escrit\u00f3rio Horizontes Arquitertura teve que atender a legisla\u00e7\u00f5es espec\u00edficas para respeitar e manter rela\u00e7\u00e3o harmoniosa com o centro hist\u00f3rico.Imagem: Divulga\u00e7\u00e3o<\/span><\/figcaption><\/figure>\n<p><span style=\"color: #000000;\">Na Faculdade de S\u00e3o Jo\u00e3o Del Rey, por exemplo, a Horizontes Arquitetura desenvolveu o projeto do Departamento de Ci\u00eancias T\u00e9rmicas e dos Fluidos, enfatizando aspectos ligados a intera\u00e7\u00e3o dos alunos com vista a proporcionar maior estimulo acad\u00eamico: <em>\u201cBibliotecas, corredores, escadas, setores administrativos, p\u00e1tios, banheiros, etc, devem permitir apropria\u00e7\u00e3o e encontro entre estudantes e professores, pois a troca de conhecimento acontece em todo lugar. A boa arquitetura \u00e9 fundamental para estimular estes encontros. Acreditamos que a arquitetura de uma escola \u00e9 fundamental para a qualidade do ensino, e que um edif\u00edcio bem projetado \u00e9 uma aula viva\u201d<\/em>, sentencia Marcelo Palhares Santiago.<\/span><\/p>\n<p>&nbsp;<\/p>\n<p><span style=\"color: #000000;\">Marcelo tamb\u00e9m explica que as escolas t\u00eam pressa para construir os novos edif\u00edcios e amplia\u00e7\u00f5es, de forma a agilizar a entrada de novos alunos e para que n\u00e3o haja impacto no planejamento \u00e9 importante que as obras sejam r\u00e1pidas:<em> \u201cPara isso, geralmente utilizamos estruturas pr\u00e9-fabricadas (a\u00e7o ou concreto) que s\u00e3o mais \u00e1geis, al\u00e9m da utiliza\u00e7\u00e3o de materiais de acabamento modulados (dimens\u00f5es padronizadas com a estrutura, reduzindo e evitando cortes e altera\u00e7\u00f5es durante a obra). Para permitir que a escola possa fazer mudan\u00e7as futuras no layout utilizamos paredes internas de drywall, preenchidas com isolantes ac\u00fasticos. Isso permite \u00e0s escolas a flexibilidade de alterar a dimens\u00e3o ou quantidade de salas de acordo com seu planejamento anual, sem a realiza\u00e7\u00e3o de obras sujas e complexas\u201d<\/em>, enfatiza.<\/span><\/p>\n<p><span style=\"color: #800000;\">Fonte: M\u00e3o Dupla Comunica\u00e7\u00e3o<\/span><\/p>\n","protected":false},"excerpt":{"rendered":"<p>Cresce o n\u00famero de escolas e faculdades que buscam por projetos arquitet\u00f4nicos elaborados para se destacarem no mercado da educa\u00e7\u00e3o A educa\u00e7\u00e3o \u00e9 a base de uma sociedade. Al\u00e9m de promover ensino de qualidade, escolas e faculdades buscam investir em projetos arquitet\u00f4nicos para se destacarem e proporcionarem comodidade, ambientes alegres e acessibilidade aos seus alunos, [&hellip;]<\/p>\n","protected":false},"author":1,"featured_media":1334,"comment_status":"open","ping_status":"open","sticky":false,"template":"","format":"standard","meta":{"_uag_custom_page_level_css":"","footnotes":""},"categories":[28],"tags":[905,3361,4479,4488,4828,5799,7404,9742,12093,12108],"class_list":["post-1333","post","type-post","status-publish","format-standard","has-post-thumbnail","hentry","category-arquitetura","tag-arquiteto-marcelo-palhares-santiago","tag-danielle-bellini-e-luis-gustavo-bellini","tag-escolas-modernas","tag-escritorio-bellini","tag-faculdades","tag-horizontes-arquitetura-e-urbanismo","tag-mec","tag-projetos-arquitetonicos","tag-universidade-de-medicina-federal-de-sao-joao-del-rey","tag-universidades"],"blocksy_meta":[],"spectra_blocks_featured_image_url":[],"spectra_blocks_author_info":{"display_name":"Jornal da Constru\u00e7\u00e3o Civil","avatar_url":"https:\/\/secure.gravatar.com\/avatar\/973c9774fd44ddaceb026973c4962faa70fc512bc4c9da68e8ebb40fecee6540?s=96&d=mm&r=g","author_link":"https:\/\/construcaocivil.siriusmarketingedesign.com.br\/?author=1","description":"Desde de 2013, levando muitas informa\u00e7\u00f5es, lan\u00e7amentos e produtos de qualidade para toda cadeia produtiva da constru\u00e7\u00e3o. O Futuro da constru\u00e7\u00e3o passa por aqui,"},"uagb_featured_image_src":{"full":false,"thumbnail":false,"medium":false,"medium_large":false,"large":false,"1536x1536":false,"2048x2048":false},"uagb_author_info":{"display_name":"Jornal da Constru\u00e7\u00e3o Civil","author_link":"https:\/\/construcaocivil.siriusmarketingedesign.com.br\/?author=1"},"uagb_comment_info":0,"uagb_excerpt":"Cresce o n\u00famero de escolas e faculdades que buscam por projetos arquitet\u00f4nicos elaborados para se destacarem no mercado da educa\u00e7\u00e3o A educa\u00e7\u00e3o \u00e9 a base de uma sociedade. Al\u00e9m de promover ensino de qualidade, escolas e faculdades buscam investir em projetos arquitet\u00f4nicos para se destacarem e proporcionarem comodidade, ambientes alegres e acessibilidade aos seus alunos,&hellip;","_links":{"self":[{"href":"https:\/\/construcaocivil.siriusmarketingedesign.com.br\/index.php?rest_route=\/wp\/v2\/posts\/1333","targetHints":{"allow":["GET"]}}],"collection":[{"href":"https:\/\/construcaocivil.siriusmarketingedesign.com.br\/index.php?rest_route=\/wp\/v2\/posts"}],"about":[{"href":"https:\/\/construcaocivil.siriusmarketingedesign.com.br\/index.php?rest_route=\/wp\/v2\/types\/post"}],"author":[{"embeddable":true,"href":"https:\/\/construcaocivil.siriusmarketingedesign.com.br\/index.php?rest_route=\/wp\/v2\/users\/1"}],"replies":[{"embeddable":true,"href":"https:\/\/construcaocivil.siriusmarketingedesign.com.br\/index.php?rest_route=%2Fwp%2Fv2%2Fcomments&post=1333"}],"version-history":[{"count":0,"href":"https:\/\/construcaocivil.siriusmarketingedesign.com.br\/index.php?rest_route=\/wp\/v2\/posts\/1333\/revisions"}],"wp:attachment":[{"href":"https:\/\/construcaocivil.siriusmarketingedesign.com.br\/index.php?rest_route=%2Fwp%2Fv2%2Fmedia&parent=1333"}],"wp:term":[{"taxonomy":"category","embeddable":true,"href":"https:\/\/construcaocivil.siriusmarketingedesign.com.br\/index.php?rest_route=%2Fwp%2Fv2%2Fcategories&post=1333"},{"taxonomy":"post_tag","embeddable":true,"href":"https:\/\/construcaocivil.siriusmarketingedesign.com.br\/index.php?rest_route=%2Fwp%2Fv2%2Ftags&post=1333"}],"curies":[{"name":"wp","href":"https:\/\/api.w.org\/{rel}","templated":true}]}}