{"id":13337,"date":"2020-03-05T13:04:30","date_gmt":"2020-03-05T16:04:30","guid":{"rendered":"https:\/\/www.jornaldaconstrucaocivil.com.br\/?p=13337"},"modified":"2020-03-05T13:04:30","modified_gmt":"2020-03-05T16:04:30","slug":"pib-fraco-precisamos-dos-investimentos-publicos-para-o-brasil-crescer-e-se-desenvolver-diz-rodrigo-maia","status":"publish","type":"post","link":"https:\/\/construcaocivil.siriusmarketingedesign.com.br\/?p=13337","title":{"rendered":"PIB Fraco: &#8220;Precisamos dos investimentos p\u00fablicos para o Brasil crescer e se desenvolver, diz Rodrigo Maia"},"content":{"rendered":"<p><em>Da Reda\u00e7\u00e3o &#8211; Jornal da Constru\u00e7\u00e3o Civil\u00a0<\/em><\/p>\n<p style=\"text-align: justify;\"><span style=\"color: #993300;\">Mar\u00e7o, 2020<\/span> &#8211; Ap\u00f3s o IBGE divulgar o resultado do PIB fraco de 1,1% em 2019 o presidente da Camara dos Deputados Rodrigo Maia saiu da toca\u00a0 e esbraveou sobre o resultado dos n\u00fameros da economia nacional ruim no ano passado e cobrou a volta da participa\u00e7\u00e3o do estado nos\u00a0 investimentos p\u00fablicos para o Brasil voltar a crescer e se desenvolver.<\/p>\n<p><span style=\"color: #993300;\"><em><strong>&#8220;&#8221;A grande mensagem [desse resultado] \u00e9 que a participa\u00e7\u00e3o do Estado ser\u00e1 sempre importante para que o Brasil possa crescer e se desenvolver\u201d,<\/strong> <\/em><\/span>afirmou Rodrigo Maia.<\/p>\n<p><iframe loading=\"lazy\" title=\"Maia ressalta import\u00e2ncia dos investimentos p\u00fablicos para o crescimento do Brasil - 04\/03\/2020\" width=\"1290\" height=\"726\" src=\"https:\/\/www.youtube.com\/embed\/aAyf2MByHvk?start=3&amp;feature=oembed\" frameborder=\"0\" allow=\"accelerometer; autoplay; clipboard-write; encrypted-media; gyroscope; picture-in-picture; web-share\" referrerpolicy=\"strict-origin-when-cross-origin\" allowfullscreen><\/iframe><\/p>\n<p style=\"text-align: justify;\">N\u00e3o foi dessa vez que o pa\u00eds saiu do clima de recess\u00e3o que ainda assola o setor econ\u00f4mico brasileiro. H\u00e1 quatro anos s\u00f3 se fala no Brasil em cortar, fechar, demitir, privatizar, meta fiscal, cortar, enxugar, diminuir e etc&#8230;. o resultado: uma retra\u00e7\u00e3o acima do normal. L\u00f3gico que tamb\u00e9m fatores internacionais ajudam o clima de instabilidade econ\u00f4mica ruim, como Coronav\u00edrus, guerra comercail entre China e EUA, Europa com crescimento econ\u00f4mico p\u00edfio, Bolsa em queda e dol\u00e1r em alta, Bolsonaro ameacando invadir e fechar o congresso&#8230;&#8230;&#8230; Toda essa miscel\u00e2nea faz do mundo, neste ano de 2020, uma inc\u00f3gnita.<\/p>\n<p style=\"text-align: justify;\">De positivo do PIB de 2019, quando se separa os setores\u00a0 produtivos individualmente, a Constru\u00e7\u00e3o Civil,\u00a0 ap\u00f3s 5 anos parada, cresceu 1,6%, segundo dados do IBGE. Lembrando, que temos cerca de 7 mil grandes obras paralisadas por todo o Brasil.<\/p>\n<p style=\"text-align: justify;\">De acordo com alguns setores empresariais, setoriais e economistas a solu\u00e7\u00e3o para o Brasil \u00e9 o pr\u00f3prio Brasil, o mercado interno brasileiro \u00e9 gigante e pulsante, afirmam muitos empres\u00e1rios.<\/p>\n<p>Faltam hoje no pa\u00eds mais de 1,5 milh\u00e3o de habita\u00e7\u00f5es populares. O Saneamento batendo na porta por investimentos, o setor de energia renov\u00e1veis clamando por ajuda e as PPI\u00b4s\u00a0 em compasso de tartaruga.<\/p>\n<p>Fonte: C\u00e2mara dos Deputados Federais<\/p>\n","protected":false},"excerpt":{"rendered":"<p>Da Reda\u00e7\u00e3o &#8211; Jornal da Constru\u00e7\u00e3o Civil\u00a0 Mar\u00e7o, 2020 &#8211; Ap\u00f3s o IBGE divulgar o resultado do PIB fraco de 1,1% em 2019 o presidente da Camara dos Deputados Rodrigo Maia saiu da toca\u00a0 e esbraveou sobre o resultado dos n\u00fameros da economia nacional ruim no ano passado e cobrou a volta da participa\u00e7\u00e3o do [&hellip;]<\/p>\n","protected":false},"author":1,"featured_media":13338,"comment_status":"open","ping_status":"open","sticky":false,"template":"","format":"standard","meta":{"_uag_custom_page_level_css":"","footnotes":""},"categories":[27],"tags":[221,1717,3501,18561,18562,7579,18563,8893,16798],"class_list":["post-13337","post","type-post","status-publish","format-standard","has-post-thumbnail","hentry","category-acontece","tag-221","tag-camara-dos-deputados","tag-desemprego","tag-ibge-pib-2019","tag-investimentos-publicos-privado-x-publico","tag-mercado-interno","tag-pib-da-construcao-cresce-1","tag-pib-fraco","tag-rodrigo-maia"],"blocksy_meta":[],"spectra_blocks_featured_image_url":{"thumbnail":{"url":"https:\/\/construcaocivil.siriusmarketingedesign.com.br\/wp-content\/uploads\/2020\/03\/rodrigo-maia-2019-6269.jpg-150x150.jpg","width":150,"height":150},"medium":{"url":"https:\/\/construcaocivil.siriusmarketingedesign.com.br\/wp-content\/uploads\/2020\/03\/rodrigo-maia-2019-6269.jpg-300x200.jpg","width":300,"height":200},"medium_large":{"url":"https:\/\/construcaocivil.siriusmarketingedesign.com.br\/wp-content\/uploads\/2020\/03\/rodrigo-maia-2019-6269.jpg-768x512.jpg","width":768,"height":512},"large":{"url":"https:\/\/construcaocivil.siriusmarketingedesign.com.br\/wp-content\/uploads\/2020\/03\/rodrigo-maia-2019-6269.jpg-1024x683.jpg","width":1024,"height":683},"full":{"url":"https:\/\/construcaocivil.siriusmarketingedesign.com.br\/wp-content\/uploads\/2020\/03\/rodrigo-maia-2019-6269.jpg.jpg","width":1500,"height":1000}},"spectra_blocks_author_info":{"display_name":"Jornal da Constru\u00e7\u00e3o Civil","avatar_url":"https:\/\/secure.gravatar.com\/avatar\/973c9774fd44ddaceb026973c4962faa70fc512bc4c9da68e8ebb40fecee6540?s=96&d=mm&r=g","author_link":"https:\/\/construcaocivil.siriusmarketingedesign.com.br\/?author=1","description":"Desde de 2013, levando muitas informa\u00e7\u00f5es, lan\u00e7amentos e produtos de qualidade para toda cadeia produtiva da constru\u00e7\u00e3o. O Futuro da constru\u00e7\u00e3o passa por aqui,"},"uagb_featured_image_src":{"full":["https:\/\/construcaocivil.siriusmarketingedesign.com.br\/wp-content\/uploads\/2020\/03\/rodrigo-maia-2019-6269.jpg.jpg",1500,1000,false],"thumbnail":["https:\/\/construcaocivil.siriusmarketingedesign.com.br\/wp-content\/uploads\/2020\/03\/rodrigo-maia-2019-6269.jpg-150x150.jpg",150,150,true],"medium":["https:\/\/construcaocivil.siriusmarketingedesign.com.br\/wp-content\/uploads\/2020\/03\/rodrigo-maia-2019-6269.jpg-300x200.jpg",300,200,true],"medium_large":["https:\/\/construcaocivil.siriusmarketingedesign.com.br\/wp-content\/uploads\/2020\/03\/rodrigo-maia-2019-6269.jpg-768x512.jpg",768,512,true],"large":["https:\/\/construcaocivil.siriusmarketingedesign.com.br\/wp-content\/uploads\/2020\/03\/rodrigo-maia-2019-6269.jpg-1024x683.jpg",1024,683,true],"1536x1536":["https:\/\/construcaocivil.siriusmarketingedesign.com.br\/wp-content\/uploads\/2020\/03\/rodrigo-maia-2019-6269.jpg.jpg",1500,1000,false],"2048x2048":["https:\/\/construcaocivil.siriusmarketingedesign.com.br\/wp-content\/uploads\/2020\/03\/rodrigo-maia-2019-6269.jpg.jpg",1500,1000,false]},"uagb_author_info":{"display_name":"Jornal da Constru\u00e7\u00e3o Civil","author_link":"https:\/\/construcaocivil.siriusmarketingedesign.com.br\/?author=1"},"uagb_comment_info":0,"uagb_excerpt":"Da Reda\u00e7\u00e3o &#8211; Jornal da Constru\u00e7\u00e3o Civil\u00a0 Mar\u00e7o, 2020 &#8211; Ap\u00f3s o IBGE divulgar o resultado do PIB fraco de 1,1% em 2019 o presidente da Camara dos Deputados Rodrigo Maia saiu da toca\u00a0 e esbraveou sobre o resultado dos n\u00fameros da economia nacional ruim no ano passado e cobrou a volta da participa\u00e7\u00e3o do&hellip;","_links":{"self":[{"href":"https:\/\/construcaocivil.siriusmarketingedesign.com.br\/index.php?rest_route=\/wp\/v2\/posts\/13337","targetHints":{"allow":["GET"]}}],"collection":[{"href":"https:\/\/construcaocivil.siriusmarketingedesign.com.br\/index.php?rest_route=\/wp\/v2\/posts"}],"about":[{"href":"https:\/\/construcaocivil.siriusmarketingedesign.com.br\/index.php?rest_route=\/wp\/v2\/types\/post"}],"author":[{"embeddable":true,"href":"https:\/\/construcaocivil.siriusmarketingedesign.com.br\/index.php?rest_route=\/wp\/v2\/users\/1"}],"replies":[{"embeddable":true,"href":"https:\/\/construcaocivil.siriusmarketingedesign.com.br\/index.php?rest_route=%2Fwp%2Fv2%2Fcomments&post=13337"}],"version-history":[{"count":0,"href":"https:\/\/construcaocivil.siriusmarketingedesign.com.br\/index.php?rest_route=\/wp\/v2\/posts\/13337\/revisions"}],"wp:featuredmedia":[{"embeddable":true,"href":"https:\/\/construcaocivil.siriusmarketingedesign.com.br\/index.php?rest_route=\/wp\/v2\/media\/13338"}],"wp:attachment":[{"href":"https:\/\/construcaocivil.siriusmarketingedesign.com.br\/index.php?rest_route=%2Fwp%2Fv2%2Fmedia&parent=13337"}],"wp:term":[{"taxonomy":"category","embeddable":true,"href":"https:\/\/construcaocivil.siriusmarketingedesign.com.br\/index.php?rest_route=%2Fwp%2Fv2%2Fcategories&post=13337"},{"taxonomy":"post_tag","embeddable":true,"href":"https:\/\/construcaocivil.siriusmarketingedesign.com.br\/index.php?rest_route=%2Fwp%2Fv2%2Ftags&post=13337"}],"curies":[{"name":"wp","href":"https:\/\/api.w.org\/{rel}","templated":true}]}}