{"id":13393,"date":"2020-03-13T12:34:17","date_gmt":"2020-03-13T15:34:17","guid":{"rendered":"https:\/\/www.jornaldaconstrucaocivil.com.br\/?p=13393"},"modified":"2020-03-13T12:34:17","modified_gmt":"2020-03-13T15:34:17","slug":"sre-trade-show-32a-super-rio-expofood-e-adiada","status":"publish","type":"post","link":"https:\/\/construcaocivil.siriusmarketingedesign.com.br\/?p=13393","title":{"rendered":"SRE Trade Show &#8211; 32\u00aa Super Rio Expofood \u00e9 adiada"},"content":{"rendered":"<p style=\"text-align: justify;\"><span style=\"color: #993300;\">Mar\u00e7o, 2020<\/span> &#8211; Seguindo as orienta\u00e7\u00f5es das autoridades de sa\u00fade do Estado do Rio de Janeiro, para que a popula\u00e7\u00e3o evite locais com grande aglomera\u00e7\u00e3o de pessoas devido \u00e0 dissemina\u00e7\u00e3o do COVID &#8211; 19, o novo coronav\u00edrus, a dire\u00e7\u00e3o da ABRAS (Associa\u00e7\u00e3o Brasileira de Supermercados), da ASSERJ (Associa\u00e7\u00e3o de Supermercados do Estado do Rio de Janeiro) e da Escala Eventos informam que decidiram adiar a realiza\u00e7\u00e3o da SRE<span class=\"text_exposed_show\">\u00a0Trade Show &#8211; Super Rio Expofood e da Conven\u00e7\u00e3o ABRAS que aconteceriam no Riocentro, nos dias 16, 17 e 18 de mar\u00e7o, para o segundo semestre deste ano.<br \/>\n.<br \/>\nTamb\u00e9m foi adiado o evento de abertura da Feira, que aconteceria no pr\u00f3ximo domingo, no Copacabana Palace. Estamos acompanhando as informa\u00e7\u00f5es e orienta\u00e7\u00f5es repassadas pelos \u00f3rg\u00e3os respons\u00e1veis. E manteremos todos os participantes informados a respeito da nova data, assim que for definida.<br \/>\nRefor\u00e7amos que essas medidas s\u00e3o necess\u00e1rias para garantir a seguran\u00e7a de todos os envolvidos.<br \/>\n.<br \/>\nFicamos \u00e0 disposi\u00e7\u00e3o para quaisquer d\u00favidas.<br \/>\n.<br \/>\nAtenciosamente,<br \/>\nDire\u00e7\u00e3o SRE Trade Show &#8211; Super Rio Expofood<\/span><\/p>\n","protected":false},"excerpt":{"rendered":"<p>Mar\u00e7o, 2020 &#8211; Seguindo as orienta\u00e7\u00f5es das autoridades de sa\u00fade do Estado do Rio de Janeiro, para que a popula\u00e7\u00e3o evite locais com grande aglomera\u00e7\u00e3o de pessoas devido \u00e0 dissemina\u00e7\u00e3o do COVID &#8211; 19, o novo coronav\u00edrus, a dire\u00e7\u00e3o da ABRAS (Associa\u00e7\u00e3o Brasileira de Supermercados), da ASSERJ (Associa\u00e7\u00e3o de Supermercados do Estado do Rio de [&hellip;]<\/p>\n","protected":false},"author":1,"featured_media":13394,"comment_status":"open","ping_status":"open","sticky":false,"template":"","format":"standard","meta":{"_uag_custom_page_level_css":"","footnotes":""},"categories":[27],"tags":[18634,601,18635,18637,18520,18617,15598,7711,18638,15640,18636,18633],"class_list":["post-13393","post","type-post","status-publish","format-standard","has-post-thumbnail","hentry","category-acontece","tag-32a-super-rio-expofood","tag-alimentos","tag-asserj","tag-conecta-varejo","tag-coronavirus","tag-covid-19","tag-governo-do-estado-do-rio-de-janeiro","tag-ministerio-da-saude","tag-prevencao-populacao","tag-rio-centro-rj","tag-setor-alimenticio","tag-sre-trade-show"],"blocksy_meta":[],"spectra_blocks_featured_image_url":{"thumbnail":{"url":"https:\/\/construcaocivil.siriusmarketingedesign.com.br\/wp-content\/uploads\/2020\/03\/SUPER-FOODS-150x150.jpg","width":150,"height":150},"medium":{"url":"https:\/\/construcaocivil.siriusmarketingedesign.com.br\/wp-content\/uploads\/2020\/03\/SUPER-FOODS-300x300.jpg","width":300,"height":300},"medium_large":{"url":"https:\/\/construcaocivil.siriusmarketingedesign.com.br\/wp-content\/uploads\/2020\/03\/SUPER-FOODS-768x768.jpg","width":768,"height":768},"large":{"url":"https:\/\/construcaocivil.siriusmarketingedesign.com.br\/wp-content\/uploads\/2020\/03\/SUPER-FOODS.jpg","width":960,"height":960},"full":{"url":"https:\/\/construcaocivil.siriusmarketingedesign.com.br\/wp-content\/uploads\/2020\/03\/SUPER-FOODS.jpg","width":960,"height":960}},"spectra_blocks_author_info":{"display_name":"Jornal da Constru\u00e7\u00e3o Civil","avatar_url":"https:\/\/secure.gravatar.com\/avatar\/973c9774fd44ddaceb026973c4962faa70fc512bc4c9da68e8ebb40fecee6540?s=96&d=mm&r=g","author_link":"https:\/\/construcaocivil.siriusmarketingedesign.com.br\/?author=1","description":"Desde de 2013, levando muitas informa\u00e7\u00f5es, lan\u00e7amentos e produtos de qualidade para toda cadeia produtiva da constru\u00e7\u00e3o. O Futuro da constru\u00e7\u00e3o passa por aqui,"},"uagb_featured_image_src":{"full":["https:\/\/construcaocivil.siriusmarketingedesign.com.br\/wp-content\/uploads\/2020\/03\/SUPER-FOODS.jpg",960,960,false],"thumbnail":["https:\/\/construcaocivil.siriusmarketingedesign.com.br\/wp-content\/uploads\/2020\/03\/SUPER-FOODS-150x150.jpg",150,150,true],"medium":["https:\/\/construcaocivil.siriusmarketingedesign.com.br\/wp-content\/uploads\/2020\/03\/SUPER-FOODS-300x300.jpg",300,300,true],"medium_large":["https:\/\/construcaocivil.siriusmarketingedesign.com.br\/wp-content\/uploads\/2020\/03\/SUPER-FOODS-768x768.jpg",768,768,true],"large":["https:\/\/construcaocivil.siriusmarketingedesign.com.br\/wp-content\/uploads\/2020\/03\/SUPER-FOODS.jpg",960,960,false],"1536x1536":["https:\/\/construcaocivil.siriusmarketingedesign.com.br\/wp-content\/uploads\/2020\/03\/SUPER-FOODS.jpg",960,960,false],"2048x2048":["https:\/\/construcaocivil.siriusmarketingedesign.com.br\/wp-content\/uploads\/2020\/03\/SUPER-FOODS.jpg",960,960,false]},"uagb_author_info":{"display_name":"Jornal da Constru\u00e7\u00e3o Civil","author_link":"https:\/\/construcaocivil.siriusmarketingedesign.com.br\/?author=1"},"uagb_comment_info":0,"uagb_excerpt":"Mar\u00e7o, 2020 &#8211; Seguindo as orienta\u00e7\u00f5es das autoridades de sa\u00fade do Estado do Rio de Janeiro, para que a popula\u00e7\u00e3o evite locais com grande aglomera\u00e7\u00e3o de pessoas devido \u00e0 dissemina\u00e7\u00e3o do COVID &#8211; 19, o novo coronav\u00edrus, a dire\u00e7\u00e3o da ABRAS (Associa\u00e7\u00e3o Brasileira de Supermercados), da ASSERJ (Associa\u00e7\u00e3o de Supermercados do Estado do Rio de&hellip;","_links":{"self":[{"href":"https:\/\/construcaocivil.siriusmarketingedesign.com.br\/index.php?rest_route=\/wp\/v2\/posts\/13393","targetHints":{"allow":["GET"]}}],"collection":[{"href":"https:\/\/construcaocivil.siriusmarketingedesign.com.br\/index.php?rest_route=\/wp\/v2\/posts"}],"about":[{"href":"https:\/\/construcaocivil.siriusmarketingedesign.com.br\/index.php?rest_route=\/wp\/v2\/types\/post"}],"author":[{"embeddable":true,"href":"https:\/\/construcaocivil.siriusmarketingedesign.com.br\/index.php?rest_route=\/wp\/v2\/users\/1"}],"replies":[{"embeddable":true,"href":"https:\/\/construcaocivil.siriusmarketingedesign.com.br\/index.php?rest_route=%2Fwp%2Fv2%2Fcomments&post=13393"}],"version-history":[{"count":0,"href":"https:\/\/construcaocivil.siriusmarketingedesign.com.br\/index.php?rest_route=\/wp\/v2\/posts\/13393\/revisions"}],"wp:featuredmedia":[{"embeddable":true,"href":"https:\/\/construcaocivil.siriusmarketingedesign.com.br\/index.php?rest_route=\/wp\/v2\/media\/13394"}],"wp:attachment":[{"href":"https:\/\/construcaocivil.siriusmarketingedesign.com.br\/index.php?rest_route=%2Fwp%2Fv2%2Fmedia&parent=13393"}],"wp:term":[{"taxonomy":"category","embeddable":true,"href":"https:\/\/construcaocivil.siriusmarketingedesign.com.br\/index.php?rest_route=%2Fwp%2Fv2%2Fcategories&post=13393"},{"taxonomy":"post_tag","embeddable":true,"href":"https:\/\/construcaocivil.siriusmarketingedesign.com.br\/index.php?rest_route=%2Fwp%2Fv2%2Ftags&post=13393"}],"curies":[{"name":"wp","href":"https:\/\/api.w.org\/{rel}","templated":true}]}}