{"id":13406,"date":"2020-03-14T11:01:47","date_gmt":"2020-03-14T14:01:47","guid":{"rendered":"https:\/\/www.jornaldaconstrucaocivil.com.br\/?p=13406"},"modified":"2020-03-14T11:09:36","modified_gmt":"2020-03-14T14:09:36","slug":"feicon-batiat-2020-e-adiada-para-setembro","status":"publish","type":"post","link":"https:\/\/construcaocivil.siriusmarketingedesign.com.br\/?p=13406","title":{"rendered":"Feicon Batiat 2020 \u00e9 adiada para setembro"},"content":{"rendered":"<p class=\"xmsonormal\" style=\"text-align: justify;\"><span style=\"color: #993300;\">Mar\u00e7o, 2020<\/span> &#8211; Devido ao agravamento da situa\u00e7\u00e3o envolvendo o Coronav\u00edrus (COVID-19), a FEICON BATIMAT optou por adiar a 26\u00aa edi\u00e7\u00e3o, passando de mar\u00e7o para os dias 15, 16, 17 e 18 de setembro de 2020, no SP Expo.<\/p>\n<p class=\"xmsonormal\" style=\"text-align: justify;\">Com uma expectativa de p\u00fablico superior a 85 mil pessoas, mais de 700 marcas envolvidas e reconhecida como principal vitrine de lan\u00e7amentos, tend\u00eancias e tecnologias, a FEICON BATIMAT sabe da sua import\u00e2ncia para o setor em quase tr\u00eas d\u00e9cadas de hist\u00f3ria e continuar\u00e1 trabalhando para entregar um evento repleto de experi\u00eancias, oportunidades de neg\u00f3cio e de relacionamento.<\/p>\n<p>Fonte: Iprensa\/ Feicon &#8211; Batiat<\/p>\n","protected":false},"excerpt":{"rendered":"<p>Mar\u00e7o, 2020 &#8211; Devido ao agravamento da situa\u00e7\u00e3o envolvendo o Coronav\u00edrus (COVID-19), a FEICON BATIMAT optou por adiar a 26\u00aa edi\u00e7\u00e3o, passando de mar\u00e7o para os dias 15, 16, 17 e 18 de setembro de 2020, no SP Expo. Com uma expectativa de p\u00fablico superior a 85 mil pessoas, mais de 700 marcas envolvidas e [&hellip;]<\/p>\n","protected":false},"author":1,"featured_media":13408,"comment_status":"open","ping_status":"open","sticky":false,"template":"","format":"standard","meta":{"_uag_custom_page_level_css":"","footnotes":""},"categories":[27],"tags":[18654,18658,18659,18656,18655,7370,18657,10679,12216],"class_list":["post-13406","post","type-post","status-publish","format-standard","has-post-thumbnail","hentry","category-acontece","tag-coronavirus-covid-19","tag-eventos-adiados-e-cancelados","tag-fabricantes-e-lojistas","tag-feicon-set-20","tag-feicon-batiat-2020-aterial-de-construcao","tag-material-eletrico","tag-produtos-e-lancamentos-casa-e-edificacoes","tag-sao-paulo-sp","tag-varejo-material-de-construcao"],"blocksy_meta":[],"spectra_blocks_featured_image_url":{"thumbnail":{"url":"https:\/\/construcaocivil.siriusmarketingedesign.com.br\/wp-content\/uploads\/2020\/03\/AB-BATIMAT-2020-150x150.jpg","width":150,"height":150},"medium":{"url":"https:\/\/construcaocivil.siriusmarketingedesign.com.br\/wp-content\/uploads\/2020\/03\/AB-BATIMAT-2020-300x136.jpg","width":300,"height":136},"medium_large":{"url":"https:\/\/construcaocivil.siriusmarketingedesign.com.br\/wp-content\/uploads\/2020\/03\/AB-BATIMAT-2020.jpg","width":746,"height":338},"large":{"url":"https:\/\/construcaocivil.siriusmarketingedesign.com.br\/wp-content\/uploads\/2020\/03\/AB-BATIMAT-2020.jpg","width":746,"height":338},"full":{"url":"https:\/\/construcaocivil.siriusmarketingedesign.com.br\/wp-content\/uploads\/2020\/03\/AB-BATIMAT-2020.jpg","width":746,"height":338}},"spectra_blocks_author_info":{"display_name":"Jornal da Constru\u00e7\u00e3o Civil","avatar_url":"https:\/\/secure.gravatar.com\/avatar\/973c9774fd44ddaceb026973c4962faa70fc512bc4c9da68e8ebb40fecee6540?s=96&d=mm&r=g","author_link":"https:\/\/construcaocivil.siriusmarketingedesign.com.br\/?author=1","description":"Desde de 2013, levando muitas informa\u00e7\u00f5es, lan\u00e7amentos e produtos de qualidade para toda cadeia produtiva da constru\u00e7\u00e3o. O Futuro da constru\u00e7\u00e3o passa por aqui,"},"uagb_featured_image_src":{"full":["https:\/\/construcaocivil.siriusmarketingedesign.com.br\/wp-content\/uploads\/2020\/03\/AB-BATIMAT-2020.jpg",746,338,false],"thumbnail":["https:\/\/construcaocivil.siriusmarketingedesign.com.br\/wp-content\/uploads\/2020\/03\/AB-BATIMAT-2020-150x150.jpg",150,150,true],"medium":["https:\/\/construcaocivil.siriusmarketingedesign.com.br\/wp-content\/uploads\/2020\/03\/AB-BATIMAT-2020-300x136.jpg",300,136,true],"medium_large":["https:\/\/construcaocivil.siriusmarketingedesign.com.br\/wp-content\/uploads\/2020\/03\/AB-BATIMAT-2020.jpg",746,338,false],"large":["https:\/\/construcaocivil.siriusmarketingedesign.com.br\/wp-content\/uploads\/2020\/03\/AB-BATIMAT-2020.jpg",746,338,false],"1536x1536":["https:\/\/construcaocivil.siriusmarketingedesign.com.br\/wp-content\/uploads\/2020\/03\/AB-BATIMAT-2020.jpg",746,338,false],"2048x2048":["https:\/\/construcaocivil.siriusmarketingedesign.com.br\/wp-content\/uploads\/2020\/03\/AB-BATIMAT-2020.jpg",746,338,false]},"uagb_author_info":{"display_name":"Jornal da Constru\u00e7\u00e3o Civil","author_link":"https:\/\/construcaocivil.siriusmarketingedesign.com.br\/?author=1"},"uagb_comment_info":0,"uagb_excerpt":"Mar\u00e7o, 2020 &#8211; Devido ao agravamento da situa\u00e7\u00e3o envolvendo o Coronav\u00edrus (COVID-19), a FEICON BATIMAT optou por adiar a 26\u00aa edi\u00e7\u00e3o, passando de mar\u00e7o para os dias 15, 16, 17 e 18 de setembro de 2020, no SP Expo. Com uma expectativa de p\u00fablico superior a 85 mil pessoas, mais de 700 marcas envolvidas e&hellip;","_links":{"self":[{"href":"https:\/\/construcaocivil.siriusmarketingedesign.com.br\/index.php?rest_route=\/wp\/v2\/posts\/13406","targetHints":{"allow":["GET"]}}],"collection":[{"href":"https:\/\/construcaocivil.siriusmarketingedesign.com.br\/index.php?rest_route=\/wp\/v2\/posts"}],"about":[{"href":"https:\/\/construcaocivil.siriusmarketingedesign.com.br\/index.php?rest_route=\/wp\/v2\/types\/post"}],"author":[{"embeddable":true,"href":"https:\/\/construcaocivil.siriusmarketingedesign.com.br\/index.php?rest_route=\/wp\/v2\/users\/1"}],"replies":[{"embeddable":true,"href":"https:\/\/construcaocivil.siriusmarketingedesign.com.br\/index.php?rest_route=%2Fwp%2Fv2%2Fcomments&post=13406"}],"version-history":[{"count":0,"href":"https:\/\/construcaocivil.siriusmarketingedesign.com.br\/index.php?rest_route=\/wp\/v2\/posts\/13406\/revisions"}],"wp:featuredmedia":[{"embeddable":true,"href":"https:\/\/construcaocivil.siriusmarketingedesign.com.br\/index.php?rest_route=\/wp\/v2\/media\/13408"}],"wp:attachment":[{"href":"https:\/\/construcaocivil.siriusmarketingedesign.com.br\/index.php?rest_route=%2Fwp%2Fv2%2Fmedia&parent=13406"}],"wp:term":[{"taxonomy":"category","embeddable":true,"href":"https:\/\/construcaocivil.siriusmarketingedesign.com.br\/index.php?rest_route=%2Fwp%2Fv2%2Fcategories&post=13406"},{"taxonomy":"post_tag","embeddable":true,"href":"https:\/\/construcaocivil.siriusmarketingedesign.com.br\/index.php?rest_route=%2Fwp%2Fv2%2Ftags&post=13406"}],"curies":[{"name":"wp","href":"https:\/\/api.w.org\/{rel}","templated":true}]}}