{"id":13409,"date":"2020-03-14T11:33:25","date_gmt":"2020-03-14T14:33:25","guid":{"rendered":"https:\/\/www.jornaldaconstrucaocivil.com.br\/?p=13409"},"modified":"2020-03-14T11:34:28","modified_gmt":"2020-03-14T14:34:28","slug":"seconci-rio-construcao-civil-do-rj-na-luta-contra-o-sarampo","status":"publish","type":"post","link":"https:\/\/construcaocivil.siriusmarketingedesign.com.br\/?p=13409","title":{"rendered":"Seconci-Rio: Constru\u00e7\u00e3o Civil do RJ na luta contra o sarampo"},"content":{"rendered":"<p style=\"font-weight: 400; text-align: justify;\"><span style=\"color: #993300;\">Mar\u00e7o, 2020<\/span> &#8211; Diante do recente surto de sarampo, a conscientiza\u00e7\u00e3o sobre a import\u00e2ncia da vacina\u00e7\u00e3o nunca foi t\u00e3o necess\u00e1ria. Em pleno 2020 o Brasil assiste perplexo ao retorno de doen\u00e7as erradicadas h\u00e1 mais de duas d\u00e9cadas, alavancadas por diversos boatos que acabam por dificultar o aumento das taxas de ades\u00e3o populacional \u00e0s campanhas de vacina\u00e7\u00e3o.<\/p>\n<p style=\"font-weight: 400; text-align: justify;\">N\u00e3o \u00e9 de hoje que o Seconci-Rio est\u00e1 engajado nessa luta: h\u00e1 23 a entidade fechou parceria com a Secretaria Municipal de Sa\u00fade para imunizar os trabalhadores da Constru\u00e7\u00e3o Civil contra in\u00fameras enfermidades. Desde 1997 j\u00e1 foram distribu\u00eddas mais de 500 mil doses (164.495 mil s\u00f3 do sarampo) em um dos p\u00fablicos de dific\u00edlima ades\u00e3o: o homem na idade produtiva.\u00a0<strong>Diariamente o Seconci-Rio coloca uma equipe de vacina\u00e7\u00e3o nos canteiros de obras para fazer as aplica\u00e7\u00f5es e verificar as carteiras dos funcion\u00e1rios,<\/strong>\u00a0contribuindo para a mitiga\u00e7\u00e3o dos riscos e diminui\u00e7\u00e3o dos casos de prolifera\u00e7\u00e3o. Hoje cerca de 300 mil trabalhadores ativos recebem esse acompanhamento, somente no Rio de Janeiro.<\/p>\n<p style=\"font-weight: 400; text-align: justify;\"><strong>Para que o trabalhador da Constru\u00e7\u00e3o Civil possa ser vacinado, ele e seus familiares devem comparecer \u00e0 sede do Seconci (Rua Par\u00e1, 141 \u2013 Pra\u00e7a da Bandeira) de segunda a sexta-feira, das 11h \u00e0s 17h<\/strong>\u00a0levando carteira de trabalho e contracheque. A inten\u00e7\u00e3o \u00e9 somar for\u00e7as junto ao Governo Federal para ajudar a baixar os \u00edndices de cont\u00e1gio e de surgimentos de novos casos.<\/p>\n<p style=\"font-weight: 400; text-align: center;\"><span style=\"color: #993300;\"><strong><em>SAIBA MAIS SOBRE O SARAMPO<\/em><\/strong><\/span><\/p>\n<p style=\"font-weight: 400;\"><span style=\"color: #0000ff;\"><strong><em>\u00a0<\/em><\/strong><em>&#8211; Introduzida no Brasil na d\u00e9cada de 60, a vacina \u00e9 o \u00fanico meio de preven\u00e7\u00e3o do sarampo, que n\u00e3o possui tratamento e \u00e9 contagiosa. A doen\u00e7a \u00e9 transmitida por tosse e espirro, tendo como principais sintomas febre alta, coriza e olhos irritados.\u00a0O sarampo, em adultos, pode trazer consequ\u00eancias graves, como<\/em><em><br \/>\npneumonia, diarreia, otite aguda (infec\u00e7\u00e3o no ouvido), encefalite (inflama\u00e7\u00f5es agudas do c\u00e9rebro), podendo at\u00e9 mesmo provocar a morte.<\/em><\/span><\/p>\n<p style=\"font-weight: 400;\"><span style=\"color: #0000ff;\"><em>&#8211; Quem tem entre\u00a01 e 29\u00a0anos e recebeu apenas uma dose, recomenda-se completar o esquema vacinal com a segunda dose;<\/em><\/span><\/p>\n<p style=\"font-weight: 400;\"><span style=\"color: #0000ff;\"><em>&#8211; Quem comprovar as duas doses da vacina do sarampo, n\u00e3o precisa se vacinar novamente.<\/em><\/span><\/p>\n<p style=\"font-weight: 400;\"><em><span style=\"color: #0000ff;\">&#8211; Para quem n\u00e3o tomou nenhuma dose, perdeu o cart\u00e3o ou n\u00e3o se lembra: De 1 a 29 anos<\/span><\/em><span style=\"color: #0000ff;\"><em>: s\u00e3o necess\u00e1rias duas doses; de 30 a 59 anos\u00a0\u2013 apenas uma dose.<\/em><\/span><\/p>\n<p>Fonte: Imprensa\/Seconci-Rio<\/p>\n","protected":false},"excerpt":{"rendered":"<p>Mar\u00e7o, 2020 &#8211; Diante do recente surto de sarampo, a conscientiza\u00e7\u00e3o sobre a import\u00e2ncia da vacina\u00e7\u00e3o nunca foi t\u00e3o necess\u00e1ria. Em pleno 2020 o Brasil assiste perplexo ao retorno de doen\u00e7as erradicadas h\u00e1 mais de duas d\u00e9cadas, alavancadas por diversos boatos que acabam por dificultar o aumento das taxas de ades\u00e3o populacional \u00e0s campanhas de [&hellip;]<\/p>\n","protected":false},"author":1,"featured_media":13410,"comment_status":"open","ping_status":"open","sticky":false,"template":"","format":"standard","meta":{"_uag_custom_page_level_css":"","footnotes":""},"categories":[27],"tags":[18662,18663,18664,18660,18065,18661],"class_list":["post-13409","post","type-post","status-publish","format-standard","has-post-thumbnail","hentry","category-acontece","tag-canteiro-de-obra-vacinacao","tag-imunizar-os-trabalhadores-da-construcao-civil","tag-rua-para-praca-da-bandeira-rj","tag-sarampo-como-se-prevenir","tag-saude-e-prevencao","tag-vacinas"],"blocksy_meta":[],"spectra_blocks_featured_image_url":{"thumbnail":{"url":"https:\/\/construcaocivil.siriusmarketingedesign.com.br\/wp-content\/uploads\/2020\/03\/B-Vacina\u00e7\u00e3o-3-150x150.jpg","width":150,"height":150},"medium":{"url":"https:\/\/construcaocivil.siriusmarketingedesign.com.br\/wp-content\/uploads\/2020\/03\/B-Vacina\u00e7\u00e3o-3-300x191.jpg","width":300,"height":191},"medium_large":{"url":"https:\/\/construcaocivil.siriusmarketingedesign.com.br\/wp-content\/uploads\/2020\/03\/B-Vacina\u00e7\u00e3o-3-768x489.jpg","width":768,"height":489},"large":{"url":"https:\/\/construcaocivil.siriusmarketingedesign.com.br\/wp-content\/uploads\/2020\/03\/B-Vacina\u00e7\u00e3o-3-1024x653.jpg","width":1024,"height":653},"full":{"url":"https:\/\/construcaocivil.siriusmarketingedesign.com.br\/wp-content\/uploads\/2020\/03\/B-Vacina\u00e7\u00e3o-3-scaled.jpg","width":2560,"height":1632}},"spectra_blocks_author_info":{"display_name":"Jornal da Constru\u00e7\u00e3o Civil","avatar_url":"https:\/\/secure.gravatar.com\/avatar\/973c9774fd44ddaceb026973c4962faa70fc512bc4c9da68e8ebb40fecee6540?s=96&d=mm&r=g","author_link":"https:\/\/construcaocivil.siriusmarketingedesign.com.br\/?author=1","description":"Desde de 2013, levando muitas informa\u00e7\u00f5es, lan\u00e7amentos e produtos de qualidade para toda cadeia produtiva da constru\u00e7\u00e3o. O Futuro da constru\u00e7\u00e3o passa por aqui,"},"uagb_featured_image_src":{"full":["https:\/\/construcaocivil.siriusmarketingedesign.com.br\/wp-content\/uploads\/2020\/03\/B-Vacina\u00e7\u00e3o-3-scaled.jpg",2560,1632,false],"thumbnail":["https:\/\/construcaocivil.siriusmarketingedesign.com.br\/wp-content\/uploads\/2020\/03\/B-Vacina\u00e7\u00e3o-3-150x150.jpg",150,150,true],"medium":["https:\/\/construcaocivil.siriusmarketingedesign.com.br\/wp-content\/uploads\/2020\/03\/B-Vacina\u00e7\u00e3o-3-300x191.jpg",300,191,true],"medium_large":["https:\/\/construcaocivil.siriusmarketingedesign.com.br\/wp-content\/uploads\/2020\/03\/B-Vacina\u00e7\u00e3o-3-768x489.jpg",768,489,true],"large":["https:\/\/construcaocivil.siriusmarketingedesign.com.br\/wp-content\/uploads\/2020\/03\/B-Vacina\u00e7\u00e3o-3-1024x653.jpg",1024,653,true],"1536x1536":["https:\/\/construcaocivil.siriusmarketingedesign.com.br\/wp-content\/uploads\/2020\/03\/B-Vacina\u00e7\u00e3o-3-1536x979.jpg",1536,979,true],"2048x2048":["https:\/\/construcaocivil.siriusmarketingedesign.com.br\/wp-content\/uploads\/2020\/03\/B-Vacina\u00e7\u00e3o-3-2048x1305.jpg",2048,1305,true]},"uagb_author_info":{"display_name":"Jornal da Constru\u00e7\u00e3o Civil","author_link":"https:\/\/construcaocivil.siriusmarketingedesign.com.br\/?author=1"},"uagb_comment_info":0,"uagb_excerpt":"Mar\u00e7o, 2020 &#8211; Diante do recente surto de sarampo, a conscientiza\u00e7\u00e3o sobre a import\u00e2ncia da vacina\u00e7\u00e3o nunca foi t\u00e3o necess\u00e1ria. Em pleno 2020 o Brasil assiste perplexo ao retorno de doen\u00e7as erradicadas h\u00e1 mais de duas d\u00e9cadas, alavancadas por diversos boatos que acabam por dificultar o aumento das taxas de ades\u00e3o populacional \u00e0s campanhas de&hellip;","_links":{"self":[{"href":"https:\/\/construcaocivil.siriusmarketingedesign.com.br\/index.php?rest_route=\/wp\/v2\/posts\/13409","targetHints":{"allow":["GET"]}}],"collection":[{"href":"https:\/\/construcaocivil.siriusmarketingedesign.com.br\/index.php?rest_route=\/wp\/v2\/posts"}],"about":[{"href":"https:\/\/construcaocivil.siriusmarketingedesign.com.br\/index.php?rest_route=\/wp\/v2\/types\/post"}],"author":[{"embeddable":true,"href":"https:\/\/construcaocivil.siriusmarketingedesign.com.br\/index.php?rest_route=\/wp\/v2\/users\/1"}],"replies":[{"embeddable":true,"href":"https:\/\/construcaocivil.siriusmarketingedesign.com.br\/index.php?rest_route=%2Fwp%2Fv2%2Fcomments&post=13409"}],"version-history":[{"count":0,"href":"https:\/\/construcaocivil.siriusmarketingedesign.com.br\/index.php?rest_route=\/wp\/v2\/posts\/13409\/revisions"}],"wp:featuredmedia":[{"embeddable":true,"href":"https:\/\/construcaocivil.siriusmarketingedesign.com.br\/index.php?rest_route=\/wp\/v2\/media\/13410"}],"wp:attachment":[{"href":"https:\/\/construcaocivil.siriusmarketingedesign.com.br\/index.php?rest_route=%2Fwp%2Fv2%2Fmedia&parent=13409"}],"wp:term":[{"taxonomy":"category","embeddable":true,"href":"https:\/\/construcaocivil.siriusmarketingedesign.com.br\/index.php?rest_route=%2Fwp%2Fv2%2Fcategories&post=13409"},{"taxonomy":"post_tag","embeddable":true,"href":"https:\/\/construcaocivil.siriusmarketingedesign.com.br\/index.php?rest_route=%2Fwp%2Fv2%2Ftags&post=13409"}],"curies":[{"name":"wp","href":"https:\/\/api.w.org\/{rel}","templated":true}]}}