{"id":13426,"date":"2020-03-24T15:27:45","date_gmt":"2020-03-24T18:27:45","guid":{"rendered":"https:\/\/www.jornaldaconstrucaocivil.com.br\/?p=13426"},"modified":"2020-03-24T20:03:34","modified_gmt":"2020-03-24T23:03:34","slug":"27o-congresso-mundial-de-arquitetos-e-adiado-para-julho-de-2021","status":"publish","type":"post","link":"https:\/\/construcaocivil.siriusmarketingedesign.com.br\/?p=13426","title":{"rendered":"27o Congresso Mundial de Arquitetos \u00e9 adiado para julho de 2021"},"content":{"rendered":"<p style=\"text-align: justify;\"><span style=\"color: #000000;\"><img loading=\"lazy\" decoding=\"async\" class=\"size-medium wp-image-13427 alignleft\" src=\"https:\/\/www.jornaldaconstrucaocivil.com.br\/wp-content\/uploads\/2020\/03\/Comunicado_UIA-PT-300x269.png\" alt=\"\" width=\"300\" height=\"269\" srcset=\"https:\/\/construcaocivil.siriusmarketingedesign.com.br\/wp-content\/uploads\/2020\/03\/Comunicado_UIA-PT-300x269.png 300w, https:\/\/construcaocivil.siriusmarketingedesign.com.br\/wp-content\/uploads\/2020\/03\/Comunicado_UIA-PT.png 656w\" sizes=\"auto, (max-width: 300px) 100vw, 300px\" \/>A Uni\u00e3o Internacional dos Arquitetos (UIA) e o Instituto de Arquitetos do Brasil (IAB) comunicaram o adiamento, para 18 a 22 de julho de 2021, da realiza\u00e7\u00e3o do 27\u00ba Congresso Mundial dos Arquitetos UIA2020RIO \u2013 inicialmente previsto para o per\u00edodo de 19 a 23 de julho de 2020, no Rio de Janeiro.<\/span><\/p>\n<p style=\"text-align: justify;\"><span style=\"color: #000000;\">A decis\u00e3o foi tomada em conjunto com o Comit\u00ea Executivo do UIA2020RIO, ap\u00f3s avalia\u00e7\u00e3o criteriosa da situa\u00e7\u00e3o de pandemia do v\u00edrus Corona (COVID-19), que representa uma s\u00e9rie de dificuldades (principalmente amea\u00e7as \u00e0 sa\u00fade) para que a grande maioria dos pa\u00edses possa estar presente no maior evento mundial da Arquitetura.<\/span><\/p>\n<p style=\"text-align: justify;\"><span style=\"color: #000000;\">O UIA2020RO conta com participantes inscritos de mais de 60 pa\u00edses e tem a confirma\u00e7\u00e3o de cerca de 50 palestrantes e 7 keynote speakers de 17 pa\u00edses. A expectativa original era de que o evento atrairia ao Rio de Janeiro, em 2020, entre 15 mil e 20 mil participantes, configurando-se como um dos maiores eventos corporativos da Cidade do Rio de Janeiro neste ano.<\/span><\/p>\n<p style=\"text-align: justify;\"><span style=\"color: #000000;\">Os v\u00e1rios eventos pr\u00e9-congresso \u2013 exposi\u00e7\u00f5es, semin\u00e1rios, palestras e outros \u2013 ser\u00e3o remarcados t\u00e3o logo a situa\u00e7\u00e3o de pandemia do coronav\u00edrus permita.<\/span><\/p>\n<p style=\"text-align: justify;\"><span style=\"color: #000000;\">\u201cA situa\u00e7\u00e3o que estamos viv<\/span><span style=\"color: #000000; text-transform: initial;\">endo \u00e9 dram\u00e1tica, e \u00e9 uma pena que tenhamos que adiar nosso maior evento. Mas tanto n\u00f3s, aqui na UIA, quanto a equipe que est\u00e1 organizando o UIA2020RIO no Brasil, estamos fortemente comprometidos com a reorganiza\u00e7\u00e3o dos preparativos, para garantir que tenhamos um de nossos Congressos mais relevantes em 2021. Essa crise do coronav\u00edrus coloca novos cen\u00e1rios e quest\u00f5es para a Arquitetura e o Urbanismo que precisam ser bastante discutidas\u201d, afirma Thomas Vonier, presidente da Uni\u00e3o Internacional de Arquitetos.<\/span><\/p>\n<p style=\"text-align: justify;\"><span style=\"color: #000000;\">Todas as inscri\u00e7\u00f5es j\u00e1 realizadas valer\u00e3o para a nova data do evento e a programa\u00e7\u00e3o do 27\u00ba Congresso Mundial de Arquitetos n\u00e3o dever\u00e1 sofrer altera\u00e7\u00f5es.<\/span><\/p>\n<p>Fonte: comunicado oficial da UIA e do IAB<\/p>\n","protected":false},"excerpt":{"rendered":"<p>A Uni\u00e3o Internacional dos Arquitetos (UIA) e o Instituto de Arquitetos do Brasil (IAB) comunicaram o adiamento, para 18 a 22 de julho de 2021, da realiza\u00e7\u00e3o do 27\u00ba Congresso Mundial dos Arquitetos UIA2020RIO \u2013 inicialmente previsto para o per\u00edodo de 19 a 23 de julho de 2020, no Rio de Janeiro. A decis\u00e3o foi [&hellip;]<\/p>\n","protected":false},"author":1,"featured_media":13427,"comment_status":"open","ping_status":"open","sticky":false,"template":"","format":"standard","meta":{"_uag_custom_page_level_css":"","footnotes":""},"categories":[27],"tags":[911,1800,2743,18654,5833,18666],"class_list":["post-13426","post","type-post","status-publish","format-standard","has-post-thumbnail","hentry","category-acontece","tag-arquitetura","tag-cancelamento","tag-congresso","tag-coronavirus-covid-19","tag-iab","tag-uia"],"blocksy_meta":[],"spectra_blocks_featured_image_url":{"thumbnail":{"url":"https:\/\/construcaocivil.siriusmarketingedesign.com.br\/wp-content\/uploads\/2020\/03\/Comunicado_UIA-PT-150x150.png","width":150,"height":150},"medium":{"url":"https:\/\/construcaocivil.siriusmarketingedesign.com.br\/wp-content\/uploads\/2020\/03\/Comunicado_UIA-PT-300x269.png","width":300,"height":269},"medium_large":{"url":"https:\/\/construcaocivil.siriusmarketingedesign.com.br\/wp-content\/uploads\/2020\/03\/Comunicado_UIA-PT.png","width":656,"height":589},"large":{"url":"https:\/\/construcaocivil.siriusmarketingedesign.com.br\/wp-content\/uploads\/2020\/03\/Comunicado_UIA-PT.png","width":656,"height":589},"full":{"url":"https:\/\/construcaocivil.siriusmarketingedesign.com.br\/wp-content\/uploads\/2020\/03\/Comunicado_UIA-PT.png","width":656,"height":589}},"spectra_blocks_author_info":{"display_name":"Jornal da Constru\u00e7\u00e3o Civil","avatar_url":"https:\/\/secure.gravatar.com\/avatar\/973c9774fd44ddaceb026973c4962faa70fc512bc4c9da68e8ebb40fecee6540?s=96&d=mm&r=g","author_link":"https:\/\/construcaocivil.siriusmarketingedesign.com.br\/?author=1","description":"Desde de 2013, levando muitas informa\u00e7\u00f5es, lan\u00e7amentos e produtos de qualidade para toda cadeia produtiva da constru\u00e7\u00e3o. O Futuro da constru\u00e7\u00e3o passa por aqui,"},"uagb_featured_image_src":{"full":["https:\/\/construcaocivil.siriusmarketingedesign.com.br\/wp-content\/uploads\/2020\/03\/Comunicado_UIA-PT.png",656,589,false],"thumbnail":["https:\/\/construcaocivil.siriusmarketingedesign.com.br\/wp-content\/uploads\/2020\/03\/Comunicado_UIA-PT-150x150.png",150,150,true],"medium":["https:\/\/construcaocivil.siriusmarketingedesign.com.br\/wp-content\/uploads\/2020\/03\/Comunicado_UIA-PT-300x269.png",300,269,true],"medium_large":["https:\/\/construcaocivil.siriusmarketingedesign.com.br\/wp-content\/uploads\/2020\/03\/Comunicado_UIA-PT.png",656,589,false],"large":["https:\/\/construcaocivil.siriusmarketingedesign.com.br\/wp-content\/uploads\/2020\/03\/Comunicado_UIA-PT.png",656,589,false],"1536x1536":["https:\/\/construcaocivil.siriusmarketingedesign.com.br\/wp-content\/uploads\/2020\/03\/Comunicado_UIA-PT.png",656,589,false],"2048x2048":["https:\/\/construcaocivil.siriusmarketingedesign.com.br\/wp-content\/uploads\/2020\/03\/Comunicado_UIA-PT.png",656,589,false]},"uagb_author_info":{"display_name":"Jornal da Constru\u00e7\u00e3o Civil","author_link":"https:\/\/construcaocivil.siriusmarketingedesign.com.br\/?author=1"},"uagb_comment_info":0,"uagb_excerpt":"A Uni\u00e3o Internacional dos Arquitetos (UIA) e o Instituto de Arquitetos do Brasil (IAB) comunicaram o adiamento, para 18 a 22 de julho de 2021, da realiza\u00e7\u00e3o do 27\u00ba Congresso Mundial dos Arquitetos UIA2020RIO \u2013 inicialmente previsto para o per\u00edodo de 19 a 23 de julho de 2020, no Rio de Janeiro. A decis\u00e3o foi&hellip;","_links":{"self":[{"href":"https:\/\/construcaocivil.siriusmarketingedesign.com.br\/index.php?rest_route=\/wp\/v2\/posts\/13426","targetHints":{"allow":["GET"]}}],"collection":[{"href":"https:\/\/construcaocivil.siriusmarketingedesign.com.br\/index.php?rest_route=\/wp\/v2\/posts"}],"about":[{"href":"https:\/\/construcaocivil.siriusmarketingedesign.com.br\/index.php?rest_route=\/wp\/v2\/types\/post"}],"author":[{"embeddable":true,"href":"https:\/\/construcaocivil.siriusmarketingedesign.com.br\/index.php?rest_route=\/wp\/v2\/users\/1"}],"replies":[{"embeddable":true,"href":"https:\/\/construcaocivil.siriusmarketingedesign.com.br\/index.php?rest_route=%2Fwp%2Fv2%2Fcomments&post=13426"}],"version-history":[{"count":0,"href":"https:\/\/construcaocivil.siriusmarketingedesign.com.br\/index.php?rest_route=\/wp\/v2\/posts\/13426\/revisions"}],"wp:featuredmedia":[{"embeddable":true,"href":"https:\/\/construcaocivil.siriusmarketingedesign.com.br\/index.php?rest_route=\/wp\/v2\/media\/13427"}],"wp:attachment":[{"href":"https:\/\/construcaocivil.siriusmarketingedesign.com.br\/index.php?rest_route=%2Fwp%2Fv2%2Fmedia&parent=13426"}],"wp:term":[{"taxonomy":"category","embeddable":true,"href":"https:\/\/construcaocivil.siriusmarketingedesign.com.br\/index.php?rest_route=%2Fwp%2Fv2%2Fcategories&post=13426"},{"taxonomy":"post_tag","embeddable":true,"href":"https:\/\/construcaocivil.siriusmarketingedesign.com.br\/index.php?rest_route=%2Fwp%2Fv2%2Ftags&post=13426"}],"curies":[{"name":"wp","href":"https:\/\/api.w.org\/{rel}","templated":true}]}}