{"id":13437,"date":"2020-03-25T20:45:52","date_gmt":"2020-03-25T23:45:52","guid":{"rendered":"https:\/\/www.jornaldaconstrucaocivil.com.br\/?p=13437"},"modified":"2020-03-25T20:45:52","modified_gmt":"2020-03-25T23:45:52","slug":"sest-senat-realiza-mobilizacao-nacional-de-combate-ao-coronavirus","status":"publish","type":"post","link":"https:\/\/construcaocivil.siriusmarketingedesign.com.br\/?p=13437","title":{"rendered":"SEST SENAT realiza mobiliza\u00e7\u00e3o nacional de combate ao coronav\u00edrus"},"content":{"rendered":"<p><strong>Institui\u00e7\u00e3o desenvolve a\u00e7\u00e3o de apoio aos trabalhadores do transporte que est\u00e3o garantindo o abastecimento das cidades e a oferta de servi\u00e7os essenciais<\/strong><\/p>\n<p style=\"text-align: justify;\"><span style=\"color: #000000; font-family: arial, helvetica, sans-serif; font-size: 12pt;\"><img loading=\"lazy\" decoding=\"async\" class=\"size-medium wp-image-13438 alignleft\" src=\"https:\/\/www.jornaldaconstrucaocivil.com.br\/wp-content\/uploads\/2020\/03\/unnamed-1-300x99.jpg\" alt=\"\" width=\"300\" height=\"99\" srcset=\"https:\/\/construcaocivil.siriusmarketingedesign.com.br\/wp-content\/uploads\/2020\/03\/unnamed-1-300x99.jpg 300w, https:\/\/construcaocivil.siriusmarketingedesign.com.br\/wp-content\/uploads\/2020\/03\/unnamed-1-1024x338.jpg 1024w, https:\/\/construcaocivil.siriusmarketingedesign.com.br\/wp-content\/uploads\/2020\/03\/unnamed-1-768x253.jpg 768w, https:\/\/construcaocivil.siriusmarketingedesign.com.br\/wp-content\/uploads\/2020\/03\/unnamed-1.jpg 1297w\" sizes=\"auto, (max-width: 300px) 100vw, 300px\" \/>O SEST SENAT (Servi\u00e7o Social do Transporte e Servi\u00e7o Nacional de Aprendizagem do Transporte), ciente da sua responsabilidade social, tem trabalhado para dar suporte aos profissionais do transporte que est\u00e3o garantindo o abastecimento das cidades e a oferta de servi\u00e7os essenciais neste momento de crise que vive o pa\u00eds.<\/span><\/p>\n<p style=\"text-align: justify;\"><span style=\"color: #000000; font-family: arial, helvetica, sans-serif; font-size: 12pt;\">Por isso,\u00a0<strong>a\u00a0partir de sexta-feira, dia 27\u00a0de mar\u00e7o,\u00a0o SEST SENAT promover\u00e1 uma mobiliza\u00e7\u00e3o nacional de aten\u00e7\u00e3o aos trabalhadores do setor.<\/strong>\u00a0Equipes devidamente orientadas quanto\u00a0ao cumprimento dos protocolos definidos\u00a0por\u00a0autoridades de sa\u00fade\u00a0<strong>estar\u00e3o em\u00a0mais de 130\u00a0pontos\u00a0de rodovias<\/strong>\u00a0distribuindo produtos\u00a0de higiene e de alimenta\u00e7\u00e3o aos motoristas,\u00a0principalmente\u00a0aos caminhoneiros, que\u00a0t\u00eam enfrentado\u00a0dificuldades\u00a0em raz\u00e3o das restri\u00e7\u00f5es impostas ao funcionamento de estabelecimentos comerciais em\u00a0todo o Brasil.<\/span><\/p>\n<p style=\"text-align: justify;\"><span style=\"color: #000000; font-family: arial, helvetica, sans-serif; font-size: 12pt;\">Al\u00e9m disso,\u00a0<strong>o\u00a0SEST SENAT, por interm\u00e9dio da CNT (Confedera\u00e7\u00e3o Nacional do Transporte),\u00a0solicitou ao governo federal a inclus\u00e3o dos\u00a0motoristas\u00a0no grupo priorit\u00e1rio da campanha de vacina\u00e7\u00e3o\u00a0contra a gripe, que iniciou nesta semana.<\/strong>\u00a0Tamb\u00e9m\u00a0colocou \u00e0 disposi\u00e7\u00e3o as suas\u00a0155 unidades operacionais bem como as 55 vans do Programa CNT SEST SENAT de Preven\u00e7\u00e3o de Acidentes para\u00a0auxiliar\u00a0nessa\u00a0a\u00e7\u00e3o. A institui\u00e7\u00e3o aguarda agora a\u00a0disponibiliza\u00e7\u00e3o das doses para que os trabalhadores comecem a ser imunizados.\u00a0Essa medida \u00e9 considerada fundamental\u00a0para refor\u00e7ar a prote\u00e7\u00e3o da sa\u00fade desses profissionais, que circulam por todo o pa\u00eds e est\u00e3o garantindo o abastecimento das cidades,\u00a0e minimizar o risco de sobrecarga\u00a0ao sistema p\u00fablico de sa\u00fade.<\/span><\/p>\n<p style=\"text-align: justify;\"><span style=\"color: #000000; font-family: arial, helvetica, sans-serif; font-size: 12pt;\">\u00c9 importante destacar que\u00a0<strong>o\u00a0SEST SENAT, nos diferentes estados brasileiros e no Distrito Federal,\u00a0est\u00e1\u00a0sujeito \u00e0 obedi\u00eancia de decretos que determinam\u00a0a\u00a0suspens\u00e3o de atividades e pro\u00edbem aglomera\u00e7\u00f5es de pessoas.<\/strong>\u00a0Cumprir essas determina\u00e7\u00f5es \u00e9 uma responsabilidade de todos para evitar a propaga\u00e7\u00e3o do novo\u00a0coronav\u00edrus. O\u00a0presente\u00a0momento exige cuidado para que se evite o agravamento do problema e n\u00e3o se coloque\u00a0em risco a sa\u00fade de mais brasileiros.<\/span><\/p>\n<p><span style=\"color: #000000; font-family: arial, helvetica, sans-serif; font-size: 12pt;\">Ao mesmo tempo,\u00a0<strong>o SEST SENAT est\u00e1 atento e comprometido em buscar solu\u00e7\u00f5es para as necessidades mais urgentes dos trabalhadores do transporte.<\/strong>\u00a0Essas demandas\u00a0t\u00eam\u00a0sido monitoradas de\u00a0perto pela institui\u00e7\u00e3o, com o apoio da CNT.<\/span><\/p>\n<p><span style=\"color: #000000; font-family: arial, helvetica, sans-serif; font-size: 12pt;\">Assim, para realizar a mobiliza\u00e7\u00e3o nacional e garantir a assist\u00eancia a esses profissionais,\u00a0<strong>uma s\u00e9rie de medidas\u00a0foi\u00a0adotada\u00a0pelo SEST SENAT<\/strong>:\u00a0a\u00a0intensifica\u00e7\u00e3o do\u00a0di\u00e1logo\u00a0com\u00a0autoridades p\u00fablicas nas diferentes inst\u00e2ncias;\u00a0a\u00a0constru\u00e7\u00e3o de protocolos de atendimento,\u00a0necess\u00e1rios para\u00a0proteger a sa\u00fade\u00a0dos motoristas e dos colaboradores da\u00a0institui\u00e7\u00e3o;\u00a0e a\u00a0mobiliza\u00e7\u00e3o de\u00a0uma ampla rede\u00a0formada por outras entidades e empresas,\u00a0para a aquisi\u00e7\u00e3o de\u00a0sabonete, \u00e1lcool em gel, refei\u00e7\u00f5es e lanches prontos\u00a0para\u00a0serem distribu\u00eddos\u00a0aos\u00a0motoristas\u00a0que est\u00e3o nas estradas.\u00a0O SEST SENAT tamb\u00e9m est\u00e1 aberto a receber doa\u00e7\u00f5es de empresas que queiram contribuir com\u00a0essa\u00a0a\u00e7\u00e3o.<\/span><\/p>\n<div style=\"text-align: justify;\"><strong><span style=\"color: #000000; font-family: arial, helvetica, sans-serif;\">SERVI\u00c7O:<\/span><\/strong><br \/>\n<span style=\"color: #000000; font-family: arial, helvetica, sans-serif;\">Transporte em A\u00e7\u00e3o SEST SENAT &#8211; Mobiliza\u00e7\u00e3o Nacional de Combate ao Coronav\u00edrus.<\/span><br \/>\n<span style=\"color: #000000; font-family: arial, helvetica, sans-serif;\">Quando: a partir de sexta-feira, dia 27 de mar\u00e7o de 2020.<\/span><\/div>\n<div style=\"text-align: justify;\"><span style=\"color: #000000;\">Local: em 117 pontos de todo o pa\u00eds.<\/span><\/div>\n<p>&nbsp;<\/p>\n<p style=\"text-align: justify;\"><span style=\"color: #000000;\">Fonte: Assessoria de imprensa<\/span><\/p>\n<div><\/div>\n","protected":false},"excerpt":{"rendered":"<p>Institui\u00e7\u00e3o desenvolve a\u00e7\u00e3o de apoio aos trabalhadores do transporte que est\u00e3o garantindo o abastecimento das cidades e a oferta de servi\u00e7os essenciais O SEST SENAT (Servi\u00e7o Social do Transporte e Servi\u00e7o Nacional de Aprendizagem do Transporte), ciente da sua responsabilidade social, tem trabalhado para dar suporte aos profissionais do transporte que est\u00e3o garantindo o abastecimento [&hellip;]<\/p>\n","protected":false},"author":1,"featured_media":13438,"comment_status":"open","ping_status":"open","sticky":false,"template":"","format":"standard","meta":{"_uag_custom_page_level_css":"","footnotes":""},"categories":[27],"tags":[18668,13426,18670,18669,18667],"class_list":["post-13437","post","type-post","status-publish","format-standard","has-post-thumbnail","hentry","category-acontece","tag-acao-sest-senat","tag-cnt","tag-combate-ao-coronavirus","tag-servico-social-do-transporte-e-servico-nacional-de-aprendizagem-do-transporte","tag-sest-senat"],"blocksy_meta":[],"spectra_blocks_featured_image_url":{"thumbnail":{"url":"https:\/\/construcaocivil.siriusmarketingedesign.com.br\/wp-content\/uploads\/2020\/03\/unnamed-1-150x150.jpg","width":150,"height":150},"medium":{"url":"https:\/\/construcaocivil.siriusmarketingedesign.com.br\/wp-content\/uploads\/2020\/03\/unnamed-1-300x99.jpg","width":300,"height":99},"medium_large":{"url":"https:\/\/construcaocivil.siriusmarketingedesign.com.br\/wp-content\/uploads\/2020\/03\/unnamed-1-768x253.jpg","width":768,"height":253},"large":{"url":"https:\/\/construcaocivil.siriusmarketingedesign.com.br\/wp-content\/uploads\/2020\/03\/unnamed-1-1024x338.jpg","width":1024,"height":338},"full":{"url":"https:\/\/construcaocivil.siriusmarketingedesign.com.br\/wp-content\/uploads\/2020\/03\/unnamed-1.jpg","width":1297,"height":428}},"spectra_blocks_author_info":{"display_name":"Jornal da Constru\u00e7\u00e3o Civil","avatar_url":"https:\/\/secure.gravatar.com\/avatar\/973c9774fd44ddaceb026973c4962faa70fc512bc4c9da68e8ebb40fecee6540?s=96&d=mm&r=g","author_link":"https:\/\/construcaocivil.siriusmarketingedesign.com.br\/?author=1","description":"Desde de 2013, levando muitas informa\u00e7\u00f5es, lan\u00e7amentos e produtos de qualidade para toda cadeia produtiva da constru\u00e7\u00e3o. O Futuro da constru\u00e7\u00e3o passa por aqui,"},"uagb_featured_image_src":{"full":["https:\/\/construcaocivil.siriusmarketingedesign.com.br\/wp-content\/uploads\/2020\/03\/unnamed-1.jpg",1297,428,false],"thumbnail":["https:\/\/construcaocivil.siriusmarketingedesign.com.br\/wp-content\/uploads\/2020\/03\/unnamed-1-150x150.jpg",150,150,true],"medium":["https:\/\/construcaocivil.siriusmarketingedesign.com.br\/wp-content\/uploads\/2020\/03\/unnamed-1-300x99.jpg",300,99,true],"medium_large":["https:\/\/construcaocivil.siriusmarketingedesign.com.br\/wp-content\/uploads\/2020\/03\/unnamed-1-768x253.jpg",768,253,true],"large":["https:\/\/construcaocivil.siriusmarketingedesign.com.br\/wp-content\/uploads\/2020\/03\/unnamed-1-1024x338.jpg",1024,338,true],"1536x1536":["https:\/\/construcaocivil.siriusmarketingedesign.com.br\/wp-content\/uploads\/2020\/03\/unnamed-1.jpg",1297,428,false],"2048x2048":["https:\/\/construcaocivil.siriusmarketingedesign.com.br\/wp-content\/uploads\/2020\/03\/unnamed-1.jpg",1297,428,false]},"uagb_author_info":{"display_name":"Jornal da Constru\u00e7\u00e3o Civil","author_link":"https:\/\/construcaocivil.siriusmarketingedesign.com.br\/?author=1"},"uagb_comment_info":0,"uagb_excerpt":"Institui\u00e7\u00e3o desenvolve a\u00e7\u00e3o de apoio aos trabalhadores do transporte que est\u00e3o garantindo o abastecimento das cidades e a oferta de servi\u00e7os essenciais O SEST SENAT (Servi\u00e7o Social do Transporte e Servi\u00e7o Nacional de Aprendizagem do Transporte), ciente da sua responsabilidade social, tem trabalhado para dar suporte aos profissionais do transporte que est\u00e3o garantindo o abastecimento&hellip;","_links":{"self":[{"href":"https:\/\/construcaocivil.siriusmarketingedesign.com.br\/index.php?rest_route=\/wp\/v2\/posts\/13437","targetHints":{"allow":["GET"]}}],"collection":[{"href":"https:\/\/construcaocivil.siriusmarketingedesign.com.br\/index.php?rest_route=\/wp\/v2\/posts"}],"about":[{"href":"https:\/\/construcaocivil.siriusmarketingedesign.com.br\/index.php?rest_route=\/wp\/v2\/types\/post"}],"author":[{"embeddable":true,"href":"https:\/\/construcaocivil.siriusmarketingedesign.com.br\/index.php?rest_route=\/wp\/v2\/users\/1"}],"replies":[{"embeddable":true,"href":"https:\/\/construcaocivil.siriusmarketingedesign.com.br\/index.php?rest_route=%2Fwp%2Fv2%2Fcomments&post=13437"}],"version-history":[{"count":0,"href":"https:\/\/construcaocivil.siriusmarketingedesign.com.br\/index.php?rest_route=\/wp\/v2\/posts\/13437\/revisions"}],"wp:featuredmedia":[{"embeddable":true,"href":"https:\/\/construcaocivil.siriusmarketingedesign.com.br\/index.php?rest_route=\/wp\/v2\/media\/13438"}],"wp:attachment":[{"href":"https:\/\/construcaocivil.siriusmarketingedesign.com.br\/index.php?rest_route=%2Fwp%2Fv2%2Fmedia&parent=13437"}],"wp:term":[{"taxonomy":"category","embeddable":true,"href":"https:\/\/construcaocivil.siriusmarketingedesign.com.br\/index.php?rest_route=%2Fwp%2Fv2%2Fcategories&post=13437"},{"taxonomy":"post_tag","embeddable":true,"href":"https:\/\/construcaocivil.siriusmarketingedesign.com.br\/index.php?rest_route=%2Fwp%2Fv2%2Ftags&post=13437"}],"curies":[{"name":"wp","href":"https:\/\/api.w.org\/{rel}","templated":true}]}}