{"id":13440,"date":"2020-03-26T22:15:28","date_gmt":"2020-03-27T01:15:28","guid":{"rendered":"https:\/\/www.jornaldaconstrucaocivil.com.br\/?p=13440"},"modified":"2020-03-26T22:38:58","modified_gmt":"2020-03-27T01:38:58","slug":"maior-ecossistema-do-varejo-da-construcao-lanca-proposta-de-medidas-de-prevencao-ao-covid-19","status":"publish","type":"post","link":"https:\/\/construcaocivil.siriusmarketingedesign.com.br\/?p=13440","title":{"rendered":"Maior ecossistema do varejo da constru\u00e7\u00e3o lan\u00e7a proposta de medidas de preven\u00e7\u00e3o ao COVID-19"},"content":{"rendered":"<p style=\"text-align: justify;\"><span style=\"color: #000000; font-family: arial, helvetica, sans-serif; font-size: 12pt;\"><img loading=\"lazy\" decoding=\"async\" class=\"size-medium wp-image-13441 alignleft\" src=\"https:\/\/www.jornaldaconstrucaocivil.com.br\/wp-content\/uploads\/2020\/03\/WhatsApp-Image-2020-03-26-at-21.01.12-300x172.jpg\" alt=\"\" width=\"300\" height=\"172\" srcset=\"https:\/\/construcaocivil.siriusmarketingedesign.com.br\/wp-content\/uploads\/2020\/03\/WhatsApp-Image-2020-03-26-at-21.01.12-300x172.jpg 300w, https:\/\/construcaocivil.siriusmarketingedesign.com.br\/wp-content\/uploads\/2020\/03\/WhatsApp-Image-2020-03-26-at-21.01.12.jpg 720w\" sizes=\"auto, (max-width: 300px) 100vw, 300px\" \/>Considerando e apoiando as medidas de preven\u00e7\u00e3o ao COVID-19, a <strong>Juntos Somos Mais<\/strong> &#8212; maior ecossistema do varejo da constru\u00e7\u00e3o em que participam mais de 70 mil varejistas e 400 mil profissionais do setor &#8212; prop\u00f5e que o acesso a materiais de constru\u00e7\u00e3o seja considerado necessidade b\u00e1sica e que as lojas possam dar continuidade ao atendimento, seguindo o exemplo de pa\u00edses como Estados Unidos\u00b9, Fran\u00e7a\u00b2, It\u00e1lia\u00b3 e Pol\u00f4nia\u2074 e acompanhando o movimento do Distrito Federal\u2075 e de alguns munic\u00edpios que j\u00e1 se manifestaram positivamente quanto a libera\u00e7\u00e3o desses estabelecimentos, como Porto Alegre\u2076, Ara\u00e7atuba\u2077 e Volta Redonda\u2078.<\/span><\/p>\n<p style=\"text-align: justify;\"><span style=\"color: #000000; font-family: arial, helvetica, sans-serif; font-size: 12pt;\">O objetivo \u00e9 garantir que governos consigam construir as estruturas de apoio para abrigar pacientes em tratamento e que brasileiros e brasileiras possam realizar reparos necess\u00e1rios quando se depararem com quest\u00f5es como destelhamento causado pelas chuvas, defeitos na rede el\u00e9trica, problemas de encanamento e outros reparos emergenciais. Al\u00e9m disso, as mais de 140 mil lojas de materiais de constru\u00e7\u00e3o s\u00e3o importantes pontos de distribui\u00e7\u00e3o de produtos de limpeza, como alvejantes, \u00e1lcool em gel, \u00e1gua sanit\u00e1ria, panos, esponjas e equipamentos de prote\u00e7\u00e3o, como m\u00e1scaras e luvas.<\/span><\/p>\n<p style=\"text-align: justify;\"><span style=\"color: #000000; font-family: arial, helvetica, sans-serif; font-size: 12pt;\">Desta forma, o varejo da constru\u00e7\u00e3o \u00e9 um vetor importante para constru\u00e7\u00f5es e reparos emergenciais oferecendo suporte a autoridades e evitando que fam\u00edlias fiquem sujeitas a problemas em suas casas que podem resultar em curtos circuitos, inc\u00eandios e condi\u00e7\u00f5es insalubres em geral.<\/span><\/p>\n<p style=\"text-align: justify;\"><span style=\"color: #000000; font-family: arial, helvetica, sans-serif; font-size: 12pt;\">Os profissionais de obra aut\u00f4nomos, que somam mais de 4,5 milh\u00f5es de trabalhadores no Brasil, tamb\u00e9m ser\u00e3o beneficiados com a medida realizando esses reparos emergenciais de forma segura e auxiliando a popula\u00e7\u00e3o em um momento dif\u00edcil.<\/span><\/p>\n<p style=\"text-align: justify;\"><span style=\"color: #000000; font-family: arial, helvetica, sans-serif; font-size: 12pt;\">A <strong>Juntos Somos<\/strong> Mais e outros participantes do setor v\u00eam orientando os profissionais da obra com rela\u00e7\u00e3o a medidas de preven\u00e7\u00e3o e redu\u00e7\u00e3o de riscos \u00e0 sa\u00fade, mas quer pleitear tamb\u00e9m a garantia de continuidade de atua\u00e7\u00e3o para preservar o sustento de suas fam\u00edlias e auxiliar a popula\u00e7\u00e3o neste momento t\u00e3o delicado.<\/span><\/p>\n<p style=\"text-align: justify;\"><span style=\"color: #000000; font-family: arial, helvetica, sans-serif; font-size: 12pt;\">Para preservar a sa\u00fade dos comerciantes e garantir a sustentabilidade da opera\u00e7\u00e3o das lojas, a Juntos Somos Mais sugere que sejam implementados hor\u00e1rios de funcionamento reduzidos e alternativos, al\u00e9m de modelos de entrega em domic\u00edlio, de forma a evitar que o uso do transporte p\u00fablico pelos funcion\u00e1rios seja feito em hor\u00e1rios de pico e reduzindo os custos de opera\u00e7\u00e3o do varejista.<\/span><\/p>\n<p style=\"text-align: justify;\"><span style=\"color: #000000; font-family: arial, helvetica, sans-serif; font-size: 12pt;\">Adicionalmente, a empresa est\u00e1 reunindo materiais informativos de ind\u00fastrias e institui\u00e7\u00f5es de ensino parceiras para disponibilizar a todos os membros participantes do seu programa de fidelidade. Esse plano tem como objetivo, al\u00e9m de refor\u00e7ar orienta\u00e7\u00f5es com rela\u00e7\u00e3o a medidas de higiene e precau\u00e7\u00f5es como distanciamento entre vendedores e clientes dentro das lojas, suport\u00e1-los com capacita\u00e7\u00e3o e estrat\u00e9gias de gest\u00e3o para superarem este momento cr\u00edtico e ficarem mais bem preparados para fomentar seus neg\u00f3cios no futuro.<\/span><\/p>\n<p style=\"text-align: justify;\"><span style=\"color: #000000; font-family: arial, helvetica, sans-serif; font-size: 12pt;\">Por meio desta, a Juntos Somos Mais, que atua com o prop\u00f3sito desenvolver o varejo da constru\u00e7\u00e3o, vem respeitosamente refor\u00e7ar o posicionamento em prol dos varejistas da constru\u00e7\u00e3o brasileiros e dos profissionais do setor apresentado recentemente por entidades do setor como a ANAMACO e a ABRAMAT. A empresa tamb\u00e9m se coloca \u00e0 disposi\u00e7\u00e3o das autoridades para formular esfor\u00e7os coletivos no sentido de preservar o atendimento \u00e0 popula\u00e7\u00e3o e a sustentabilidade dos pequenos e m\u00e9dios varejistas do setor.<\/span><\/p>\n<p style=\"text-align: justify;\"><span style=\"font-family: arial, helvetica, sans-serif; color: #000000;\">O Juntos Somos + foi criado em 2014 pela Votorantim Cimentos como um programa de relacionamento. Desde o in\u00edcio, a proposta era desenvolver varejistas e profissionais. Contando com os s\u00f3cios Gerdau e Tigre, o Juntos Somos + se transformou em uma empresa independente. Atualmente, no programa, h\u00e1 mais de 20 empresas l\u00edderes do setor da constru\u00e7\u00e3o participantes juntamente com mais de 70 mil lojas e mais de 400 mil profissionais. At\u00e9 o fim de 2020, a empresa planeja investir R$ 50 milh\u00f5es na expans\u00e3o do programa e no aprimoramento do ecossistema, adicionando novas funcionalidades e melhorando os benef\u00edcios para os participantes.\u00a0<\/span><\/p>\n<p style=\"text-align: justify;\"><span style=\"color: #000000;\">Fonte: assessoria de imprensa<\/span><\/p>\n","protected":false},"excerpt":{"rendered":"<p>Considerando e apoiando as medidas de preven\u00e7\u00e3o ao COVID-19, a Juntos Somos Mais &#8212; maior ecossistema do varejo da constru\u00e7\u00e3o em que participam mais de 70 mil varejistas e 400 mil profissionais do setor &#8212; prop\u00f5e que o acesso a materiais de constru\u00e7\u00e3o seja considerado necessidade b\u00e1sica e que as lojas possam dar continuidade ao [&hellip;]<\/p>\n","protected":false},"author":1,"featured_media":13441,"comment_status":"open","ping_status":"open","sticky":false,"template":"","format":"standard","meta":{"_uag_custom_page_level_css":"","footnotes":""},"categories":[33],"tags":[],"class_list":["post-13440","post","type-post","status-publish","format-standard","has-post-thumbnail","hentry","category-mercado"],"blocksy_meta":[],"spectra_blocks_featured_image_url":{"thumbnail":{"url":"https:\/\/construcaocivil.siriusmarketingedesign.com.br\/wp-content\/uploads\/2020\/03\/WhatsApp-Image-2020-03-26-at-21.01.12-150x150.jpg","width":150,"height":150},"medium":{"url":"https:\/\/construcaocivil.siriusmarketingedesign.com.br\/wp-content\/uploads\/2020\/03\/WhatsApp-Image-2020-03-26-at-21.01.12-300x172.jpg","width":300,"height":172},"medium_large":{"url":"https:\/\/construcaocivil.siriusmarketingedesign.com.br\/wp-content\/uploads\/2020\/03\/WhatsApp-Image-2020-03-26-at-21.01.12.jpg","width":720,"height":412},"large":{"url":"https:\/\/construcaocivil.siriusmarketingedesign.com.br\/wp-content\/uploads\/2020\/03\/WhatsApp-Image-2020-03-26-at-21.01.12.jpg","width":720,"height":412},"full":{"url":"https:\/\/construcaocivil.siriusmarketingedesign.com.br\/wp-content\/uploads\/2020\/03\/WhatsApp-Image-2020-03-26-at-21.01.12.jpg","width":720,"height":412}},"spectra_blocks_author_info":{"display_name":"Jornal da Constru\u00e7\u00e3o Civil","avatar_url":"https:\/\/secure.gravatar.com\/avatar\/973c9774fd44ddaceb026973c4962faa70fc512bc4c9da68e8ebb40fecee6540?s=96&d=mm&r=g","author_link":"https:\/\/construcaocivil.siriusmarketingedesign.com.br\/?author=1","description":"Desde de 2013, levando muitas informa\u00e7\u00f5es, lan\u00e7amentos e produtos de qualidade para toda cadeia produtiva da constru\u00e7\u00e3o. O Futuro da constru\u00e7\u00e3o passa por aqui,"},"uagb_featured_image_src":{"full":["https:\/\/construcaocivil.siriusmarketingedesign.com.br\/wp-content\/uploads\/2020\/03\/WhatsApp-Image-2020-03-26-at-21.01.12.jpg",720,412,false],"thumbnail":["https:\/\/construcaocivil.siriusmarketingedesign.com.br\/wp-content\/uploads\/2020\/03\/WhatsApp-Image-2020-03-26-at-21.01.12-150x150.jpg",150,150,true],"medium":["https:\/\/construcaocivil.siriusmarketingedesign.com.br\/wp-content\/uploads\/2020\/03\/WhatsApp-Image-2020-03-26-at-21.01.12-300x172.jpg",300,172,true],"medium_large":["https:\/\/construcaocivil.siriusmarketingedesign.com.br\/wp-content\/uploads\/2020\/03\/WhatsApp-Image-2020-03-26-at-21.01.12.jpg",720,412,false],"large":["https:\/\/construcaocivil.siriusmarketingedesign.com.br\/wp-content\/uploads\/2020\/03\/WhatsApp-Image-2020-03-26-at-21.01.12.jpg",720,412,false],"1536x1536":["https:\/\/construcaocivil.siriusmarketingedesign.com.br\/wp-content\/uploads\/2020\/03\/WhatsApp-Image-2020-03-26-at-21.01.12.jpg",720,412,false],"2048x2048":["https:\/\/construcaocivil.siriusmarketingedesign.com.br\/wp-content\/uploads\/2020\/03\/WhatsApp-Image-2020-03-26-at-21.01.12.jpg",720,412,false]},"uagb_author_info":{"display_name":"Jornal da Constru\u00e7\u00e3o Civil","author_link":"https:\/\/construcaocivil.siriusmarketingedesign.com.br\/?author=1"},"uagb_comment_info":0,"uagb_excerpt":"Considerando e apoiando as medidas de preven\u00e7\u00e3o ao COVID-19, a Juntos Somos Mais &#8212; maior ecossistema do varejo da constru\u00e7\u00e3o em que participam mais de 70 mil varejistas e 400 mil profissionais do setor &#8212; prop\u00f5e que o acesso a materiais de constru\u00e7\u00e3o seja considerado necessidade b\u00e1sica e que as lojas possam dar continuidade ao&hellip;","_links":{"self":[{"href":"https:\/\/construcaocivil.siriusmarketingedesign.com.br\/index.php?rest_route=\/wp\/v2\/posts\/13440","targetHints":{"allow":["GET"]}}],"collection":[{"href":"https:\/\/construcaocivil.siriusmarketingedesign.com.br\/index.php?rest_route=\/wp\/v2\/posts"}],"about":[{"href":"https:\/\/construcaocivil.siriusmarketingedesign.com.br\/index.php?rest_route=\/wp\/v2\/types\/post"}],"author":[{"embeddable":true,"href":"https:\/\/construcaocivil.siriusmarketingedesign.com.br\/index.php?rest_route=\/wp\/v2\/users\/1"}],"replies":[{"embeddable":true,"href":"https:\/\/construcaocivil.siriusmarketingedesign.com.br\/index.php?rest_route=%2Fwp%2Fv2%2Fcomments&post=13440"}],"version-history":[{"count":0,"href":"https:\/\/construcaocivil.siriusmarketingedesign.com.br\/index.php?rest_route=\/wp\/v2\/posts\/13440\/revisions"}],"wp:featuredmedia":[{"embeddable":true,"href":"https:\/\/construcaocivil.siriusmarketingedesign.com.br\/index.php?rest_route=\/wp\/v2\/media\/13441"}],"wp:attachment":[{"href":"https:\/\/construcaocivil.siriusmarketingedesign.com.br\/index.php?rest_route=%2Fwp%2Fv2%2Fmedia&parent=13440"}],"wp:term":[{"taxonomy":"category","embeddable":true,"href":"https:\/\/construcaocivil.siriusmarketingedesign.com.br\/index.php?rest_route=%2Fwp%2Fv2%2Fcategories&post=13440"},{"taxonomy":"post_tag","embeddable":true,"href":"https:\/\/construcaocivil.siriusmarketingedesign.com.br\/index.php?rest_route=%2Fwp%2Fv2%2Ftags&post=13440"}],"curies":[{"name":"wp","href":"https:\/\/api.w.org\/{rel}","templated":true}]}}