{"id":13451,"date":"2020-04-02T19:19:40","date_gmt":"2020-04-02T22:19:40","guid":{"rendered":"https:\/\/www.jornaldaconstrucaocivil.com.br\/?p=13451"},"modified":"2020-04-02T19:58:54","modified_gmt":"2020-04-02T22:58:54","slug":"devido-a-pandemia-de-coronavirus-catadores-estao-sem-trabalho-e-renda","status":"publish","type":"post","link":"https:\/\/construcaocivil.siriusmarketingedesign.com.br\/?p=13451","title":{"rendered":"Devido \u00e0 pandemia de coronav\u00edrus, catadores est\u00e3o sem trabalho e renda no Rio de Janeiro"},"content":{"rendered":"<p style=\"font-weight: 400; text-align: justify;\"><span style=\"font-size: 12pt; font-family: arial, helvetica, sans-serif; color: #000000;\"><img loading=\"lazy\" decoding=\"async\" class=\"size-medium wp-image-13452 alignleft\" src=\"https:\/\/www.jornaldaconstrucaocivil.com.br\/wp-content\/uploads\/2020\/04\/Catadores-de-Recicl\u00e1veis_cr\u00e9dito_Vis\u00f5es-da-Terra_2-300x200.jpg\" alt=\"\" width=\"300\" height=\"200\" srcset=\"https:\/\/construcaocivil.siriusmarketingedesign.com.br\/wp-content\/uploads\/2020\/04\/Catadores-de-Recicl\u00e1veis_cr\u00e9dito_Vis\u00f5es-da-Terra_2-300x200.jpg 300w, https:\/\/construcaocivil.siriusmarketingedesign.com.br\/wp-content\/uploads\/2020\/04\/Catadores-de-Recicl\u00e1veis_cr\u00e9dito_Vis\u00f5es-da-Terra_2-1024x683.jpg 1024w, https:\/\/construcaocivil.siriusmarketingedesign.com.br\/wp-content\/uploads\/2020\/04\/Catadores-de-Recicl\u00e1veis_cr\u00e9dito_Vis\u00f5es-da-Terra_2-768x512.jpg 768w, https:\/\/construcaocivil.siriusmarketingedesign.com.br\/wp-content\/uploads\/2020\/04\/Catadores-de-Recicl\u00e1veis_cr\u00e9dito_Vis\u00f5es-da-Terra_2-1536x1024.jpg 1536w, https:\/\/construcaocivil.siriusmarketingedesign.com.br\/wp-content\/uploads\/2020\/04\/Catadores-de-Recicl\u00e1veis_cr\u00e9dito_Vis\u00f5es-da-Terra_2-2048x1366.jpg 2048w, https:\/\/construcaocivil.siriusmarketingedesign.com.br\/wp-content\/uploads\/2020\/04\/Catadores-de-Recicl\u00e1veis_cr\u00e9dito_Vis\u00f5es-da-Terra_2-450x300.jpg 450w\" sizes=\"auto, (max-width: 300px) 100vw, 300px\" \/>Os\u00a0<strong>catadores de materiais recicl\u00e1veis\u00a0<\/strong>do\u00a0<strong>Rio de Janeiro<\/strong>\u00a0atualmente passam por uma situa\u00e7\u00e3o dram\u00e1tica. Embora seja fundamental para o meio ambiente, o servi\u00e7o de coleta seletiva n\u00e3o foi considerado essencial pelas prefeituras, nas medidas tomadas por conta da pandemia de coronav\u00edrus (Covid-19), que j\u00e1 vitimou mais de uma centena de pessoas no pa\u00eds.<\/span><\/p>\n<p style=\"font-weight: 400; text-align: justify;\"><span style=\"font-size: 12pt; font-family: arial, helvetica, sans-serif; color: #000000;\">Desta maneira, os catadores que tiram seu sustento do material que a popula\u00e7\u00e3o joga fora est\u00e3o\u00a0<strong>impedidos de trabalhar<\/strong>. Al\u00e9m disso, as poucas cooperativas que est\u00e3o operando parcialmente t\u00eam que lidar com o medo do v\u00edrus, j\u00e1 que a triagem dos materiais recicl\u00e1veis \u00e9 manual e h\u00e1 risco de contamina\u00e7\u00e3o. H\u00e1 ainda o agravante de que grande parte dos profissionais integra o grupo de risco: idosos e pessoas com doen\u00e7as associadas.<\/span><\/p>\n<p style=\"font-weight: 400; text-align: justify;\"><span style=\"font-size: 12pt; font-family: arial, helvetica, sans-serif; color: #000000;\">Para amenizar parte desta dificuldade vivida por estes profissionais fundamentais para a preserva\u00e7\u00e3o do meio ambiente, a organiza\u00e7\u00e3o\u00a0<strong>Vis\u00f5es da Terra<\/strong>, consultoria em sustentabilidade que h\u00e1 11 anos realiza apoio t\u00e9cnico a cooperativas de catadores, abriu uma\u00a0<strong>campanha de financiamento coletivo<\/strong>, que pode ser acessada no site\u00a0<span style=\"color: #3366ff;\"><a style=\"color: #3366ff;\" href=\"https:\/\/www.vakinha.com.br\/vaquinha\/renda-minima-para-352-catadores\" data-saferedirecturl=\"https:\/\/www.google.com\/url?q=https:\/\/www.vakinha.com.br\/vaquinha\/renda-minima-para-352-catadores&amp;source=gmail&amp;ust=1585950009159000&amp;usg=AFQjCNExhnulgyG43DRXinBPwMukkSERWQ\"><strong>https:\/\/www.vakinha.com.br\/vaquinha\/renda-minima-para-352-catadores<\/strong><\/a>.<\/span><\/span><\/p>\n<p style=\"font-weight: 400; text-align: justify;\"><span style=\"font-size: 12pt; font-family: arial, helvetica, sans-serif; color: #000000;\">\u201cSabemos do risco que \u00e9 lidar com o res\u00edduo, ainda mais neste momento de grave crise na sa\u00fade. Por\u00e9m, 352 fam\u00edlias com quem trabalhamos diretamente, em seis estados brasileiros, ficaram sem renda. S\u00e3o v\u00e1rias as dificuldades, que v\u00e3o desde o fechamento de cooperativas em algumas cidades, como o Rio de Janeiro, passando at\u00e9 mesmo pelo material que j\u00e1 havia sido recolhido em estoque estar sem comprador neste per\u00edodo de quarentena\u201d, explica\u00a0<strong>Luciana Lopes<\/strong>, uma das fundadoras da Vis\u00f5es da Terra.<\/span><\/p>\n<p style=\"font-weight: 400; text-align: justify;\"><span style=\"font-size: 12pt; font-family: arial, helvetica, sans-serif; color: #000000;\">A campanha busca garantir uma renda emergencial de\u00a0<strong>R$ 100,00<\/strong>\u00a0para cada trabalhador como primeira meta. A segunda \u00e9 garantir\u00a0<strong>R$ 200,00<\/strong>\u00a0para cada e a terceira,\u00a0<strong>R$ 300,00<\/strong>, at\u00e9 que seja poss\u00edvel retomar as atividades ou sejam recebidos recursos via poder p\u00fablico.<\/span><\/p>\n<p style=\"font-weight: 400; text-align: justify;\"><span style=\"font-size: 12pt; font-family: arial, helvetica, sans-serif; color: #000000;\"><strong>Estado do Rio<\/strong>\u00a0&#8211; Os valores ser\u00e3o repassados integralmente \u00e0s 19 cooperativas que contam com o apoio da Vis\u00f5es da Terra. No estado do Rio de Janeiro s\u00e3o cinco:\u00a0<strong>Cooptubiacanga<\/strong>\u00a0e\u00a0<strong>Cootrabon<\/strong>\u00a0na capital, al\u00e9m de<strong>\u00a0Coopertroni\u00a0<\/strong>em Niter\u00f3i e\u00a0<strong>Coopercaxias<\/strong>\u00a0e<strong>\u00a0Coperecol\u00f3gica<\/strong>\u00a0em Duque de Caxias, totalizando\u00a0<strong>72 fam\u00edlias<\/strong>\u00a0de catadores. Atualmente a campanha nacional j\u00e1 arrecadou\u00a0<strong>R$ 5.670,00<\/strong>, da meta de R$ 115.600,00. Portanto, a ajuda da sociedade civil se torna urgente.<\/span><\/p>\n<p style=\"font-weight: 400; text-align: justify;\"><span style=\"font-size: 12pt; font-family: arial, helvetica, sans-serif; color: #000000;\">\u201cEstamos tamb\u00e9m monitorando e contribuindo para organizar politicas p\u00fablicas de renda m\u00ednima, mas a nossa maior preocupa\u00e7\u00e3o \u00e9 fazer com que os catadores sobrevivam e possam levar comida para suas casas, enquanto os projetos de lei para a renda da popula\u00e7\u00e3o n\u00e3o s\u00e3o aprovados. O tempo das leis \u00e9 diferente do tempo da fome\u201d, avalia Oriana Rey, s\u00f3cia da Vis\u00f5es da Terra.<\/span><\/p>\n<p><span style=\"color: #000000;\">Fonte: assessoria de imprensa<\/span><\/p>\n","protected":false},"excerpt":{"rendered":"<p>Os\u00a0catadores de materiais recicl\u00e1veis\u00a0do\u00a0Rio de Janeiro\u00a0atualmente passam por uma situa\u00e7\u00e3o dram\u00e1tica. Embora seja fundamental para o meio ambiente, o servi\u00e7o de coleta seletiva n\u00e3o foi considerado essencial pelas prefeituras, nas medidas tomadas por conta da pandemia de coronav\u00edrus (Covid-19), que j\u00e1 vitimou mais de uma centena de pessoas no pa\u00eds. Desta maneira, os catadores que [&hellip;]<\/p>\n","protected":false},"author":1,"featured_media":13452,"comment_status":"open","ping_status":"open","sticky":false,"template":"","format":"standard","meta":{"_uag_custom_page_level_css":"","footnotes":""},"categories":[27],"tags":[],"class_list":["post-13451","post","type-post","status-publish","format-standard","has-post-thumbnail","hentry","category-acontece"],"blocksy_meta":[],"spectra_blocks_featured_image_url":{"thumbnail":{"url":"https:\/\/construcaocivil.siriusmarketingedesign.com.br\/wp-content\/uploads\/2020\/04\/Catadores-de-Recicl\u00e1veis_cr\u00e9dito_Vis\u00f5es-da-Terra_2-150x150.jpg","width":150,"height":150},"medium":{"url":"https:\/\/construcaocivil.siriusmarketingedesign.com.br\/wp-content\/uploads\/2020\/04\/Catadores-de-Recicl\u00e1veis_cr\u00e9dito_Vis\u00f5es-da-Terra_2-300x200.jpg","width":300,"height":200},"medium_large":{"url":"https:\/\/construcaocivil.siriusmarketingedesign.com.br\/wp-content\/uploads\/2020\/04\/Catadores-de-Recicl\u00e1veis_cr\u00e9dito_Vis\u00f5es-da-Terra_2-768x512.jpg","width":768,"height":512},"large":{"url":"https:\/\/construcaocivil.siriusmarketingedesign.com.br\/wp-content\/uploads\/2020\/04\/Catadores-de-Recicl\u00e1veis_cr\u00e9dito_Vis\u00f5es-da-Terra_2-1024x683.jpg","width":1024,"height":683},"full":{"url":"https:\/\/construcaocivil.siriusmarketingedesign.com.br\/wp-content\/uploads\/2020\/04\/Catadores-de-Recicl\u00e1veis_cr\u00e9dito_Vis\u00f5es-da-Terra_2-scaled.jpg","width":2560,"height":1707}},"spectra_blocks_author_info":{"display_name":"Jornal da Constru\u00e7\u00e3o Civil","avatar_url":"https:\/\/secure.gravatar.com\/avatar\/973c9774fd44ddaceb026973c4962faa70fc512bc4c9da68e8ebb40fecee6540?s=96&d=mm&r=g","author_link":"https:\/\/construcaocivil.siriusmarketingedesign.com.br\/?author=1","description":"Desde de 2013, levando muitas informa\u00e7\u00f5es, lan\u00e7amentos e produtos de qualidade para toda cadeia produtiva da constru\u00e7\u00e3o. O Futuro da constru\u00e7\u00e3o passa por aqui,"},"uagb_featured_image_src":{"full":["https:\/\/construcaocivil.siriusmarketingedesign.com.br\/wp-content\/uploads\/2020\/04\/Catadores-de-Recicl\u00e1veis_cr\u00e9dito_Vis\u00f5es-da-Terra_2-scaled.jpg",2560,1707,false],"thumbnail":["https:\/\/construcaocivil.siriusmarketingedesign.com.br\/wp-content\/uploads\/2020\/04\/Catadores-de-Recicl\u00e1veis_cr\u00e9dito_Vis\u00f5es-da-Terra_2-150x150.jpg",150,150,true],"medium":["https:\/\/construcaocivil.siriusmarketingedesign.com.br\/wp-content\/uploads\/2020\/04\/Catadores-de-Recicl\u00e1veis_cr\u00e9dito_Vis\u00f5es-da-Terra_2-300x200.jpg",300,200,true],"medium_large":["https:\/\/construcaocivil.siriusmarketingedesign.com.br\/wp-content\/uploads\/2020\/04\/Catadores-de-Recicl\u00e1veis_cr\u00e9dito_Vis\u00f5es-da-Terra_2-768x512.jpg",768,512,true],"large":["https:\/\/construcaocivil.siriusmarketingedesign.com.br\/wp-content\/uploads\/2020\/04\/Catadores-de-Recicl\u00e1veis_cr\u00e9dito_Vis\u00f5es-da-Terra_2-1024x683.jpg",1024,683,true],"1536x1536":["https:\/\/construcaocivil.siriusmarketingedesign.com.br\/wp-content\/uploads\/2020\/04\/Catadores-de-Recicl\u00e1veis_cr\u00e9dito_Vis\u00f5es-da-Terra_2-1536x1024.jpg",1536,1024,true],"2048x2048":["https:\/\/construcaocivil.siriusmarketingedesign.com.br\/wp-content\/uploads\/2020\/04\/Catadores-de-Recicl\u00e1veis_cr\u00e9dito_Vis\u00f5es-da-Terra_2-2048x1366.jpg",2048,1366,true]},"uagb_author_info":{"display_name":"Jornal da Constru\u00e7\u00e3o Civil","author_link":"https:\/\/construcaocivil.siriusmarketingedesign.com.br\/?author=1"},"uagb_comment_info":0,"uagb_excerpt":"Os\u00a0catadores de materiais recicl\u00e1veis\u00a0do\u00a0Rio de Janeiro\u00a0atualmente passam por uma situa\u00e7\u00e3o dram\u00e1tica. Embora seja fundamental para o meio ambiente, o servi\u00e7o de coleta seletiva n\u00e3o foi considerado essencial pelas prefeituras, nas medidas tomadas por conta da pandemia de coronav\u00edrus (Covid-19), que j\u00e1 vitimou mais de uma centena de pessoas no pa\u00eds. Desta maneira, os catadores que&hellip;","_links":{"self":[{"href":"https:\/\/construcaocivil.siriusmarketingedesign.com.br\/index.php?rest_route=\/wp\/v2\/posts\/13451","targetHints":{"allow":["GET"]}}],"collection":[{"href":"https:\/\/construcaocivil.siriusmarketingedesign.com.br\/index.php?rest_route=\/wp\/v2\/posts"}],"about":[{"href":"https:\/\/construcaocivil.siriusmarketingedesign.com.br\/index.php?rest_route=\/wp\/v2\/types\/post"}],"author":[{"embeddable":true,"href":"https:\/\/construcaocivil.siriusmarketingedesign.com.br\/index.php?rest_route=\/wp\/v2\/users\/1"}],"replies":[{"embeddable":true,"href":"https:\/\/construcaocivil.siriusmarketingedesign.com.br\/index.php?rest_route=%2Fwp%2Fv2%2Fcomments&post=13451"}],"version-history":[{"count":0,"href":"https:\/\/construcaocivil.siriusmarketingedesign.com.br\/index.php?rest_route=\/wp\/v2\/posts\/13451\/revisions"}],"wp:featuredmedia":[{"embeddable":true,"href":"https:\/\/construcaocivil.siriusmarketingedesign.com.br\/index.php?rest_route=\/wp\/v2\/media\/13452"}],"wp:attachment":[{"href":"https:\/\/construcaocivil.siriusmarketingedesign.com.br\/index.php?rest_route=%2Fwp%2Fv2%2Fmedia&parent=13451"}],"wp:term":[{"taxonomy":"category","embeddable":true,"href":"https:\/\/construcaocivil.siriusmarketingedesign.com.br\/index.php?rest_route=%2Fwp%2Fv2%2Fcategories&post=13451"},{"taxonomy":"post_tag","embeddable":true,"href":"https:\/\/construcaocivil.siriusmarketingedesign.com.br\/index.php?rest_route=%2Fwp%2Fv2%2Ftags&post=13451"}],"curies":[{"name":"wp","href":"https:\/\/api.w.org\/{rel}","templated":true}]}}