{"id":13469,"date":"2020-04-08T21:04:48","date_gmt":"2020-04-09T00:04:48","guid":{"rendered":"https:\/\/www.jornaldaconstrucaocivil.com.br\/?p=13469"},"modified":"2020-04-09T00:51:24","modified_gmt":"2020-04-09T03:51:24","slug":"o-papel-da-arquitetura-e-urbanismo-na-producao-de-espacos-em-beneficio-da-saude-publica","status":"publish","type":"post","link":"https:\/\/construcaocivil.siriusmarketingedesign.com.br\/?p=13469","title":{"rendered":"O papel da arquitetura e urbanismo na produ\u00e7\u00e3o de espa\u00e7os em benef\u00edcio da sa\u00fade p\u00fablica"},"content":{"rendered":"<p style=\"text-align: justify;\"><span style=\"color: #000000;\"><img decoding=\"async\" class=\"alignleft\" src=\"https:\/\/ci5.googleusercontent.com\/proxy\/Eyx9UBiEXRv8RWMsJYt6P9BG9REHY1HnmIsgneNcBv3APVFVhvLvRAEt0J6g7swfN5jTJuvFS2WUIRuVc2CaFNy93WgDG80YmiCYl0SCuyFhwEaGG1awGTgVPA=s0-d-e1-ft#https:\/\/files.workr.com.br\/ViewImage.aspx?image=AKDJ5+OfbGF4mcG81JJpDQ==\" \/>No Dia Mundial da Sa\u00fade, 7 de abril, o CAU\/BR e os CAU\/UF lan\u00e7am a \u201cCarta \u00e0 Sociedade, \u00e0s Autoridades e aos Arquitetos e Urbanistas do Brasil\u201d, solidarizando-se com os familiares das v\u00edtimas da pandemia do novo coronav\u00edrus e, ao mesmo tempo, posicionando-se sobre o papel da Arquitetura e Urbanismo na produ\u00e7\u00e3o de espa\u00e7os em benef\u00edcio da Sa\u00fade P\u00fablica e da qualidade de vida de nossas habita\u00e7\u00f5es e cidades.\u00a0<\/span><\/p>\n<p style=\"text-align: justify;\"><span style=\"color: #000000;\">\u201cA pandemia do Covid-19 escancarou as grandes dificuldades sanit\u00e1rias e de controle epidemiol\u00f3gico em nossas cidades, em boa parte caracterizadas por enormes defici\u00eancias das condi\u00e7\u00f5es das habita\u00e7\u00f5es, inexist\u00eancia de espa\u00e7os p\u00fablicos adequados, falta de equipamentos comunit\u00e1rios e servi\u00e7os urbanos e de infraestrutura nas periferias, al\u00e9m de assentamentos subnormais\u201d, diz o documento.\u00a0<\/span><\/p>\n<p style=\"text-align: justify;\"><span style=\"color: #000000;\">\u201cPara superar as adversidades, torna-se urgente a implementa\u00e7\u00e3o de a\u00e7\u00f5es que garantam condi\u00e7\u00f5es dignas de moradia e habitabilidade\u201d. A estrutura\u00e7\u00e3o de um plano nacional de Assist\u00eancia T\u00e9cnica P\u00fablica e Gratuita em Habita\u00e7\u00f5es de Interesse Social (ATHIS) como Pol\u00edtica de Estado, tal qual o Sistema \u00danico de Sa\u00fade (SUS), \u00e9 uma delas. A ATHIS \u00e9 prevista na Lei 11.888\/2008, mas at\u00e9 agora foi pouco implementada. Outras s\u00e3o a retomada do programa Minha Casa, Minha Vida, a urbaniza\u00e7\u00e3o de favelas, acesso da popula\u00e7\u00e3o mais carente \u00e0s \u00e1reas com infraestrutura consolidada e investimentos em saneamento b\u00e1sico.<\/span><\/p>\n<p style=\"text-align: justify;\"><span style=\"color: #000000;\">\u201cAl\u00e9m dos benef\u00edcios para a Sa\u00fade P\u00fablica, esse conjunto de a\u00e7\u00f5es teria um forte impacto na Constru\u00e7\u00e3o Civil, grande geradora de empregos e fonte de renda para milh\u00f5es de brasileiros\u201d, diz outro trecho da Carta. O documento informa ainda que \u201co CAU est\u00e1 imbu\u00eddo na cria\u00e7\u00e3o de um programa nacional de recupera\u00e7\u00e3o financeira do setor que ofere\u00e7a linhas de financiamento com bancos p\u00fablicos, de modo a garantir que o segmento se mantenha organizado para atender as demandas da sociedade\u201d.\u00a0 Na mesma linha de aten\u00e7\u00e3o aos profissionais, o CAU j\u00e1 tomou as providencias para a flexibiliza\u00e7\u00e3o e prazos de pagamento de anuidades e d\u00e9bitos junto ao Conselho.<\/span><\/p>\n<p style=\"text-align: justify;\">Fonte: <strong>Assessoria de Comunica\u00e7\u00e3o Integrada do CAU\/BR<\/strong><\/p>\n<p>&nbsp;<\/p>\n","protected":false},"excerpt":{"rendered":"<p>No Dia Mundial da Sa\u00fade, 7 de abril, o CAU\/BR e os CAU\/UF lan\u00e7am a \u201cCarta \u00e0 Sociedade, \u00e0s Autoridades e aos Arquitetos e Urbanistas do Brasil\u201d, solidarizando-se com os familiares das v\u00edtimas da pandemia do novo coronav\u00edrus e, ao mesmo tempo, posicionando-se sobre o papel da Arquitetura e Urbanismo na produ\u00e7\u00e3o de espa\u00e7os em [&hellip;]<\/p>\n","protected":false},"author":1,"featured_media":13470,"comment_status":"open","ping_status":"open","sticky":false,"template":"","format":"standard","meta":{"_uag_custom_page_level_css":"","footnotes":""},"categories":[27],"tags":[2015,15336],"class_list":["post-13469","post","type-post","status-publish","format-standard","has-post-thumbnail","hentry","category-acontece","tag-cau-br","tag-cau-uf"],"blocksy_meta":[],"spectra_blocks_featured_image_url":{"thumbnail":{"url":"https:\/\/construcaocivil.siriusmarketingedesign.com.br\/wp-content\/uploads\/2020\/04\/unnamed-2-150x150.jpg","width":150,"height":150},"medium":{"url":"https:\/\/construcaocivil.siriusmarketingedesign.com.br\/wp-content\/uploads\/2020\/04\/unnamed-2.jpg","width":283,"height":201},"medium_large":{"url":"https:\/\/construcaocivil.siriusmarketingedesign.com.br\/wp-content\/uploads\/2020\/04\/unnamed-2.jpg","width":283,"height":201},"large":{"url":"https:\/\/construcaocivil.siriusmarketingedesign.com.br\/wp-content\/uploads\/2020\/04\/unnamed-2.jpg","width":283,"height":201},"full":{"url":"https:\/\/construcaocivil.siriusmarketingedesign.com.br\/wp-content\/uploads\/2020\/04\/unnamed-2.jpg","width":283,"height":201}},"spectra_blocks_author_info":{"display_name":"Jornal da Constru\u00e7\u00e3o Civil","avatar_url":"https:\/\/secure.gravatar.com\/avatar\/973c9774fd44ddaceb026973c4962faa70fc512bc4c9da68e8ebb40fecee6540?s=96&d=mm&r=g","author_link":"https:\/\/construcaocivil.siriusmarketingedesign.com.br\/?author=1","description":"Desde de 2013, levando muitas informa\u00e7\u00f5es, lan\u00e7amentos e produtos de qualidade para toda cadeia produtiva da constru\u00e7\u00e3o. O Futuro da constru\u00e7\u00e3o passa por aqui,"},"uagb_featured_image_src":{"full":["https:\/\/construcaocivil.siriusmarketingedesign.com.br\/wp-content\/uploads\/2020\/04\/unnamed-2.jpg",283,201,false],"thumbnail":["https:\/\/construcaocivil.siriusmarketingedesign.com.br\/wp-content\/uploads\/2020\/04\/unnamed-2-150x150.jpg",150,150,true],"medium":["https:\/\/construcaocivil.siriusmarketingedesign.com.br\/wp-content\/uploads\/2020\/04\/unnamed-2.jpg",283,201,false],"medium_large":["https:\/\/construcaocivil.siriusmarketingedesign.com.br\/wp-content\/uploads\/2020\/04\/unnamed-2.jpg",283,201,false],"large":["https:\/\/construcaocivil.siriusmarketingedesign.com.br\/wp-content\/uploads\/2020\/04\/unnamed-2.jpg",283,201,false],"1536x1536":["https:\/\/construcaocivil.siriusmarketingedesign.com.br\/wp-content\/uploads\/2020\/04\/unnamed-2.jpg",283,201,false],"2048x2048":["https:\/\/construcaocivil.siriusmarketingedesign.com.br\/wp-content\/uploads\/2020\/04\/unnamed-2.jpg",283,201,false]},"uagb_author_info":{"display_name":"Jornal da Constru\u00e7\u00e3o Civil","author_link":"https:\/\/construcaocivil.siriusmarketingedesign.com.br\/?author=1"},"uagb_comment_info":0,"uagb_excerpt":"No Dia Mundial da Sa\u00fade, 7 de abril, o CAU\/BR e os CAU\/UF lan\u00e7am a \u201cCarta \u00e0 Sociedade, \u00e0s Autoridades e aos Arquitetos e Urbanistas do Brasil\u201d, solidarizando-se com os familiares das v\u00edtimas da pandemia do novo coronav\u00edrus e, ao mesmo tempo, posicionando-se sobre o papel da Arquitetura e Urbanismo na produ\u00e7\u00e3o de espa\u00e7os em&hellip;","_links":{"self":[{"href":"https:\/\/construcaocivil.siriusmarketingedesign.com.br\/index.php?rest_route=\/wp\/v2\/posts\/13469","targetHints":{"allow":["GET"]}}],"collection":[{"href":"https:\/\/construcaocivil.siriusmarketingedesign.com.br\/index.php?rest_route=\/wp\/v2\/posts"}],"about":[{"href":"https:\/\/construcaocivil.siriusmarketingedesign.com.br\/index.php?rest_route=\/wp\/v2\/types\/post"}],"author":[{"embeddable":true,"href":"https:\/\/construcaocivil.siriusmarketingedesign.com.br\/index.php?rest_route=\/wp\/v2\/users\/1"}],"replies":[{"embeddable":true,"href":"https:\/\/construcaocivil.siriusmarketingedesign.com.br\/index.php?rest_route=%2Fwp%2Fv2%2Fcomments&post=13469"}],"version-history":[{"count":0,"href":"https:\/\/construcaocivil.siriusmarketingedesign.com.br\/index.php?rest_route=\/wp\/v2\/posts\/13469\/revisions"}],"wp:featuredmedia":[{"embeddable":true,"href":"https:\/\/construcaocivil.siriusmarketingedesign.com.br\/index.php?rest_route=\/wp\/v2\/media\/13470"}],"wp:attachment":[{"href":"https:\/\/construcaocivil.siriusmarketingedesign.com.br\/index.php?rest_route=%2Fwp%2Fv2%2Fmedia&parent=13469"}],"wp:term":[{"taxonomy":"category","embeddable":true,"href":"https:\/\/construcaocivil.siriusmarketingedesign.com.br\/index.php?rest_route=%2Fwp%2Fv2%2Fcategories&post=13469"},{"taxonomy":"post_tag","embeddable":true,"href":"https:\/\/construcaocivil.siriusmarketingedesign.com.br\/index.php?rest_route=%2Fwp%2Fv2%2Ftags&post=13469"}],"curies":[{"name":"wp","href":"https:\/\/api.w.org\/{rel}","templated":true}]}}