{"id":13474,"date":"2020-04-09T23:22:10","date_gmt":"2020-04-10T02:22:10","guid":{"rendered":"https:\/\/www.jornaldaconstrucaocivil.com.br\/?p=13474"},"modified":"2020-04-09T23:22:10","modified_gmt":"2020-04-10T02:22:10","slug":"perspectivas-2020-pandemia-e-plano-de-contingencia-para-industria-do-cimento","status":"publish","type":"post","link":"https:\/\/construcaocivil.siriusmarketingedesign.com.br\/?p=13474","title":{"rendered":"Perspectivas 2020: pandemia e plano de conting\u00eancia para ind\u00fastria do cimento"},"content":{"rendered":"<p>&nbsp;<\/p>\n<p style=\"text-align: justify;\"><span style=\"color: #000000;\"><img loading=\"lazy\" decoding=\"async\" class=\"size-medium wp-image-13476 alignleft\" src=\"https:\/\/www.jornaldaconstrucaocivil.com.br\/wp-content\/uploads\/2020\/04\/cement-406822_1920-300x200.jpg\" alt=\"\" width=\"300\" height=\"200\" srcset=\"https:\/\/construcaocivil.siriusmarketingedesign.com.br\/wp-content\/uploads\/2020\/04\/cement-406822_1920-300x200.jpg 300w, https:\/\/construcaocivil.siriusmarketingedesign.com.br\/wp-content\/uploads\/2020\/04\/cement-406822_1920-1024x683.jpg 1024w, https:\/\/construcaocivil.siriusmarketingedesign.com.br\/wp-content\/uploads\/2020\/04\/cement-406822_1920-768x512.jpg 768w, https:\/\/construcaocivil.siriusmarketingedesign.com.br\/wp-content\/uploads\/2020\/04\/cement-406822_1920-1536x1024.jpg 1536w, https:\/\/construcaocivil.siriusmarketingedesign.com.br\/wp-content\/uploads\/2020\/04\/cement-406822_1920-450x300.jpg 450w, https:\/\/construcaocivil.siriusmarketingedesign.com.br\/wp-content\/uploads\/2020\/04\/cement-406822_1920.jpg 1920w\" sizes=\"auto, (max-width: 300px) 100vw, 300px\" \/>Os meses de janeiro e fevereiro registraram queda nas vendas de cimento em raz\u00e3o das fortes chuvas que atingiram o Sudeste e Nordeste do pa\u00eds, com mais for\u00e7a em S\u00e3o Paulo e Minas Gerais, regi\u00f5es com alto consumo de cimento. Apesar dos n\u00fameros negativos, o que se observou foi um represamento das compras nos diferentes consumidores do produto, como construtoras, autoconstru\u00e7\u00e3o e o segmento industrial. Isso permitiu \u00e0 ind\u00fastria tra\u00e7ar uma expectativa de vendas bastante otimista para mar\u00e7o, o que e de fato aconteceu, mas apenas nos primeiros quinze dias do m\u00eas.<\/span><\/p>\n<p style=\"text-align: justify;\"><span style=\"color: #000000;\">A partir da segunda metade do m\u00eas de mar\u00e7o, se verificou uma forte retra\u00e7\u00e3o no consumo, causada, principalmente, pelas restri\u00e7\u00f5es de circula\u00e7\u00e3o e na abertura de lojas de materiais de constru\u00e7\u00e3o, al\u00e9m da redu\u00e7\u00e3o no ritmo das obras por conta da limita\u00e7\u00e3o do transporte p\u00fablico, de com\u00e9rcios e servi\u00e7os de suporte pr\u00f3ximos as constru\u00e7\u00f5es.<\/span><\/p>\n<p style=\"text-align: justify;\"><span style=\"color: #000000;\">Com isso, a venda de cimento em mar\u00e7o teve id\u00eantico volume na compara\u00e7\u00e3o com o mesmo m\u00eas do ano passado e recuou 0,5% sobre fevereiro deste ano. Em termos nominais, em mar\u00e7o foram vendidas 4,1 milh\u00f5es de toneladas e no trimestre, 12,6 milh\u00f5es de toneladas &#8211; queda de 0,3% em rela\u00e7\u00e3o ao mesmo per\u00edodo de 2019 (janeiro a mar\u00e7o).<\/span><\/p>\n<p style=\"text-align: justify;\"><span style=\"color: #000000;\">Nas vendas de cimento por dia \u00fatil, melhor indicador do setor, o impacto foi significativamente maior. Foram registradas queda de 10,4% na compara\u00e7\u00e3o com mar\u00e7o de 2019 e de 15% em rela\u00e7\u00e3o de fevereiro deste ano. J\u00e1 no trimestre o recuo foi de um 1,8%.<\/span><\/p>\n<p style=\"text-align: justify;\"><span style=\"color: #000000; font-family: arial, helvetica, sans-serif;\"><strong>An\u00e1lise Regional<\/strong><\/span><\/p>\n<p style=\"text-align: justify;\"><span style=\"color: #000000;\">Com refer\u00eancia ao m\u00eas de mar\u00e7o, as vendas nas regi\u00f5es Norte, Nordeste, Centro Oeste e Sul registraram importante redu\u00e7\u00e3o de, respectivamente, 9,2%, 2,6%, 4,8% e 4,3%. Por outro lado, na regi\u00e3o Sudeste, houve aumento de 4,6%, fortemente impulsionado por edifica\u00e7\u00f5es residenciais que vem sendo o grande vetor de consumo da ind\u00fastria do cimento desde 2019.<\/span><\/p>\n<p style=\"text-align: justify;\"><span style=\"color: #000000;\">&#8220;A Ind\u00fastria do Cimento est\u00e1 focada em 3 prioridades: assegurar a sa\u00fade e seguran\u00e7a de seu trabalhador e daqueles que integram a cadeia produtiva da atividade; garantir o fornecimento do produto cimento diante da demanda do pa\u00eds e da constru\u00e7\u00e3o civil e a manuten\u00e7\u00e3o das atividades da ind\u00fastria como forma de gera\u00e7\u00e3o de emprego, renda e desenvolvimento do pa\u00eds&#8221;, comenta Paulo Camillo Penna &#8211; Presidente do SNIC.<\/span><\/p>\n<p><span style=\"font-family: arial, helvetica, sans-serif; font-size: 12pt; color: #000000;\"><strong>Informa\u00e7\u00f5es detalhadas<\/strong><\/span><\/p>\n<p><img loading=\"lazy\" decoding=\"async\" class=\"alignright\" src=\"https:\/\/ci4.googleusercontent.com\/proxy\/ngqPCpYA3Mflm6mcV1hx9IWQZtNWxOIK1hH-HU3KagkLHu_DKc3k5WlUC_LRHgxU2_FN6latRT9OW8wgc9mokHKLbFnHIX_Et8WnNUSijJ-1RV-CUm8XmRtlF2-Jda65mNSiHdaSSkZJuU4NgYMJaO_f_g7m7w75DGH83SAQjKTNE-9ODvOvnU5dXGtAhT5V2yNVSHRvTZsHkxoYxrRvhv532NAvoGf5AYDQ6s_04wcCMAz4feQU7HpSRZOh4X4Jn5Abqpr5I507o70V96STBzBLw9pRKXlWEYkLAcP9YF_1J80=s0-d-e1-ft#https:\/\/yvegeenenislale.i-mpr.com\/6==AMwMDN4AjOt92YuwWah12ZANXYyJ2biV2d6IjNwEzNxIDO3MjOnVGcq5ydvxmNhVWZiljY4EWO1I2M1UWZzEzMjFDMmVWYjlzY1kzYjZkMlkzYjZkMlADOzQjRyUiNyATMf1SNx0yXt92YuIHct1SaGJTJGJTJBNTJwRHdopDN\" width=\"754\" height=\"278\" \/><\/p>\n<p><span style=\"color: #000000; font-size: 12pt; font-family: arial, helvetica, sans-serif;\"><strong>Perspectivas<\/strong><\/span><\/p>\n<p style=\"text-align: justify;\"><span style=\"color: #000000;\">A ind\u00fastria do cimento fechou 2019 com um crescimento de 3,5%, depois de quatro anos consecutivos de retra\u00e7\u00e3o, 2015 a 2018. No entanto, h\u00e1 de se ponderar que este aumento se deu em compara\u00e7\u00e3o ao fraco ano de 2018, o pior volume de vendas da s\u00e9rie hist\u00f3rica de quatro anos de queda.<\/span><\/p>\n<p style=\"text-align: justify;\"><span style=\"color: #000000;\">O cen\u00e1rio projetado para 2020, at\u00e9 mar\u00e7o, era promissor. Indicadores macroecon\u00f4micos, o movimento do setor imobili\u00e1rio, em expans\u00e3o em diversas regi\u00f5es do pa\u00eds, e o aumento da massa salarial davam sinais de que a tend\u00eancia de crescimento se manteria, permitindo assim uma proje\u00e7\u00e3o do SNIC acima de 3% no consumo para este ano.<\/span><\/p>\n<p style=\"text-align: justify;\"><span style=\"color: #000000;\">Neste aspecto, importante ressaltar que em raz\u00e3o do efeito da pandemia, se verificou a desmobiliza\u00e7\u00e3o, o distanciamento social e de fortes medidas de restri\u00e7\u00e3o de comercializa\u00e7\u00e3o de materiais de constru\u00e7\u00e3o por parte dos estados, afetando o desenvolvimento da atividade da constru\u00e7\u00e3o civil e consequentemente a ind\u00fastria do cimento.<\/span><\/p>\n<p style=\"text-align: justify;\"><span style=\"color: #000000;\">Ademais faz-se crucial que as medidas de oferta de cr\u00e9dito realizadas pelo Minist\u00e9rio da Economia cheguem \u00e0queles cuja demanda \u00e9 emergencial. O que se verifica \u00e9 que a concess\u00e3o do cr\u00e9dito pelos agentes financeiros est\u00e1 com taxas e exig\u00eancias descabidas para o momento. Com isso, os recursos n\u00e3o chegam a quem dele necessita, agravando o problema de escassez de cr\u00e9dito (historicamente uma realidade no Brasil).<\/span><\/p>\n<p style=\"text-align: justify;\"><span style=\"color: #000000;\">\u00c9 fundamental que a pol\u00edtica estruturada com a finalidade de levar liquidez \u00e0 economia seja consumada, sob <img loading=\"lazy\" decoding=\"async\" class=\"size-medium wp-image-13477 alignright\" src=\"https:\/\/www.jornaldaconstrucaocivil.com.br\/wp-content\/uploads\/2020\/04\/workers-807577_1920-300x199.jpg\" alt=\"\" width=\"300\" height=\"199\" srcset=\"https:\/\/construcaocivil.siriusmarketingedesign.com.br\/wp-content\/uploads\/2020\/04\/workers-807577_1920-300x199.jpg 300w, https:\/\/construcaocivil.siriusmarketingedesign.com.br\/wp-content\/uploads\/2020\/04\/workers-807577_1920-1024x680.jpg 1024w, https:\/\/construcaocivil.siriusmarketingedesign.com.br\/wp-content\/uploads\/2020\/04\/workers-807577_1920-768x510.jpg 768w, https:\/\/construcaocivil.siriusmarketingedesign.com.br\/wp-content\/uploads\/2020\/04\/workers-807577_1920-1536x1020.jpg 1536w, https:\/\/construcaocivil.siriusmarketingedesign.com.br\/wp-content\/uploads\/2020\/04\/workers-807577_1920-450x300.jpg 450w, https:\/\/construcaocivil.siriusmarketingedesign.com.br\/wp-content\/uploads\/2020\/04\/workers-807577_1920.jpg 1920w\" sizes=\"auto, (max-width: 300px) 100vw, 300px\" \/>pena de causar irremedi\u00e1veis danos a atividade do cimento e a sua cadeia produtiva, causando incapacidade de recupera\u00e7\u00e3o e fechamento de empresas, como fornecedores de insumos, varejistas e distribuidores de cimento. Esta liquidez \u00e9 fundamental para manter a sa\u00fade da economia brasileira.<\/span><\/p>\n<p style=\"text-align: justify;\"><span style=\"color: #000000;\">Do ponto de vista do setor, prevendo uma queda ainda mais acentuada para os pr\u00f3ximos meses, a Ind\u00fastria do Cimento tem estudado e desenvolve planos de conting\u00eancia para a minimiza\u00e7\u00e3o de impactos na cadeia produtora. S\u00e3o elas:<\/span><\/p>\n<ul style=\"list-style-type: disc;\">\n<li style=\"text-align: justify;\"><span style=\"color: #000000;\">\u00a0Aumento e incremento nas orienta\u00e7\u00f5es preventivas e nos treinamentos de cuidados sanit\u00e1rios, sa\u00fade e bem estar dos trabalhadores e seus familiares;<\/span><\/li>\n<li style=\"text-align: justify;\"><span style=\"color: #000000;\">\u00a0Amplia\u00e7\u00e3o das a\u00e7\u00f5es de comunica\u00e7\u00e3o dirigida a todos os integrantes da cadeia produtiva da ind\u00fastria do cimento com foco na preven\u00e7\u00e3o sanit\u00e1ria do coronavirus;<\/span><\/li>\n<li style=\"text-align: justify;\"><span style=\"color: #000000;\">Antecipa\u00e7\u00e3o da manuten\u00e7\u00e3o preventiva para o per\u00edodo de combate ao coronav\u00edrus, o que vai permitir uma retomada ainda mais forte, p\u00f3s crise;<\/span><\/li>\n<li style=\"text-align: justify;\"><span style=\"color: #000000;\">Manuten\u00e7\u00e3o dos postos de trabalho, implementando as medidas adotadas pelo Governo, f\u00e9rias coletivas e banco de horas, entre outras alternativas;<\/span><\/li>\n<li style=\"text-align: justify;\"><span style=\"color: #000000;\">Acelera\u00e7\u00e3o de programas de inova\u00e7\u00e3o, qualidade e produtividade da ind\u00fastria do cimento, com \u00eanfase em combust\u00edveis alternativos e coprocessamento.<\/span><\/li>\n<\/ul>\n<p><span style=\"color: #000000;\">Fonte: Assessoria de Imprensa<\/span><\/p>\n","protected":false},"excerpt":{"rendered":"<p>&nbsp; Os meses de janeiro e fevereiro registraram queda nas vendas de cimento em raz\u00e3o das fortes chuvas que atingiram o Sudeste e Nordeste do pa\u00eds, com mais for\u00e7a em S\u00e3o Paulo e Minas Gerais, regi\u00f5es com alto consumo de cimento. Apesar dos n\u00fameros negativos, o que se observou foi um represamento das compras nos [&hellip;]<\/p>\n","protected":false},"author":1,"featured_media":13476,"comment_status":"open","ping_status":"open","sticky":false,"template":"","format":"standard","meta":{"_uag_custom_page_level_css":"","footnotes":""},"categories":[33],"tags":[2292,11260],"class_list":["post-13474","post","type-post","status-publish","format-standard","has-post-thumbnail","hentry","category-mercado","tag-cimento","tag-snic"],"blocksy_meta":[],"spectra_blocks_featured_image_url":{"thumbnail":{"url":"https:\/\/construcaocivil.siriusmarketingedesign.com.br\/wp-content\/uploads\/2020\/04\/cement-406822_1920-150x150.jpg","width":150,"height":150},"medium":{"url":"https:\/\/construcaocivil.siriusmarketingedesign.com.br\/wp-content\/uploads\/2020\/04\/cement-406822_1920-300x200.jpg","width":300,"height":200},"medium_large":{"url":"https:\/\/construcaocivil.siriusmarketingedesign.com.br\/wp-content\/uploads\/2020\/04\/cement-406822_1920-768x512.jpg","width":768,"height":512},"large":{"url":"https:\/\/construcaocivil.siriusmarketingedesign.com.br\/wp-content\/uploads\/2020\/04\/cement-406822_1920-1024x683.jpg","width":1024,"height":683},"full":{"url":"https:\/\/construcaocivil.siriusmarketingedesign.com.br\/wp-content\/uploads\/2020\/04\/cement-406822_1920.jpg","width":1920,"height":1280}},"spectra_blocks_author_info":{"display_name":"Jornal da Constru\u00e7\u00e3o Civil","avatar_url":"https:\/\/secure.gravatar.com\/avatar\/973c9774fd44ddaceb026973c4962faa70fc512bc4c9da68e8ebb40fecee6540?s=96&d=mm&r=g","author_link":"https:\/\/construcaocivil.siriusmarketingedesign.com.br\/?author=1","description":"Desde de 2013, levando muitas informa\u00e7\u00f5es, lan\u00e7amentos e produtos de qualidade para toda cadeia produtiva da constru\u00e7\u00e3o. O Futuro da constru\u00e7\u00e3o passa por aqui,"},"uagb_featured_image_src":{"full":["https:\/\/construcaocivil.siriusmarketingedesign.com.br\/wp-content\/uploads\/2020\/04\/cement-406822_1920.jpg",1920,1280,false],"thumbnail":["https:\/\/construcaocivil.siriusmarketingedesign.com.br\/wp-content\/uploads\/2020\/04\/cement-406822_1920-150x150.jpg",150,150,true],"medium":["https:\/\/construcaocivil.siriusmarketingedesign.com.br\/wp-content\/uploads\/2020\/04\/cement-406822_1920-300x200.jpg",300,200,true],"medium_large":["https:\/\/construcaocivil.siriusmarketingedesign.com.br\/wp-content\/uploads\/2020\/04\/cement-406822_1920-768x512.jpg",768,512,true],"large":["https:\/\/construcaocivil.siriusmarketingedesign.com.br\/wp-content\/uploads\/2020\/04\/cement-406822_1920-1024x683.jpg",1024,683,true],"1536x1536":["https:\/\/construcaocivil.siriusmarketingedesign.com.br\/wp-content\/uploads\/2020\/04\/cement-406822_1920-1536x1024.jpg",1536,1024,true],"2048x2048":["https:\/\/construcaocivil.siriusmarketingedesign.com.br\/wp-content\/uploads\/2020\/04\/cement-406822_1920.jpg",1920,1280,false]},"uagb_author_info":{"display_name":"Jornal da Constru\u00e7\u00e3o Civil","author_link":"https:\/\/construcaocivil.siriusmarketingedesign.com.br\/?author=1"},"uagb_comment_info":0,"uagb_excerpt":"&nbsp; Os meses de janeiro e fevereiro registraram queda nas vendas de cimento em raz\u00e3o das fortes chuvas que atingiram o Sudeste e Nordeste do pa\u00eds, com mais for\u00e7a em S\u00e3o Paulo e Minas Gerais, regi\u00f5es com alto consumo de cimento. Apesar dos n\u00fameros negativos, o que se observou foi um represamento das compras nos&hellip;","_links":{"self":[{"href":"https:\/\/construcaocivil.siriusmarketingedesign.com.br\/index.php?rest_route=\/wp\/v2\/posts\/13474","targetHints":{"allow":["GET"]}}],"collection":[{"href":"https:\/\/construcaocivil.siriusmarketingedesign.com.br\/index.php?rest_route=\/wp\/v2\/posts"}],"about":[{"href":"https:\/\/construcaocivil.siriusmarketingedesign.com.br\/index.php?rest_route=\/wp\/v2\/types\/post"}],"author":[{"embeddable":true,"href":"https:\/\/construcaocivil.siriusmarketingedesign.com.br\/index.php?rest_route=\/wp\/v2\/users\/1"}],"replies":[{"embeddable":true,"href":"https:\/\/construcaocivil.siriusmarketingedesign.com.br\/index.php?rest_route=%2Fwp%2Fv2%2Fcomments&post=13474"}],"version-history":[{"count":0,"href":"https:\/\/construcaocivil.siriusmarketingedesign.com.br\/index.php?rest_route=\/wp\/v2\/posts\/13474\/revisions"}],"wp:featuredmedia":[{"embeddable":true,"href":"https:\/\/construcaocivil.siriusmarketingedesign.com.br\/index.php?rest_route=\/wp\/v2\/media\/13476"}],"wp:attachment":[{"href":"https:\/\/construcaocivil.siriusmarketingedesign.com.br\/index.php?rest_route=%2Fwp%2Fv2%2Fmedia&parent=13474"}],"wp:term":[{"taxonomy":"category","embeddable":true,"href":"https:\/\/construcaocivil.siriusmarketingedesign.com.br\/index.php?rest_route=%2Fwp%2Fv2%2Fcategories&post=13474"},{"taxonomy":"post_tag","embeddable":true,"href":"https:\/\/construcaocivil.siriusmarketingedesign.com.br\/index.php?rest_route=%2Fwp%2Fv2%2Ftags&post=13474"}],"curies":[{"name":"wp","href":"https:\/\/api.w.org\/{rel}","templated":true}]}}