{"id":1348,"date":"2016-04-12T17:30:48","date_gmt":"2016-04-12T17:30:48","guid":{"rendered":"http:\/\/www.jornaldaconstrucaocivil.com.br\/?p=1348"},"modified":"2016-04-12T17:30:48","modified_gmt":"2016-04-12T17:30:48","slug":"secil-no-mais-importante-evento-de-construcao-civil-da-america-latina","status":"publish","type":"post","link":"https:\/\/construcaocivil.siriusmarketingedesign.com.br\/?p=1348","title":{"rendered":"Secil no mais importante evento de constru\u00e7\u00e3o civil da Am\u00e9rica Latina"},"content":{"rendered":"<p><span style=\"color: #000000;\"><span style=\"color: #0000ff;\">Depois de ter inaugurado recentemente em Adrian\u00f3polis, Paran\u00e1, a mais moderna f\u00e1brica do setor do Brasil, o grupo portugu\u00eas Secil participa, a partir de hoje (12), da 22\u00ba edi\u00e7\u00e3o da Feicon, evento refer\u00eancia para o setor da constru\u00e7\u00e3o civil na Am\u00e9rica Latina, que ocorrer\u00e1 do dia 12 a 16 de abril no Pavilh\u00e3o de Exposi\u00e7\u00f5es do Anhembi \u2013 S\u00e3o Paulo\/SP, com v\u00e1rias novidades. A mais importante diz respeito \u00e0 pr\u00f3pria marca do produto.<\/span>\u00a0 <\/span><\/p>\n<figure id=\"attachment_1349\" aria-describedby=\"caption-attachment-1349\" style=\"width: 300px\" class=\"wp-caption alignleft\"><a href=\"http:\/\/www.jornaldaconstrucaocivil.com.br\/wp-content\/uploads\/2016\/04\/CIMENTO-Packshot_Atualizado_flat-1-OK.jpg\"><img loading=\"lazy\" decoding=\"async\" class=\"wp-image-1349 size-medium\" src=\"http:\/\/www.jornaldaconstrucaocivil.com.br\/wp-content\/uploads\/2016\/04\/CIMENTO-Packshot_Atualizado_flat-1-OK-300x155.jpg\" alt=\"CIMENTO Packshot_Atualizado_flat (1)-OK\" width=\"300\" height=\"155\" \/><\/a><figcaption id=\"caption-attachment-1349\" class=\"wp-caption-text\"><span style=\"color: #ff0000;\">Imagem: Divulga\u00e7\u00e3o<\/span><\/figcaption><\/figure>\n<p><span style=\"color: #000000;\">Os cimentos que eram conhecidos como Supremo passam a ser comercializados incorporando a marca Secil, com a logomarca internacional e as cores do grupo portugu\u00eas. Al\u00e9m da nova embalagem, os cimentos <span style=\"color: #0000ff;\">Supremo Secil CPII<\/span> <span style=\"color: #0000ff;\">F 32, CP II F 40 e CPV ARI<\/span> agora contam com o selo <span style=\"color: #0000ff;\">ABCP (Associa\u00e7\u00e3o Brasileira de Cimento Portland)<\/span>, que certificam o cumprimento das normas t\u00e9cnicas da ABNT e demais \u00f3rg\u00e3os de normatiza\u00e7\u00e3o. Para completar, a Secil apresenta sua nova estrutura de distribui\u00e7\u00e3o, com novas unidades no Paran\u00e1, Santa Catarina e Rio Grande do Sul.<\/span><\/p>\n<p><span style=\"color: #000000;\">As novidades ser\u00e3o apresentadas em um <em>stand <\/em>de 60 metros quadrados, que durante a Feicon ser\u00e1 uma esp\u00e9cie de quartel general da \u00e1rea comercial da Secil, onde toda a equipe de vendas estar\u00e1 mobilizada para se relacionar com os clientes.<em> \u201cA Feicon \u00e9 estrat\u00e9gica para n\u00f3s porque relacionamento com o cliente \u00e9 um grande diferencial da Supremo Secil. Sempre atendemos com muita cordialidade e aten\u00e7\u00e3o \u00e0s necessidades das revendas, construtoras, ind\u00fastrias de artefatos ou pr\u00e9-moldados, oferecendo um servi\u00e7o personalizado durante toda a opera\u00e7\u00e3o de vendas\u201d<\/em> afirma Evanilton Braga Corteletti, Diretor Comercial da Secil.<\/span><\/p>\n<p><span style=\"color: #800000;\">Fonte: Assessoria de Imprensa Secil\u00a0<\/span><\/p>\n<p><strong>\u00a0<\/strong><\/p>\n","protected":false},"excerpt":{"rendered":"<p>Depois de ter inaugurado recentemente em Adrian\u00f3polis, Paran\u00e1, a mais moderna f\u00e1brica do setor do Brasil, o grupo portugu\u00eas Secil participa, a partir de hoje (12), da 22\u00ba edi\u00e7\u00e3o da Feicon, evento refer\u00eancia para o setor da constru\u00e7\u00e3o civil na Am\u00e9rica Latina, que ocorrer\u00e1 do dia 12 a 16 de abril no Pavilh\u00e3o de Exposi\u00e7\u00f5es [&hellip;]<\/p>\n","protected":false},"author":1,"featured_media":1349,"comment_status":"open","ping_status":"open","sticky":false,"template":"","format":"standard","meta":{"_uag_custom_page_level_css":"","footnotes":""},"categories":[33],"tags":[2826,3126,3711,4914,8736,10725,11461],"class_list":["post-1348","post","type-post","status-publish","format-standard","has-post-thumbnail","hentry","category-mercado","tag-construcao-civil","tag-cp-ii-f-40-e-cpv-ari","tag-diretor-comercial-evanilton-braga-corteletti","tag-feicon-2016","tag-pavilhao-de-exposicoes-do-anhembi-sao-paulo-sp","tag-secil","tag-supremo-secil-cpii-f-32"],"blocksy_meta":[],"spectra_blocks_featured_image_url":[],"spectra_blocks_author_info":{"display_name":"Jornal da Constru\u00e7\u00e3o Civil","avatar_url":"https:\/\/secure.gravatar.com\/avatar\/973c9774fd44ddaceb026973c4962faa70fc512bc4c9da68e8ebb40fecee6540?s=96&d=mm&r=g","author_link":"https:\/\/construcaocivil.siriusmarketingedesign.com.br\/?author=1","description":"Desde de 2013, levando muitas informa\u00e7\u00f5es, lan\u00e7amentos e produtos de qualidade para toda cadeia produtiva da constru\u00e7\u00e3o. O Futuro da constru\u00e7\u00e3o passa por aqui,"},"uagb_featured_image_src":{"full":false,"thumbnail":false,"medium":false,"medium_large":false,"large":false,"1536x1536":false,"2048x2048":false},"uagb_author_info":{"display_name":"Jornal da Constru\u00e7\u00e3o Civil","author_link":"https:\/\/construcaocivil.siriusmarketingedesign.com.br\/?author=1"},"uagb_comment_info":0,"uagb_excerpt":"Depois de ter inaugurado recentemente em Adrian\u00f3polis, Paran\u00e1, a mais moderna f\u00e1brica do setor do Brasil, o grupo portugu\u00eas Secil participa, a partir de hoje (12), da 22\u00ba edi\u00e7\u00e3o da Feicon, evento refer\u00eancia para o setor da constru\u00e7\u00e3o civil na Am\u00e9rica Latina, que ocorrer\u00e1 do dia 12 a 16 de abril no Pavilh\u00e3o de Exposi\u00e7\u00f5es&hellip;","_links":{"self":[{"href":"https:\/\/construcaocivil.siriusmarketingedesign.com.br\/index.php?rest_route=\/wp\/v2\/posts\/1348","targetHints":{"allow":["GET"]}}],"collection":[{"href":"https:\/\/construcaocivil.siriusmarketingedesign.com.br\/index.php?rest_route=\/wp\/v2\/posts"}],"about":[{"href":"https:\/\/construcaocivil.siriusmarketingedesign.com.br\/index.php?rest_route=\/wp\/v2\/types\/post"}],"author":[{"embeddable":true,"href":"https:\/\/construcaocivil.siriusmarketingedesign.com.br\/index.php?rest_route=\/wp\/v2\/users\/1"}],"replies":[{"embeddable":true,"href":"https:\/\/construcaocivil.siriusmarketingedesign.com.br\/index.php?rest_route=%2Fwp%2Fv2%2Fcomments&post=1348"}],"version-history":[{"count":0,"href":"https:\/\/construcaocivil.siriusmarketingedesign.com.br\/index.php?rest_route=\/wp\/v2\/posts\/1348\/revisions"}],"wp:attachment":[{"href":"https:\/\/construcaocivil.siriusmarketingedesign.com.br\/index.php?rest_route=%2Fwp%2Fv2%2Fmedia&parent=1348"}],"wp:term":[{"taxonomy":"category","embeddable":true,"href":"https:\/\/construcaocivil.siriusmarketingedesign.com.br\/index.php?rest_route=%2Fwp%2Fv2%2Fcategories&post=1348"},{"taxonomy":"post_tag","embeddable":true,"href":"https:\/\/construcaocivil.siriusmarketingedesign.com.br\/index.php?rest_route=%2Fwp%2Fv2%2Ftags&post=1348"}],"curies":[{"name":"wp","href":"https:\/\/api.w.org\/{rel}","templated":true}]}}