{"id":13486,"date":"2020-04-18T15:17:27","date_gmt":"2020-04-18T18:17:27","guid":{"rendered":"https:\/\/www.jornaldaconstrucaocivil.com.br\/?p=13486"},"modified":"2020-04-18T15:25:49","modified_gmt":"2020-04-18T18:25:49","slug":"em-meio-a-pandemia-grileiros-e-invasores-se-aproximam-de-aldeia-karipuna","status":"publish","type":"post","link":"https:\/\/construcaocivil.siriusmarketingedesign.com.br\/?p=13486","title":{"rendered":"Em meio \u00e0 pandemia, grileiros e invasores se aproximam de aldeia Karipuna"},"content":{"rendered":"<p style=\"text-align: center;\"><strong><em>Em nota conjunta, Apoika, Cimi e Greenpeace denunciam que o risco de um iminente genoc\u00eddio da pequena popula\u00e7\u00e3o Karipuna \u00e9 ainda mais preocupante no contexto da Covid-19<\/em><\/strong><\/p>\n<p><img loading=\"lazy\" decoding=\"async\" class=\"size-medium wp-image-13487 alignleft\" src=\"https:\/\/www.jornaldaconstrucaocivil.com.br\/wp-content\/uploads\/2020\/04\/unnamed-4-300x200.jpg\" alt=\"\" width=\"300\" height=\"200\" srcset=\"https:\/\/construcaocivil.siriusmarketingedesign.com.br\/wp-content\/uploads\/2020\/04\/unnamed-4-300x200.jpg 300w, https:\/\/construcaocivil.siriusmarketingedesign.com.br\/wp-content\/uploads\/2020\/04\/unnamed-4-1024x682.jpg 1024w, https:\/\/construcaocivil.siriusmarketingedesign.com.br\/wp-content\/uploads\/2020\/04\/unnamed-4-768x511.jpg 768w, https:\/\/construcaocivil.siriusmarketingedesign.com.br\/wp-content\/uploads\/2020\/04\/unnamed-4-450x300.jpg 450w, https:\/\/construcaocivil.siriusmarketingedesign.com.br\/wp-content\/uploads\/2020\/04\/unnamed-4.jpg 1200w\" sizes=\"auto, (max-width: 300px) 100vw, 300px\" \/><\/p>\n<p style=\"text-align: justify;\"><span style=\"font-family: arial, helvetica, sans-serif; color: #000000;\">Em dezembro de 2019, conforme documento protocolado no Minist\u00e9rio P\u00fablico Federal (MPF) e na Pol\u00edcia Federal (PF), em Porto Velho, j\u00e1 denunci\u00e1vamos uma intensa movimenta\u00e7\u00e3o de motocicletas para e no interior da terra ind\u00edgena. Cumpre frisar que a terra ind\u00edgena em quest\u00e3o est\u00e1 devidamente registrada como Patrim\u00f4nio da Uni\u00e3o desde 1998, nos termos do que determina o Artigo 20 da Constitui\u00e7\u00e3o Brasileira e que, portanto, o direito de usufruto \u00e9 exclusivo dos Karipuna, conforme estabelece o Artigo 231 da mesma Carta Magna.<\/span><\/p>\n<p style=\"text-align: justify;\"><span style=\"font-family: arial, helvetica, sans-serif; color: #000000;\">No dia 15 de mar\u00e7o de 2020, uma den\u00fancia an\u00f4nima informava que um grupo de pessoas estaria se organizando para invadir a TI Karipuna com o intuito de dar continuidade ao processo de loteamento e grilagem desta terra, de ocupa\u00e7\u00e3o tradicional ind\u00edgena.<\/span><\/p>\n<p style=\"text-align: justify;\"><span style=\"font-family: arial, helvetica, sans-serif; color: #000000;\">Diante disso, \u00e9 urgente que as autoridades tomem medidas cir\u00fargicas e estruturantes de combate \u00e0 grilagem em curso na TI Karipuna. Neste sentido, exigimos:<\/span><\/p>\n<p style=\"text-align: justify;\"><span style=\"font-family: arial, helvetica, sans-serif; color: #000000;\">1-\u00a0\u00a0\u00a0\u00a0\u00a0 O devido e tempestivo cumprimento de decis\u00e3o judicial, de junho de 2018, que determina a continuidade da fiscaliza\u00e7\u00e3o e um plano de prote\u00e7\u00e3o permanente da TI Karipuna;<\/span><\/p>\n<p style=\"text-align: justify;\"><span style=\"font-family: arial, helvetica, sans-serif; color: #000000;\">2-\u00a0\u00a0\u00a0\u00a0\u00a0 A retirada imediata dos invasores do interior da TI Karipuna, com a respectiva identifica\u00e7\u00e3o e pris\u00e3o dos mesmos;<\/span><\/p>\n<p style=\"text-align: justify;\"><span style=\"font-family: arial, helvetica, sans-serif; color: #000000;\">3-\u00a0\u00a0\u00a0\u00a0\u00a0 A identifica\u00e7\u00e3o, apreens\u00e3o de bens e pris\u00e3o das pessoas respons\u00e1veis pela organiza\u00e7\u00e3o e dos benefici\u00e1rios do processo de invas\u00e3o, retirada ilegal de madeira e grilagem da TI Karipuna;<\/span><\/p>\n<p style=\"text-align: justify;\"><span style=\"font-family: arial, helvetica, sans-serif; color: #000000;\">4-\u00a0\u00a0\u00a0\u00a0\u00a0 A identifica\u00e7\u00e3o dos propriet\u00e1rios das \u00e1reas do entorno que s\u00e3o usadas para a invas\u00e3o, retirada ilegal de madeira e grilagem da TI Karipuna, com a devida investiga\u00e7\u00e3o, pela Pol\u00edcia Federal, a fim de averiguar eventual coniv\u00eancia ou n\u00e3o dos mesmos.<\/span><\/p>\n<p><span style=\"color: #000000;\">Fonte: Associa\u00e7\u00e3o do Povo Ind\u00edgena Karipuna (Apoika);\u00a0Conselho Indigenista Mission\u00e1rio (Cimi); Greenpeace Brasil.\u00a0<\/span><\/p>\n<p>&nbsp;<\/p>\n","protected":false},"excerpt":{"rendered":"<p>Em nota conjunta, Apoika, Cimi e Greenpeace denunciam que o risco de um iminente genoc\u00eddio da pequena popula\u00e7\u00e3o Karipuna \u00e9 ainda mais preocupante no contexto da Covid-19 Em dezembro de 2019, conforme documento protocolado no Minist\u00e9rio P\u00fablico Federal (MPF) e na Pol\u00edcia Federal (PF), em Porto Velho, j\u00e1 denunci\u00e1vamos uma intensa movimenta\u00e7\u00e3o de motocicletas para [&hellip;]<\/p>\n","protected":false},"author":1,"featured_media":13487,"comment_status":"open","ping_status":"open","sticky":false,"template":"","format":"standard","meta":{"_uag_custom_page_level_css":"","footnotes":""},"categories":[37],"tags":[18677,2786,5626],"class_list":["post-13486","post","type-post","status-publish","format-standard","has-post-thumbnail","hentry","category-sustentabilidade","tag-associacao-do-povo-indigena-karipuna","tag-conselho-indigenista-missionario","tag-greenpeace-brasil"],"blocksy_meta":[],"spectra_blocks_featured_image_url":{"thumbnail":{"url":"https:\/\/construcaocivil.siriusmarketingedesign.com.br\/wp-content\/uploads\/2020\/04\/unnamed-4-150x150.jpg","width":150,"height":150},"medium":{"url":"https:\/\/construcaocivil.siriusmarketingedesign.com.br\/wp-content\/uploads\/2020\/04\/unnamed-4-300x200.jpg","width":300,"height":200},"medium_large":{"url":"https:\/\/construcaocivil.siriusmarketingedesign.com.br\/wp-content\/uploads\/2020\/04\/unnamed-4-768x511.jpg","width":768,"height":511},"large":{"url":"https:\/\/construcaocivil.siriusmarketingedesign.com.br\/wp-content\/uploads\/2020\/04\/unnamed-4-1024x682.jpg","width":1024,"height":682},"full":{"url":"https:\/\/construcaocivil.siriusmarketingedesign.com.br\/wp-content\/uploads\/2020\/04\/unnamed-4.jpg","width":1200,"height":799}},"spectra_blocks_author_info":{"display_name":"Jornal da Constru\u00e7\u00e3o Civil","avatar_url":"https:\/\/secure.gravatar.com\/avatar\/973c9774fd44ddaceb026973c4962faa70fc512bc4c9da68e8ebb40fecee6540?s=96&d=mm&r=g","author_link":"https:\/\/construcaocivil.siriusmarketingedesign.com.br\/?author=1","description":"Desde de 2013, levando muitas informa\u00e7\u00f5es, lan\u00e7amentos e produtos de qualidade para toda cadeia produtiva da constru\u00e7\u00e3o. O Futuro da constru\u00e7\u00e3o passa por aqui,"},"uagb_featured_image_src":{"full":["https:\/\/construcaocivil.siriusmarketingedesign.com.br\/wp-content\/uploads\/2020\/04\/unnamed-4.jpg",1200,799,false],"thumbnail":["https:\/\/construcaocivil.siriusmarketingedesign.com.br\/wp-content\/uploads\/2020\/04\/unnamed-4-150x150.jpg",150,150,true],"medium":["https:\/\/construcaocivil.siriusmarketingedesign.com.br\/wp-content\/uploads\/2020\/04\/unnamed-4-300x200.jpg",300,200,true],"medium_large":["https:\/\/construcaocivil.siriusmarketingedesign.com.br\/wp-content\/uploads\/2020\/04\/unnamed-4-768x511.jpg",768,511,true],"large":["https:\/\/construcaocivil.siriusmarketingedesign.com.br\/wp-content\/uploads\/2020\/04\/unnamed-4-1024x682.jpg",1024,682,true],"1536x1536":["https:\/\/construcaocivil.siriusmarketingedesign.com.br\/wp-content\/uploads\/2020\/04\/unnamed-4.jpg",1200,799,false],"2048x2048":["https:\/\/construcaocivil.siriusmarketingedesign.com.br\/wp-content\/uploads\/2020\/04\/unnamed-4.jpg",1200,799,false]},"uagb_author_info":{"display_name":"Jornal da Constru\u00e7\u00e3o Civil","author_link":"https:\/\/construcaocivil.siriusmarketingedesign.com.br\/?author=1"},"uagb_comment_info":0,"uagb_excerpt":"Em nota conjunta, Apoika, Cimi e Greenpeace denunciam que o risco de um iminente genoc\u00eddio da pequena popula\u00e7\u00e3o Karipuna \u00e9 ainda mais preocupante no contexto da Covid-19 Em dezembro de 2019, conforme documento protocolado no Minist\u00e9rio P\u00fablico Federal (MPF) e na Pol\u00edcia Federal (PF), em Porto Velho, j\u00e1 denunci\u00e1vamos uma intensa movimenta\u00e7\u00e3o de motocicletas para&hellip;","_links":{"self":[{"href":"https:\/\/construcaocivil.siriusmarketingedesign.com.br\/index.php?rest_route=\/wp\/v2\/posts\/13486","targetHints":{"allow":["GET"]}}],"collection":[{"href":"https:\/\/construcaocivil.siriusmarketingedesign.com.br\/index.php?rest_route=\/wp\/v2\/posts"}],"about":[{"href":"https:\/\/construcaocivil.siriusmarketingedesign.com.br\/index.php?rest_route=\/wp\/v2\/types\/post"}],"author":[{"embeddable":true,"href":"https:\/\/construcaocivil.siriusmarketingedesign.com.br\/index.php?rest_route=\/wp\/v2\/users\/1"}],"replies":[{"embeddable":true,"href":"https:\/\/construcaocivil.siriusmarketingedesign.com.br\/index.php?rest_route=%2Fwp%2Fv2%2Fcomments&post=13486"}],"version-history":[{"count":0,"href":"https:\/\/construcaocivil.siriusmarketingedesign.com.br\/index.php?rest_route=\/wp\/v2\/posts\/13486\/revisions"}],"wp:featuredmedia":[{"embeddable":true,"href":"https:\/\/construcaocivil.siriusmarketingedesign.com.br\/index.php?rest_route=\/wp\/v2\/media\/13487"}],"wp:attachment":[{"href":"https:\/\/construcaocivil.siriusmarketingedesign.com.br\/index.php?rest_route=%2Fwp%2Fv2%2Fmedia&parent=13486"}],"wp:term":[{"taxonomy":"category","embeddable":true,"href":"https:\/\/construcaocivil.siriusmarketingedesign.com.br\/index.php?rest_route=%2Fwp%2Fv2%2Fcategories&post=13486"},{"taxonomy":"post_tag","embeddable":true,"href":"https:\/\/construcaocivil.siriusmarketingedesign.com.br\/index.php?rest_route=%2Fwp%2Fv2%2Ftags&post=13486"}],"curies":[{"name":"wp","href":"https:\/\/api.w.org\/{rel}","templated":true}]}}