{"id":1353,"date":"2016-04-12T18:44:36","date_gmt":"2016-04-12T18:44:36","guid":{"rendered":"http:\/\/www.jornaldaconstrucaocivil.com.br\/?p=1353"},"modified":"2016-04-12T18:44:36","modified_gmt":"2016-04-12T18:44:36","slug":"em-tempos-de-crise-sindicato-da-regiao-sul-fluminense-organiza-mapa-para-identificar-indices-de-desemprego-nos-municipios-de-resende-itatiaia-e-porto-real","status":"publish","type":"post","link":"https:\/\/construcaocivil.siriusmarketingedesign.com.br\/?p=1353","title":{"rendered":"Em tempos de crise, sindicato da regi\u00e3o sul fluminense organiza mapa para identificar \u00edndices de desemprego nos munic\u00edpios de Resende, Itatiaia e Porto Real."},"content":{"rendered":"<p><span style=\"color: #003300;\"><b>Por Pablo Marlon<\/b><\/span><\/p>\n<p><span style=\"color: #000080;\"><strong>Com os n\u00fameros do desemprego batendo recorde de demiss\u00f5es por todo o pa\u00eds, cidades do interior do Rio t\u00eam enfrentado momentos dif\u00edceis em 2016. \u00c9 o caso dos munic\u00edpios de Resende, Itatiaia e Porto Real, que vive o problema de grandes lojas do ramo varejistas reduzindo seus quadros de funcion\u00e1rios e algumas fechando suas filiais, como, Casas Bahia, Lojas Cem, Lojas Americanas entre outras.<\/strong><\/span><\/p>\n<figure id=\"attachment_1354\" aria-describedby=\"caption-attachment-1354\" style=\"width: 300px\" class=\"wp-caption alignleft\"><a href=\"http:\/\/www.jornaldaconstrucaocivil.com.br\/wp-content\/uploads\/2016\/04\/ECONOMIA-LOJAS-BAHIA.jpg\"><img loading=\"lazy\" decoding=\"async\" class=\"wp-image-1354 size-medium\" src=\"http:\/\/www.jornaldaconstrucaocivil.com.br\/wp-content\/uploads\/2016\/04\/ECONOMIA-LOJAS-BAHIA-300x199.jpg\" alt=\"\" width=\"300\" height=\"199\" \/><\/a><figcaption id=\"caption-attachment-1354\" class=\"wp-caption-text\"><span style=\"color: #993366;\">Grandes lojas varejistas sentem a crise no com\u00e9rcio sul fluminense.<span style=\"color: #000080;\"> Foto: SECRIPR<\/span><\/span><\/figcaption><\/figure>\n<p><span style=\"color: #000000;\">De acordo com a Confedera\u00e7\u00e3o Nacional do Com\u00e9rcio, Bens, Servi\u00e7os e Turismo (CNC), em 2015 foram fechados 100 mil lojas e cortadas 180 mil vagas de emprego no Brasil.<\/span><\/p>\n<p><span style=\"color: #000000;\">Para atenuar este cen\u00e1rio, o sindicato do empregado do com\u00e9rcio da regi\u00e3o sul, est\u00e1 promovendo de acordo com os indicadores de demiss\u00f5es, homologa\u00e7\u00f5es e rescis\u00f5es, cursos de capacita\u00e7\u00e3o profissional com o objetivo de preparar os trabalhadores para novas oportunidades de empregos.<\/span><\/p>\n<p><span style=\"color: #000000;\">Em entrevista concedida para o site do Jornal da Constru\u00e7\u00e3o Civil, o diretor do sindicato dos empregados do com\u00e9rcio de Resende, Itatiaia e Porto Real, Marco Aur\u00e9lio Ribeiro fala das atuais medidas adotadas pela entidade na regi\u00e3o sul fluminense. \u00a0\u00a0<\/span><\/p>\n<p><span style=\"color: #ff0000;\">JCC \u2013 Como tem sido essa sondagem e de que forma est\u00e1 sendo aplicado na elabora\u00e7\u00e3o do mapa de empregabilidade\/rotatividade dos empregos nas cidades aonde o sindicato atua?<\/span><\/p>\n<p><span style=\"color: #000000;\"><span style=\"color: #0000ff;\">Marco Aur\u00e9lio Ribeiro &#8211; Sindicato<\/span> \u2013 Na realidade utilizamos esses dados internamente, pois n\u00e3o somos capacitados para elaborar esses tipos de an\u00e1lises, uma vez que s\u00f3 temos os n\u00fameros de pessoas demitidas ou que pedem demiss\u00e3o e com mais de um ano de carteira assinada. A pesquisa n\u00e3o aborda os trabalhadores com menos de um ano e os que est\u00e3o na informalidade.<\/span><\/p>\n<p><span style=\"color: #ff0000;\">JCC \u2013 Dentro desse cen\u00e1rio negativo, lojas fechando, muitas pessoas perdendo o emprego no com\u00e9rcio, como o sindicato tem ajudado a diminuir essa situa\u00e7\u00e3o?<\/span><\/p>\n<p><span style=\"color: #000000;\"><span style=\"color: #0000ff;\">Marco Aur\u00e9lio Ribeiro &#8211; Sindicato<\/span> &#8211; Temos atuado de forma muito positiva na capacita\u00e7\u00e3o de nossa categoria e tamb\u00e9m no apoio que prestamos aos empregadores que nos procuram. Sempre orientando de forma justa e participativa para que n\u00e3o se crie passivos trabalhistas desnecess\u00e1rios.<\/span><\/p>\n<figure id=\"attachment_1355\" aria-describedby=\"caption-attachment-1355\" style=\"width: 300px\" class=\"wp-caption alignright\"><a href=\"http:\/\/www.jornaldaconstrucaocivil.com.br\/wp-content\/uploads\/2016\/04\/ECONOMIA-FUNCION\u00c0RIASindicato-faz-levantamento.2.HEIDI_.jpg\"><img loading=\"lazy\" decoding=\"async\" class=\"wp-image-1355 size-medium\" src=\"http:\/\/www.jornaldaconstrucaocivil.com.br\/wp-content\/uploads\/2016\/04\/ECONOMIA-FUNCION\u00c0RIASindicato-faz-levantamento.2.HEIDI_-300x228.jpg\" alt=\"SAMSUNG CAMERA PICTURES\" width=\"300\" height=\"228\" \/><\/a><figcaption id=\"caption-attachment-1355\" class=\"wp-caption-text\"><span style=\"color: #800080;\"><span style=\"color: #993366;\">Funcion\u00e1ria do sindicato fazendo levantamento do desemprego na regi\u00e3o<\/span>. <span style=\"color: #0000ff;\">Foto: SECRIPR<\/span><\/span><\/figcaption><\/figure>\n<p><span style=\"color: #ff0000;\">JCC &#8211; Essa sala de treinamento profissional para os comerci\u00e1rios s\u00e3o oferecidos quais cursos de capacita\u00e7\u00e3o?<\/span><\/p>\n<p><span style=\"color: #000000;\"><span style=\"color: #0000ff;\">Marco Aur\u00e9lio Ribeiro &#8211; Sindicato<\/span> \u2013 A Sala de Capacita\u00e7\u00e3o foi inaugurada em mar\u00e7o de 2015 e \u00e9 destinada a todos os trabalhadores da regi\u00e3o que a entidade abrange e do Sul Fluminense. O espa\u00e7o est\u00e1 localizado na sala 511, do quinto andar do Resende Shopping, na Avenida Abel Rodrigues Pontes, no Centro de Resende. No espa\u00e7o j\u00e1 oferecemos os seguintes cursos: Atendimento ao Cliente, T\u00e9cnicas em Vendas, Negocia\u00e7\u00e3o e Marketing Pessoal.<\/span><\/p>\n<p><span style=\"color: #ff0000;\">JCC \u2013 O sindicato tem se reunido com entidades empres\u00e1rias e governo na possibilidade de todos juntos rever este momento triste da economia do estado e dos muitos munic\u00edpios fluminenses?<\/span><\/p>\n<p><span style=\"color: #000000;\"><span style=\"color: #0000ff;\">Marco Aur\u00e9lio Ribeiro &#8211; Sindicato<\/span> \u2013 Infelizmente n\u00e3o. Nesse momento o que vemos \u00e9 um individualismo muito forte onde a m\u00e1xima \u00e9 &#8220;Farinha pouca&#8230; meu pir\u00e3o primeiro&#8230;&#8221;. A sociedade de um modo geral est\u00e1 muito preocupada em se salvar e esquece do coletivo. Como exemplo: \u201cposso citar o caso da crise pol\u00edtica onde a maioria pensa que a responsabilidade \u00e9 de s\u00f3 um partido e acredita firmemente que se esse partido for tirado o problema est\u00e1 resolvido\u201d.<\/span><\/p>\n<p><span style=\"color: #ff0000;\">JCC \u2013 Durante muito tempo, munic\u00edpios da regi\u00e3o dos lagos e norte fluminense estiveram \u201csurfando\u201d na bonan\u00e7a do petr\u00f3leo. Muitos desses munic\u00edpios prosperam em diversos setores. Entretanto com a queda do pre\u00e7o do barril \u2013 de U$ 120,00 para U$ 29,00, a regi\u00e3o sofreu impacto dr\u00e1stico nas suas receitas municipais e est\u00e1 um caos administrativo. Parece que Resende, Itatiaia e Porto Real, s\u00e3o munic\u00edpios que n\u00e3o est\u00e3o com este problema de caixa. Para o sindicato, qual caminho que esses munic\u00edpios do sul fluminense podem apontar para que tamb\u00e9m n\u00e3o entrem neste quadro terr\u00edvel econ\u00f4mico?\u00a0 O turismo, por exemplo, gera muito emprego no com\u00e9rcio.<\/span><\/p>\n<figure id=\"attachment_1356\" aria-describedby=\"caption-attachment-1356\" style=\"width: 300px\" class=\"wp-caption alignleft\"><a href=\"http:\/\/www.jornaldaconstrucaocivil.com.br\/wp-content\/uploads\/2016\/04\/ECONOMIA-POVO-NA-RUA.jpg\"><img loading=\"lazy\" decoding=\"async\" class=\"wp-image-1356 size-medium\" src=\"http:\/\/www.jornaldaconstrucaocivil.com.br\/wp-content\/uploads\/2016\/04\/ECONOMIA-POVO-NA-RUA-300x199.jpg\" alt=\"\" width=\"300\" height=\"199\" \/><\/a><figcaption id=\"caption-attachment-1356\" class=\"wp-caption-text\"><span style=\"color: #800080;\">Com a crise, ruas do centro comercial de Resende tem tido poucos consumidores. <span style=\"color: #0000ff;\">Foto: SECRIPR<\/span><\/span><\/figcaption><\/figure>\n<p><span style=\"color: #000000;\"><span style=\"color: #0000ff;\">Marco Aur\u00e9lio Ribeiro &#8211; Sindicato<\/span> \u2013 O Turismo sem d\u00favida \u00e9 uma excelente sa\u00edda, pois estamos falando de presta\u00e7\u00e3o de servi\u00e7o e o consumidor, quando um servi\u00e7o \u00e9 bem prestado, cria uma fideliza\u00e7\u00e3o, mas para o com\u00e9rcio tirar proveito disso ser\u00e1 preciso adotar pr\u00e1ticas diferentes do que hoje existe. Entre v\u00e1rios pontos posso citar o do sal\u00e1rio: Geralmente o empregador quer o melhor funcion\u00e1rio poss\u00edvel que atenda bem e esteja sempre disposto \u00e0 atender o consumidor. No entanto, na hora de remunerar quer pagar o m\u00ednimo poss\u00edvel e quer logo saber: &#8220;Qual \u00e9 o piso da categoria?&#8221;.<\/span><\/p>\n<p><span style=\"color: #ff0000;\">JCC \u2013 Qual mensagem que o Sindicato dos empregados do com\u00e9rcio de Resende, Itatiaia e Porto Real deixa nesse momento?\u00a0<\/span><\/p>\n<p><span style=\"color: #000000;\"><span style=\"color: #0000ff;\">Marco Aur\u00e9lio Ribeiro &#8211; Sindicato<\/span> &#8211; Desejamos que esse seja um canal de comunica\u00e7\u00e3o forte entre as entidades representativas e que possamos trazer para os nossos representados boas not\u00edcias.<\/span><\/p>\n","protected":false},"excerpt":{"rendered":"<p>Por Pablo Marlon Com os n\u00fameros do desemprego batendo recorde de demiss\u00f5es por todo o pa\u00eds, cidades do interior do Rio t\u00eam enfrentado momentos dif\u00edceis em 2016. \u00c9 o caso dos munic\u00edpios de Resende, Itatiaia e Porto Real, que vive o problema de grandes lojas do ramo varejistas reduzindo seus quadros de funcion\u00e1rios e algumas [&hellip;]<\/p>\n","protected":false},"author":1,"featured_media":1354,"comment_status":"open","ping_status":"open","sticky":false,"template":"","format":"standard","meta":{"_uag_custom_page_level_css":"","footnotes":""},"categories":[33],"tags":[2465,3198,3501,3709,5595,6436,10214,10575,11441],"class_list":["post-1353","post","type-post","status-publish","format-standard","has-post-thumbnail","hentry","category-mercado","tag-comercio-varejistas","tag-crise","tag-desemprego","tag-diretor-marco-aurelio-ribeiro","tag-grandes-lojas","tag-itatiaia-e-porto-real","tag-resende","tag-salas-de-capacitacao","tag-sul-fluminense"],"blocksy_meta":[],"spectra_blocks_featured_image_url":[],"spectra_blocks_author_info":{"display_name":"Jornal da Constru\u00e7\u00e3o Civil","avatar_url":"https:\/\/secure.gravatar.com\/avatar\/973c9774fd44ddaceb026973c4962faa70fc512bc4c9da68e8ebb40fecee6540?s=96&d=mm&r=g","author_link":"https:\/\/construcaocivil.siriusmarketingedesign.com.br\/?author=1","description":"Desde de 2013, levando muitas informa\u00e7\u00f5es, lan\u00e7amentos e produtos de qualidade para toda cadeia produtiva da constru\u00e7\u00e3o. O Futuro da constru\u00e7\u00e3o passa por aqui,"},"uagb_featured_image_src":{"full":false,"thumbnail":false,"medium":false,"medium_large":false,"large":false,"1536x1536":false,"2048x2048":false},"uagb_author_info":{"display_name":"Jornal da Constru\u00e7\u00e3o Civil","author_link":"https:\/\/construcaocivil.siriusmarketingedesign.com.br\/?author=1"},"uagb_comment_info":0,"uagb_excerpt":"Por Pablo Marlon Com os n\u00fameros do desemprego batendo recorde de demiss\u00f5es por todo o pa\u00eds, cidades do interior do Rio t\u00eam enfrentado momentos dif\u00edceis em 2016. \u00c9 o caso dos munic\u00edpios de Resende, Itatiaia e Porto Real, que vive o problema de grandes lojas do ramo varejistas reduzindo seus quadros de funcion\u00e1rios e algumas&hellip;","_links":{"self":[{"href":"https:\/\/construcaocivil.siriusmarketingedesign.com.br\/index.php?rest_route=\/wp\/v2\/posts\/1353","targetHints":{"allow":["GET"]}}],"collection":[{"href":"https:\/\/construcaocivil.siriusmarketingedesign.com.br\/index.php?rest_route=\/wp\/v2\/posts"}],"about":[{"href":"https:\/\/construcaocivil.siriusmarketingedesign.com.br\/index.php?rest_route=\/wp\/v2\/types\/post"}],"author":[{"embeddable":true,"href":"https:\/\/construcaocivil.siriusmarketingedesign.com.br\/index.php?rest_route=\/wp\/v2\/users\/1"}],"replies":[{"embeddable":true,"href":"https:\/\/construcaocivil.siriusmarketingedesign.com.br\/index.php?rest_route=%2Fwp%2Fv2%2Fcomments&post=1353"}],"version-history":[{"count":0,"href":"https:\/\/construcaocivil.siriusmarketingedesign.com.br\/index.php?rest_route=\/wp\/v2\/posts\/1353\/revisions"}],"wp:attachment":[{"href":"https:\/\/construcaocivil.siriusmarketingedesign.com.br\/index.php?rest_route=%2Fwp%2Fv2%2Fmedia&parent=1353"}],"wp:term":[{"taxonomy":"category","embeddable":true,"href":"https:\/\/construcaocivil.siriusmarketingedesign.com.br\/index.php?rest_route=%2Fwp%2Fv2%2Fcategories&post=1353"},{"taxonomy":"post_tag","embeddable":true,"href":"https:\/\/construcaocivil.siriusmarketingedesign.com.br\/index.php?rest_route=%2Fwp%2Fv2%2Ftags&post=1353"}],"curies":[{"name":"wp","href":"https:\/\/api.w.org\/{rel}","templated":true}]}}