{"id":13535,"date":"2020-05-05T20:19:43","date_gmt":"2020-05-05T23:19:43","guid":{"rendered":"https:\/\/www.jornaldaconstrucaocivil.com.br\/?p=13535"},"modified":"2020-05-05T20:19:43","modified_gmt":"2020-05-05T23:19:43","slug":"covid-19-setor-ceramico-brasileiro-ativa-alerta-vermelho-ao-se-reunir-com-ministro-de-minas-e-energia","status":"publish","type":"post","link":"https:\/\/construcaocivil.siriusmarketingedesign.com.br\/?p=13535","title":{"rendered":"COVID-19: Setor Cer\u00e2mico Brasileiro ativa Alerta Vermelho ao se reunir com Ministro de Minas e Energia"},"content":{"rendered":"<p>&nbsp;<\/p>\n<p style=\"text-align: justify;\"><span style=\"color: #000000; font-size: 12pt;\"><img loading=\"lazy\" decoding=\"async\" class=\"size-medium wp-image-13536 alignleft\" src=\"https:\/\/www.jornaldaconstrucaocivil.com.br\/wp-content\/uploads\/2020\/05\/IMG-20200503-WA0009-169x300.jpg\" alt=\"\" width=\"169\" height=\"300\" srcset=\"https:\/\/construcaocivil.siriusmarketingedesign.com.br\/wp-content\/uploads\/2020\/05\/IMG-20200503-WA0009-169x300.jpg 169w, https:\/\/construcaocivil.siriusmarketingedesign.com.br\/wp-content\/uploads\/2020\/05\/IMG-20200503-WA0009-576x1024.jpg 576w, https:\/\/construcaocivil.siriusmarketingedesign.com.br\/wp-content\/uploads\/2020\/05\/IMG-20200503-WA0009.jpg 720w\" sizes=\"auto, (max-width: 169px) 100vw, 169px\" \/>O encontro foi liderado pela Associa\u00e7\u00e3o dos Grandes Consumidores Industriais de Energia e de Consumidores Livres (ABRACE), que capitaneou mais de sessenta entidades, incluindo a Associa\u00e7\u00e3o Nacional dos Fabricantes de Cer\u00e2mica para Revestimentos, Lou\u00e7as Sanit\u00e1rias e Cong\u00eaneres (ANFACER) e Associa\u00e7\u00e3o Paulista das Cer\u00e2micas de Revestimento (ASPACER) para discutir pautas relevantes em torno do setor el\u00e9trico.<\/span><\/p>\n<p style=\"text-align: justify;\"><span style=\"color: #000000; font-size: 12pt;\">Com o objetivo de propor que o \u00f4nus da COVID-19 n\u00e3o recaia apenas para as empresas e envolva, tamb\u00e9m, outros agentes do segmento, as entidades apresentaram ao ministro Bento Alburquerque, de Minas e Energia, e a diretoria da ANEEL, uma Carta Aberta em nome das grandes empresas consumidoras de energia el\u00e9trica para que o governo reavalie as formas de cobran\u00e7a da conta energ\u00e9tica das ind\u00fastrias.<\/span><\/p>\n<p style=\"text-align: justify;\"><span style=\"color: #000000; font-size: 12pt;\">&#8220;A ind\u00fastria representa importante parte dos grandes consumidores de energia e ser\u00e1 altamente relevante na retomada da economia p\u00f3s COVID-19. Por isso, n\u00e3o pode, neste momento, absorver esse grande custo sozinha&#8221;, afirma Manfredo Gouv\u00eaa J\u00fanior, presidente do Conselho de Administra\u00e7\u00e3o da ANFACER.<\/span><\/p>\n<p style=\"text-align: justify;\"><span style=\"color: #000000; font-size: 12pt;\">O documento, intitulado &#8220;Carta Aberta &#8211; Energia Para Sair da Crise&#8221;, ainda cita que o setor el\u00e9trico n\u00e3o pode ser blindado da pandemia e possuir tratamento de &#8220;isolamento econ\u00f4mico&#8221;. Ressalta tamb\u00e9m que os custos de pol\u00edtica p\u00fablica devem ser assumidos pelo Governo.<\/span><\/p>\n<p style=\"text-align: justify;\"><span style=\"color: #000000; font-size: 12pt;\">Para Lu\u00eds Fernando Quilici, diretor de Rela\u00e7\u00f5es Institucionais e Governamentais da ASPACER, &#8220;o impacto das medidas atualmente propostas pode chegar a um aumento de mais de 20% nas tarifas de energia, causando reflexos na infla\u00e7\u00e3o e consequ\u00eancias de grande preju\u00edzo para a economia no longo prazo&#8221;.<\/span><\/p>\n<p style=\"text-align: justify;\"><span style=\"color: #000000; font-size: 12pt;\">Para finalizar, os representantes das associa\u00e7\u00f5es refor\u00e7am que, nesse momento, os altos valores da energia podem comprometer a competitividade da ind\u00fastria nacional, a manuten\u00e7\u00e3o de empregos e a recupera\u00e7\u00e3o econ\u00f4mica do pa\u00eds. Na quinta-feira, 23 de abril, dois encontros remotos foram realizados, um com toda a diretoria da ANEEL (Ag\u00eancia Nacional de Energia El\u00e9trica) e outro com Rodrigo Limp, Secret\u00e1rio de Energia El\u00e9trica do Minist\u00e9rio de Minas e Energia.<\/span><\/p>\n<p style=\"text-align: justify;\"><span style=\"color: #000000; font-size: 12pt;\">Al\u00e9m do setor cer\u00e2mico, participaram das reuni\u00f5es representantes dos segmentos de a\u00e7o, qu\u00edmica, pl\u00e1stico, vidro, t\u00eaxtil, cerveja e automotivo. Da Ind\u00fastria Cer\u00e2mica participaram Manfredo Gouv\u00eaa J\u00fanior, presidente do Conselho de Administra\u00e7\u00e3o da ANFACER; o vice-presidente Benjamim Ferreira Neto e o CEO da entidade, Maur\u00edcio Borges, bem como Lu\u00eds Fernando Quilici e Leonardo Sanchez, representando o presidente do Conselho Administrativo da ASPACER, Valmir Carnevali.<\/span><\/p>\n<p><span style=\"color: #000000;\">Fonte: Assessoria de Imprensa<\/span><\/p>\n","protected":false},"excerpt":{"rendered":"<p>&nbsp; O encontro foi liderado pela Associa\u00e7\u00e3o dos Grandes Consumidores Industriais de Energia e de Consumidores Livres (ABRACE), que capitaneou mais de sessenta entidades, incluindo a Associa\u00e7\u00e3o Nacional dos Fabricantes de Cer\u00e2mica para Revestimentos, Lou\u00e7as Sanit\u00e1rias e Cong\u00eaneres (ANFACER) e Associa\u00e7\u00e3o Paulista das Cer\u00e2micas de Revestimento (ASPACER) para discutir pautas relevantes em torno do setor [&hellip;]<\/p>\n","protected":false},"author":1,"featured_media":13536,"comment_status":"open","ping_status":"open","sticky":false,"template":"","format":"standard","meta":{"_uag_custom_page_level_css":"","footnotes":""},"categories":[33],"tags":[726],"class_list":["post-13535","post","type-post","status-publish","format-standard","has-post-thumbnail","hentry","category-mercado","tag-anfacer"],"blocksy_meta":[],"spectra_blocks_featured_image_url":{"thumbnail":{"url":"https:\/\/construcaocivil.siriusmarketingedesign.com.br\/wp-content\/uploads\/2020\/05\/IMG-20200503-WA0009-150x150.jpg","width":150,"height":150},"medium":{"url":"https:\/\/construcaocivil.siriusmarketingedesign.com.br\/wp-content\/uploads\/2020\/05\/IMG-20200503-WA0009-169x300.jpg","width":169,"height":300},"medium_large":{"url":"https:\/\/construcaocivil.siriusmarketingedesign.com.br\/wp-content\/uploads\/2020\/05\/IMG-20200503-WA0009.jpg","width":720,"height":1280},"large":{"url":"https:\/\/construcaocivil.siriusmarketingedesign.com.br\/wp-content\/uploads\/2020\/05\/IMG-20200503-WA0009-576x1024.jpg","width":576,"height":1024},"full":{"url":"https:\/\/construcaocivil.siriusmarketingedesign.com.br\/wp-content\/uploads\/2020\/05\/IMG-20200503-WA0009.jpg","width":720,"height":1280}},"spectra_blocks_author_info":{"display_name":"Jornal da Constru\u00e7\u00e3o Civil","avatar_url":"https:\/\/secure.gravatar.com\/avatar\/973c9774fd44ddaceb026973c4962faa70fc512bc4c9da68e8ebb40fecee6540?s=96&d=mm&r=g","author_link":"https:\/\/construcaocivil.siriusmarketingedesign.com.br\/?author=1","description":"Desde de 2013, levando muitas informa\u00e7\u00f5es, lan\u00e7amentos e produtos de qualidade para toda cadeia produtiva da constru\u00e7\u00e3o. O Futuro da constru\u00e7\u00e3o passa por aqui,"},"uagb_featured_image_src":{"full":["https:\/\/construcaocivil.siriusmarketingedesign.com.br\/wp-content\/uploads\/2020\/05\/IMG-20200503-WA0009.jpg",720,1280,false],"thumbnail":["https:\/\/construcaocivil.siriusmarketingedesign.com.br\/wp-content\/uploads\/2020\/05\/IMG-20200503-WA0009-150x150.jpg",150,150,true],"medium":["https:\/\/construcaocivil.siriusmarketingedesign.com.br\/wp-content\/uploads\/2020\/05\/IMG-20200503-WA0009-169x300.jpg",169,300,true],"medium_large":["https:\/\/construcaocivil.siriusmarketingedesign.com.br\/wp-content\/uploads\/2020\/05\/IMG-20200503-WA0009.jpg",720,1280,false],"large":["https:\/\/construcaocivil.siriusmarketingedesign.com.br\/wp-content\/uploads\/2020\/05\/IMG-20200503-WA0009-576x1024.jpg",576,1024,true],"1536x1536":["https:\/\/construcaocivil.siriusmarketingedesign.com.br\/wp-content\/uploads\/2020\/05\/IMG-20200503-WA0009.jpg",720,1280,false],"2048x2048":["https:\/\/construcaocivil.siriusmarketingedesign.com.br\/wp-content\/uploads\/2020\/05\/IMG-20200503-WA0009.jpg",720,1280,false]},"uagb_author_info":{"display_name":"Jornal da Constru\u00e7\u00e3o Civil","author_link":"https:\/\/construcaocivil.siriusmarketingedesign.com.br\/?author=1"},"uagb_comment_info":0,"uagb_excerpt":"&nbsp; O encontro foi liderado pela Associa\u00e7\u00e3o dos Grandes Consumidores Industriais de Energia e de Consumidores Livres (ABRACE), que capitaneou mais de sessenta entidades, incluindo a Associa\u00e7\u00e3o Nacional dos Fabricantes de Cer\u00e2mica para Revestimentos, Lou\u00e7as Sanit\u00e1rias e Cong\u00eaneres (ANFACER) e Associa\u00e7\u00e3o Paulista das Cer\u00e2micas de Revestimento (ASPACER) para discutir pautas relevantes em torno do setor&hellip;","_links":{"self":[{"href":"https:\/\/construcaocivil.siriusmarketingedesign.com.br\/index.php?rest_route=\/wp\/v2\/posts\/13535","targetHints":{"allow":["GET"]}}],"collection":[{"href":"https:\/\/construcaocivil.siriusmarketingedesign.com.br\/index.php?rest_route=\/wp\/v2\/posts"}],"about":[{"href":"https:\/\/construcaocivil.siriusmarketingedesign.com.br\/index.php?rest_route=\/wp\/v2\/types\/post"}],"author":[{"embeddable":true,"href":"https:\/\/construcaocivil.siriusmarketingedesign.com.br\/index.php?rest_route=\/wp\/v2\/users\/1"}],"replies":[{"embeddable":true,"href":"https:\/\/construcaocivil.siriusmarketingedesign.com.br\/index.php?rest_route=%2Fwp%2Fv2%2Fcomments&post=13535"}],"version-history":[{"count":0,"href":"https:\/\/construcaocivil.siriusmarketingedesign.com.br\/index.php?rest_route=\/wp\/v2\/posts\/13535\/revisions"}],"wp:featuredmedia":[{"embeddable":true,"href":"https:\/\/construcaocivil.siriusmarketingedesign.com.br\/index.php?rest_route=\/wp\/v2\/media\/13536"}],"wp:attachment":[{"href":"https:\/\/construcaocivil.siriusmarketingedesign.com.br\/index.php?rest_route=%2Fwp%2Fv2%2Fmedia&parent=13535"}],"wp:term":[{"taxonomy":"category","embeddable":true,"href":"https:\/\/construcaocivil.siriusmarketingedesign.com.br\/index.php?rest_route=%2Fwp%2Fv2%2Fcategories&post=13535"},{"taxonomy":"post_tag","embeddable":true,"href":"https:\/\/construcaocivil.siriusmarketingedesign.com.br\/index.php?rest_route=%2Fwp%2Fv2%2Ftags&post=13535"}],"curies":[{"name":"wp","href":"https:\/\/api.w.org\/{rel}","templated":true}]}}