{"id":13645,"date":"2020-06-06T22:43:32","date_gmt":"2020-06-07T01:43:32","guid":{"rendered":"https:\/\/www.jornaldaconstrucaocivil.com.br\/?p=13645"},"modified":"2020-06-07T17:00:06","modified_gmt":"2020-06-07T20:00:06","slug":"artigo-vidas-negras-importam","status":"publish","type":"post","link":"https:\/\/construcaocivil.siriusmarketingedesign.com.br\/?p=13645","title":{"rendered":"Artigo: Vidas negras importam?"},"content":{"rendered":"<div class=\"ui-content\" role=\"main\" data-role=\"content\">\n<div id=\"imp-message-body\">\n<div class=\"mimePartBase\">\n<div class=\"mimePartData\">\n<p>Por Maristela dos Reis Gripp e Mariana Santher Gripp<\/p>\n<p style=\"text-align: center;\">&#8220;Naquela esquina ali<br \/>\nDe frente \u00e0quela pra\u00e7a<br \/>\nVeio os homens<br \/>\nE nos pararam<br \/>\nDocumento por favor<br \/>\nEnt\u00e3o a gente apresentou<br \/>\nMas eles n\u00e3o paravam<br \/>\nQual \u00e9 neg\u00e3o? qual \u00e9 neg\u00e3o?<br \/>\nO que que t\u00e1 pegando?<br \/>\nQual \u00e9 neg\u00e3o? qual \u00e9 neg\u00e3o?\u201d (O Rappa)<\/p>\n<div class=\"fixed leftAlign\" style=\"text-align: justify;\"><span style=\"text-transform: initial;\">Junho, 2020 &#8211; Adolescente de 14 anos \u00e9 baleado dentro de casa no Rio de Janeiro. Uma menina de oito anos \u00e9 atingida por um tiro dentro da van. Um jovem de 18 anos \u00e9 baleado e morto numa fila para entrega de cestas b\u00e1sicas. Um homem \u00e9 barrado na entrada do seu pr\u00e9dio pela vizinha que n\u00e3o acreditou que ele morasse l\u00e1. Uma estudante de quinze anos foi alvo de insultos e agress\u00f5es verbais pelos colegas de turma de uma escola de elite.<\/span>Esses casos s\u00e3o reais, e n\u00e3o \u00e9 coincid\u00eancia que as v\u00edtimas sejam pessoas negras.<br \/>\nO assassinato de George Floyd, na \u00faltima semana, nos Estados Unidos, nos comove pela crueldade e desumanidade da cena de seus \u00faltimos suspiros.<br \/>\nNo Brasil, todos os dias, a cada 23 minutos um jovem negro \u00e9 assassinado. De acordo com o Atlas da Viol\u00eancia de 2019, ocorreram 65.602 homic\u00eddios em 2017 no pa\u00eds, sendo que 75,5% das v\u00edtimas eram negras. Para cada indiv\u00edduo n\u00e3o negro v\u00edtima de homic\u00eddio, houve 2,7 corpos negros mortos.<br \/>\nA popula\u00e7\u00e3o negra no Brasil est\u00e1 sofrendo um genoc\u00eddio frio e calculado. Ser\u00e1 exagero? O que \u00e9 um genoc\u00eddio? De acordo com o artigo 6\u00ba do Estatuto de Roma (Decreto n\u00ba 4.388\/2002) genoc\u00eddio \u00e9 um conjunto de atos praticados com inten\u00e7\u00e3o de destruir, no todo ou em parte, um grupo nacional, \u00e9tnico, racial ou religioso, enquanto tal.<br \/>\nA nossa hist\u00f3ria \u00e9 marcada pelos mais de tr\u00eas s\u00e9culos da escravid\u00e3o do povo negro. Durante esse per\u00edodo, o Brasil recebeu cerca de 4,8 milh\u00f5es de africanos escravizados, os quais mantiveram o funcionamento da economia nacional. Com o advento da aboli\u00e7\u00e3o, os escravos foram substitu\u00eddos pela m\u00e3o-de-obra branca dos imigrantes como parte de um projeto higienista de branqueamento da popula\u00e7\u00e3o. Nos dias que se seguiram, eles vagavam sem rumo pelas cidades e muitos acabaram permanecendo em um regime de trabalho for\u00e7ado em troca de casa e comida. Medo e viol\u00eancia foram os pilares deste sistema, que se perpetua at\u00e9 os dias atuais.<br \/>\nDiferentemente do que aprendemos na escola, o Brasil n\u00e3o \u00e9 e nunca foi uma democracia racial, e os marcadores sociais compravam isso.<br \/>\nDe acordo com o professor e soci\u00f3logo Francisco Porf\u00edrio, o que temos no Brasil \u00e9 um fen\u00f4meno denominado\u00a0racismo estrutural, isto \u00e9, \u201cum tipo de racismo que n\u00e3o \u00e9 expl\u00edcito em um preconceito ou em uma discrimina\u00e7\u00e3o clara, mas que est\u00e1\u00a0enraizado na sociedade\u201d.<br \/>\nObservamos o racismo estrutural na diferen\u00e7a de renda, no n\u00edvel de empregabilidade e de marginaliza\u00e7\u00e3o da popula\u00e7\u00e3o negra em rela\u00e7\u00e3o \u00e0 popula\u00e7\u00e3o branca.<br \/>\nUma r\u00e1pida an\u00e1lise da popula\u00e7\u00e3o que vem sendo mais afetada pela pandemia de Covid-19, tamb\u00e9m revela que \u00e9 a negra, cuja maioria reside em \u00e1reas de risco com quase nenhuma infraestrutura sanit\u00e1ria e possui maior comprometimento da sua sa\u00fade.<br \/>\nO Estado brasileiro se comprometia a estabelecer pol\u00edticas concretas para a supera\u00e7\u00e3o do racismo. Com essa finalidade, as a\u00e7\u00f5es afirmativas foram criadas para ampliar o acesso ao ensino superior. O Programa Universidade para Todos permitiu que muitos jovens negros e negras fossem os primeiros de sua fam\u00edlia a receber um diploma de gradua\u00e7\u00e3o.<br \/>\nHavia uma Secretaria Especial de Pol\u00edticas de Promo\u00e7\u00e3o da Igualdade Racial em \u00e2mbito federal que se preocupava com a formula\u00e7\u00e3o de pol\u00edticas p\u00fablicas e que trouxe avan\u00e7os importantes. Exemplo disso, foi a inclus\u00e3o no curr\u00edculo oficial da Rede de Ensino da tem\u00e1tica \u201cHist\u00f3ria e Cultura Afro-Brasileira\u201d (Lei n\u00ba 10.639\/2003) e a aprova\u00e7\u00e3o do Estatuto da Igualdade Racial. Sem d\u00favidas, s\u00e3o conquistas ineg\u00e1veis do movimento negro e marcos legislativos importantes. Contudo, carecem de efetividade at\u00e9 hoje pela falta de suporte pol\u00edtico e ades\u00e3o popular.<br \/>\nNesses 132 anos p\u00f3s-aboli\u00e7\u00e3o, houve tentativas de combate ao racismo pela via institucional, por\u00e9m, ainda assim, o povo afro-brasileiro vive nas senzalas urbanas, s\u00e3o mortos diariamente em confrontos policiais, est\u00e3o sujeitos a trabalhos prec\u00e1rios e com baixa remunera\u00e7\u00e3o.<br \/>\nVidas negras importam? Sim! E se queremos ver uma sociedade mais justa e igualit\u00e1ria, precisamos come\u00e7ar agora. N\u00e3o \u00e9 um caminho f\u00e1cil, mas \u00e9 cada vez mais necess\u00e1rio.Autoras:Maristela dos Reis S. Gripp \u00e9 professora da \u00e1rea de Linguagens e Sociedade do curso de Letras do Centro Universit\u00e1rio Internacional UninterMariana dos R. Sather Gripp \u00e9 bacharel em Direito e autora da pesquisa Escravid\u00e3o e fluxos migrat\u00f3rios: \u201cdepois dos navios negreiros outras correntezas\u201d, 2019.<\/div>\n<\/div>\n<\/div>\n<div><\/div>\n<\/div>\n<\/div>\n","protected":false},"excerpt":{"rendered":"<p>Por Maristela dos Reis Gripp e Mariana Santher Gripp &#8220;Naquela esquina ali De frente \u00e0quela pra\u00e7a Veio os homens E nos pararam Documento por favor Ent\u00e3o a gente apresentou Mas eles n\u00e3o paravam Qual \u00e9 neg\u00e3o? qual \u00e9 neg\u00e3o? O que que t\u00e1 pegando? Qual \u00e9 neg\u00e3o? qual \u00e9 neg\u00e3o?\u201d (O Rappa) Junho, 2020 &#8211; [&hellip;]<\/p>\n","protected":false},"author":1,"featured_media":13647,"comment_status":"open","ping_status":"open","sticky":false,"template":"","format":"standard","meta":{"_uag_custom_page_level_css":"","footnotes":""},"categories":[27],"tags":[15701,3269,18730,10375,18729],"class_list":["post-13645","post","type-post","status-publish","format-standard","has-post-thumbnail","hentry","category-acontece","tag-centro-universitario-internacional-uninter","tag-curitiba-pr","tag-favelas-x-policia","tag-rio-de-janeiro","tag-vidas-negras-importam"],"blocksy_meta":[],"spectra_blocks_featured_image_url":{"thumbnail":{"url":"https:\/\/construcaocivil.siriusmarketingedesign.com.br\/wp-content\/uploads\/2020\/06\/images-1-150x150.jpeg","width":150,"height":150},"medium":{"url":"https:\/\/construcaocivil.siriusmarketingedesign.com.br\/wp-content\/uploads\/2020\/06\/images-1-300x180.jpeg","width":300,"height":180},"medium_large":{"url":"https:\/\/construcaocivil.siriusmarketingedesign.com.br\/wp-content\/uploads\/2020\/06\/images-1.jpeg","width":715,"height":429},"large":{"url":"https:\/\/construcaocivil.siriusmarketingedesign.com.br\/wp-content\/uploads\/2020\/06\/images-1.jpeg","width":715,"height":429},"full":{"url":"https:\/\/construcaocivil.siriusmarketingedesign.com.br\/wp-content\/uploads\/2020\/06\/images-1.jpeg","width":715,"height":429}},"spectra_blocks_author_info":{"display_name":"Jornal da Constru\u00e7\u00e3o Civil","avatar_url":"https:\/\/secure.gravatar.com\/avatar\/973c9774fd44ddaceb026973c4962faa70fc512bc4c9da68e8ebb40fecee6540?s=96&d=mm&r=g","author_link":"https:\/\/construcaocivil.siriusmarketingedesign.com.br\/?author=1","description":"Desde de 2013, levando muitas informa\u00e7\u00f5es, lan\u00e7amentos e produtos de qualidade para toda cadeia produtiva da constru\u00e7\u00e3o. O Futuro da constru\u00e7\u00e3o passa por aqui,"},"uagb_featured_image_src":{"full":["https:\/\/construcaocivil.siriusmarketingedesign.com.br\/wp-content\/uploads\/2020\/06\/images-1.jpeg",715,429,false],"thumbnail":["https:\/\/construcaocivil.siriusmarketingedesign.com.br\/wp-content\/uploads\/2020\/06\/images-1-150x150.jpeg",150,150,true],"medium":["https:\/\/construcaocivil.siriusmarketingedesign.com.br\/wp-content\/uploads\/2020\/06\/images-1-300x180.jpeg",300,180,true],"medium_large":["https:\/\/construcaocivil.siriusmarketingedesign.com.br\/wp-content\/uploads\/2020\/06\/images-1.jpeg",715,429,false],"large":["https:\/\/construcaocivil.siriusmarketingedesign.com.br\/wp-content\/uploads\/2020\/06\/images-1.jpeg",715,429,false],"1536x1536":["https:\/\/construcaocivil.siriusmarketingedesign.com.br\/wp-content\/uploads\/2020\/06\/images-1.jpeg",715,429,false],"2048x2048":["https:\/\/construcaocivil.siriusmarketingedesign.com.br\/wp-content\/uploads\/2020\/06\/images-1.jpeg",715,429,false]},"uagb_author_info":{"display_name":"Jornal da Constru\u00e7\u00e3o Civil","author_link":"https:\/\/construcaocivil.siriusmarketingedesign.com.br\/?author=1"},"uagb_comment_info":0,"uagb_excerpt":"Por Maristela dos Reis Gripp e Mariana Santher Gripp &#8220;Naquela esquina ali De frente \u00e0quela pra\u00e7a Veio os homens E nos pararam Documento por favor Ent\u00e3o a gente apresentou Mas eles n\u00e3o paravam Qual \u00e9 neg\u00e3o? qual \u00e9 neg\u00e3o? O que que t\u00e1 pegando? Qual \u00e9 neg\u00e3o? qual \u00e9 neg\u00e3o?\u201d (O Rappa) Junho, 2020 &#8211;&hellip;","_links":{"self":[{"href":"https:\/\/construcaocivil.siriusmarketingedesign.com.br\/index.php?rest_route=\/wp\/v2\/posts\/13645","targetHints":{"allow":["GET"]}}],"collection":[{"href":"https:\/\/construcaocivil.siriusmarketingedesign.com.br\/index.php?rest_route=\/wp\/v2\/posts"}],"about":[{"href":"https:\/\/construcaocivil.siriusmarketingedesign.com.br\/index.php?rest_route=\/wp\/v2\/types\/post"}],"author":[{"embeddable":true,"href":"https:\/\/construcaocivil.siriusmarketingedesign.com.br\/index.php?rest_route=\/wp\/v2\/users\/1"}],"replies":[{"embeddable":true,"href":"https:\/\/construcaocivil.siriusmarketingedesign.com.br\/index.php?rest_route=%2Fwp%2Fv2%2Fcomments&post=13645"}],"version-history":[{"count":0,"href":"https:\/\/construcaocivil.siriusmarketingedesign.com.br\/index.php?rest_route=\/wp\/v2\/posts\/13645\/revisions"}],"wp:featuredmedia":[{"embeddable":true,"href":"https:\/\/construcaocivil.siriusmarketingedesign.com.br\/index.php?rest_route=\/wp\/v2\/media\/13647"}],"wp:attachment":[{"href":"https:\/\/construcaocivil.siriusmarketingedesign.com.br\/index.php?rest_route=%2Fwp%2Fv2%2Fmedia&parent=13645"}],"wp:term":[{"taxonomy":"category","embeddable":true,"href":"https:\/\/construcaocivil.siriusmarketingedesign.com.br\/index.php?rest_route=%2Fwp%2Fv2%2Fcategories&post=13645"},{"taxonomy":"post_tag","embeddable":true,"href":"https:\/\/construcaocivil.siriusmarketingedesign.com.br\/index.php?rest_route=%2Fwp%2Fv2%2Ftags&post=13645"}],"curies":[{"name":"wp","href":"https:\/\/api.w.org\/{rel}","templated":true}]}}