{"id":1388,"date":"2016-04-16T14:57:03","date_gmt":"2016-04-16T14:57:03","guid":{"rendered":"http:\/\/www.jornaldaconstrucaocivil.com.br\/?p=1388"},"modified":"2016-04-16T14:57:03","modified_gmt":"2016-04-16T14:57:03","slug":"experiencia-para-toda-a-vida","status":"publish","type":"post","link":"https:\/\/construcaocivil.siriusmarketingedesign.com.br\/?p=1388","title":{"rendered":"Experi\u00eancia para toda a vida"},"content":{"rendered":"<p><strong>O operador de motoniveladora Daniel Castro Souza Silva, 31 anos, n\u00e3o esconde o orgulho de trabalhar no canteiro de obras de Belo Monte.<span style=\"color: #800000;\"><em> \u201cPara mim isso \u00e9 uma das maiores experi\u00eancias que eu j\u00e1 tive na vida. Vou ter uma satisfa\u00e7\u00e3o danada de contar para os meus filhos e netos que eu ajudei a construir uma das maiores hidrel\u00e9tricas do mundo\u201d<\/em><\/span>, afirma.<\/strong><\/p>\n<figure id=\"attachment_1389\" aria-describedby=\"caption-attachment-1389\" style=\"width: 300px\" class=\"wp-caption alignleft\"><a href=\"http:\/\/www.jornaldaconstrucaocivil.com.br\/wp-content\/uploads\/2016\/04\/Belo-Monte.jpg\"><img loading=\"lazy\" decoding=\"async\" class=\"wp-image-1389 size-medium\" src=\"http:\/\/www.jornaldaconstrucaocivil.com.br\/wp-content\/uploads\/2016\/04\/Belo-Monte-300x218.jpg\" alt=\"Belo Monte\" width=\"300\" height=\"218\" \/><\/a><figcaption id=\"caption-attachment-1389\" class=\"wp-caption-text\"><span style=\"color: #ff0000;\">Trabalhador do s\u00edtio Belo Monte, Daniel j\u00e1 realizou diversos cursos de capacita\u00e7\u00e3o ofertados pelo empreendimento <span style=\"color: #3366ff;\">(Foto: Gutemberg Cruz\/CCBM)<\/span><\/span><\/figcaption><\/figure>\n<p><span style=\"color: #000000;\">Natural da cidade de Novo Repartimento, no sudeste do Par\u00e1, Daniel chegou em Altamira no ano de 2014 e desde ent\u00e3o n\u00e3o parou de acumular experi\u00eancias profissionais. T\u00e9cnico em seguran\u00e7a do trabalho, o oper\u00e1rio revela que j\u00e1 fez diversos cursos de qualifica\u00e7\u00e3o.<\/span><\/p>\n<p><span style=\"color: #000000;\">A capacita\u00e7\u00e3o oferecida no canteiro de obras foi fundamental para ele mudar de fun\u00e7\u00e3o e ocupar um cargo que exerce atualmente. \u201cEu cheguei aqui como auxiliar operacional e gra\u00e7as aos cursos de qualifica\u00e7\u00e3o, eu mudei de cargo e hoje trabalho como operador de motoniveladora. Um servi\u00e7o que eu, particularmente, gosto muito de fazer\u201d, conta o oper\u00e1rio, que j\u00e1 faz planos para trabalhar em outra hidrel\u00e9trica.<\/span><\/p>\n<p><span style=\"color: #003300;\">Fonte: Blog UHE Belo Monte<\/span><\/p>\n","protected":false},"excerpt":{"rendered":"<p>O operador de motoniveladora Daniel Castro Souza Silva, 31 anos, n\u00e3o esconde o orgulho de trabalhar no canteiro de obras de Belo Monte. \u201cPara mim isso \u00e9 uma das maiores experi\u00eancias que eu j\u00e1 tive na vida. Vou ter uma satisfa\u00e7\u00e3o danada de contar para os meus filhos e netos que eu ajudei a construir [&hellip;]<\/p>\n","protected":false},"author":1,"featured_media":1389,"comment_status":"open","ping_status":"open","sticky":false,"template":"","format":"standard","meta":{"_uag_custom_page_level_css":"","footnotes":""},"categories":[37],"tags":[617,1535,4288,8474,8620,11470,11840,12041],"class_list":["post-1388","post","type-post","status-publish","format-standard","has-post-thumbnail","hentry","category-sustentabilidade","tag-altamira","tag-brasil","tag-energia","tag-oportunidade","tag-para","tag-sustentabilidade","tag-trabalhador-daniel-castro-silva","tag-uhe-belo-monte"],"blocksy_meta":[],"spectra_blocks_featured_image_url":[],"spectra_blocks_author_info":{"display_name":"Jornal da Constru\u00e7\u00e3o Civil","avatar_url":"https:\/\/secure.gravatar.com\/avatar\/973c9774fd44ddaceb026973c4962faa70fc512bc4c9da68e8ebb40fecee6540?s=96&d=mm&r=g","author_link":"https:\/\/construcaocivil.siriusmarketingedesign.com.br\/?author=1","description":"Desde de 2013, levando muitas informa\u00e7\u00f5es, lan\u00e7amentos e produtos de qualidade para toda cadeia produtiva da constru\u00e7\u00e3o. O Futuro da constru\u00e7\u00e3o passa por aqui,"},"uagb_featured_image_src":{"full":false,"thumbnail":false,"medium":false,"medium_large":false,"large":false,"1536x1536":false,"2048x2048":false},"uagb_author_info":{"display_name":"Jornal da Constru\u00e7\u00e3o Civil","author_link":"https:\/\/construcaocivil.siriusmarketingedesign.com.br\/?author=1"},"uagb_comment_info":0,"uagb_excerpt":"O operador de motoniveladora Daniel Castro Souza Silva, 31 anos, n\u00e3o esconde o orgulho de trabalhar no canteiro de obras de Belo Monte. \u201cPara mim isso \u00e9 uma das maiores experi\u00eancias que eu j\u00e1 tive na vida. Vou ter uma satisfa\u00e7\u00e3o danada de contar para os meus filhos e netos que eu ajudei a construir&hellip;","_links":{"self":[{"href":"https:\/\/construcaocivil.siriusmarketingedesign.com.br\/index.php?rest_route=\/wp\/v2\/posts\/1388","targetHints":{"allow":["GET"]}}],"collection":[{"href":"https:\/\/construcaocivil.siriusmarketingedesign.com.br\/index.php?rest_route=\/wp\/v2\/posts"}],"about":[{"href":"https:\/\/construcaocivil.siriusmarketingedesign.com.br\/index.php?rest_route=\/wp\/v2\/types\/post"}],"author":[{"embeddable":true,"href":"https:\/\/construcaocivil.siriusmarketingedesign.com.br\/index.php?rest_route=\/wp\/v2\/users\/1"}],"replies":[{"embeddable":true,"href":"https:\/\/construcaocivil.siriusmarketingedesign.com.br\/index.php?rest_route=%2Fwp%2Fv2%2Fcomments&post=1388"}],"version-history":[{"count":0,"href":"https:\/\/construcaocivil.siriusmarketingedesign.com.br\/index.php?rest_route=\/wp\/v2\/posts\/1388\/revisions"}],"wp:attachment":[{"href":"https:\/\/construcaocivil.siriusmarketingedesign.com.br\/index.php?rest_route=%2Fwp%2Fv2%2Fmedia&parent=1388"}],"wp:term":[{"taxonomy":"category","embeddable":true,"href":"https:\/\/construcaocivil.siriusmarketingedesign.com.br\/index.php?rest_route=%2Fwp%2Fv2%2Fcategories&post=1388"},{"taxonomy":"post_tag","embeddable":true,"href":"https:\/\/construcaocivil.siriusmarketingedesign.com.br\/index.php?rest_route=%2Fwp%2Fv2%2Ftags&post=1388"}],"curies":[{"name":"wp","href":"https:\/\/api.w.org\/{rel}","templated":true}]}}