{"id":1391,"date":"2016-04-16T15:06:09","date_gmt":"2016-04-16T15:06:09","guid":{"rendered":"http:\/\/www.jornaldaconstrucaocivil.com.br\/?p=1391"},"modified":"2016-04-16T15:06:09","modified_gmt":"2016-04-16T15:06:09","slug":"movimento-amor-a-buzios-reuniu-centenas-de-pessoas-em-prol-da-cidade","status":"publish","type":"post","link":"https:\/\/construcaocivil.siriusmarketingedesign.com.br\/?p=1391","title":{"rendered":"Movimento amor a B\u00fazios reuniu centenas de pessoas em prol da cidade."},"content":{"rendered":"<p align=\"justify\"><span style=\"color: #000080;\">Buscando reunir moradores de B\u00fazios-RJ que sabem da import\u00e2ncia de sua participa\u00e7\u00e3o em a\u00e7\u00f5es<\/span><br \/>\n<span style=\"color: #000080;\">que visam melhorar as condi\u00e7\u00f5es da cidade. Foi criado o Movimento amor a B\u00fazios, onde reuniu popula\u00e7\u00e3o, que ama e acredita na transforma\u00e7\u00e3o do munic\u00edpio, o Prefeito Andr\u00e9 Granado, representando o poder executivo e o vereador Jos\u00e9 M\u00e1rcio, representando o poder legislativo.<\/span><\/p>\n<figure id=\"attachment_1392\" aria-describedby=\"caption-attachment-1392\" style=\"width: 225px\" class=\"wp-caption alignleft\"><a href=\"http:\/\/www.jornaldaconstrucaocivil.com.br\/wp-content\/uploads\/2016\/04\/Buzios.jpg\"><img loading=\"lazy\" decoding=\"async\" class=\"wp-image-1392 size-medium\" src=\"http:\/\/www.jornaldaconstrucaocivil.com.br\/wp-content\/uploads\/2016\/04\/Buzios-225x300.jpg\" alt=\"Buzios\" width=\"225\" height=\"300\" \/><\/a><figcaption id=\"caption-attachment-1392\" class=\"wp-caption-text\"><span style=\"color: #ff0000;\">Imagem: Divulga\u00e7\u00e3o<\/span><\/figcaption><\/figure>\n<p align=\"justify\"><span style=\"color: #000000;\">Mais de 200 pessoas puderam acompanhar o que est\u00e1 sendo feito na cidade e debateram as principais demandas da popula\u00e7\u00e3o. Tiveram elogios, como a constru\u00e7\u00e3o da Pra\u00e7a do Skate, da pavimenta\u00e7\u00e3o de ruas em Vila Verde e o comprometimento com a limpeza das ruas.<\/span><\/p>\n<p align=\"justify\"><span style=\"color: #000000;\">Mas tamb\u00e9m houve reclama\u00e7\u00f5es, onde foi debatido a quest\u00e3o do saneamento b\u00e1sico, que afeta diretamente as praias e a Marina. Durante o encontro foi esclarecido que existe um contrato de quarenta anos com a Pro Lagos, e que com a uni\u00e3o da popula\u00e7\u00e3o, pode solicitar a revis\u00e3o desde acordo, j\u00e1 que n\u00e3o est\u00e1 atendendo as reais necessidades da cidade. A reuni\u00e3o aconteceu no dia seguinte, e gerou um abaixo-assinado solicitando a revis\u00e3o.<\/span><\/p>\n<p align=\"justify\"><span style=\"color: #000000;\">A moradora Alessandra Oliveira ressaltou a import\u00e2ncia que \u00e9 preciso entender at\u00e9 onde vai a responsabilidade de cada um para poder cobrar certo. \u201cN\u00e3o adianta s\u00f3 reclamar. O processo de melhorias tem de ser coletivo. Esse foi s\u00f3 o come\u00e7o!\u201d, enfatizou.<\/span><\/p>\n<p align=\"justify\">\n<span style=\"color: #000000;\">J\u00e1 Creusa de Paulo, moradora, falou da import\u00e2ncia de reuni\u00f5es esclarecedoras como a do movimento, em que todos podem ser ouvidos. \u201cEsta foi o melhor encontro que eu j\u00e1 participei, bem democr\u00e1tico e muito importante para conseguirmos alcan\u00e7ar melhorias que tanto desejamos para nossa cidade. Foi um show de cidadania\u201d.<\/span><\/p>\n<p align=\"justify\"><span style=\"color: #000000;\">O vereador Jos\u00e9 M\u00e1rcio aproveitou a oportunidade e esclareceu algumas fun\u00e7\u00f5es dos membros da C\u00e2mara dos Vereadores, para popula\u00e7\u00e3o e disse que este foi o primeiro passo, de um caminho que est\u00e1 a\u00ed para ser percorrido. \u201cA uni\u00e3o da popula\u00e7\u00e3o com os representantes do povo, que s\u00e3o os vereadores e prefeito, faz com que as a\u00e7\u00f5es aconte\u00e7am. Quando todos querem o melhor, o\u00a0caminho fica mais f\u00e1cil de se trilhar, e todo mundo ganha\u201d, disse Jos\u00e9 M\u00e1rcio.<\/span><\/p>\n<p align=\"justify\"><span style=\"color: #800000;\">Reportagem: Jornalista Tatiani Costa &#8211; Assessoria de Imprensa\u00a0<\/span><\/p>\n","protected":false},"excerpt":{"rendered":"<p>Buscando reunir moradores de B\u00fazios-RJ que sabem da import\u00e2ncia de sua participa\u00e7\u00e3o em a\u00e7\u00f5es que visam melhorar as condi\u00e7\u00f5es da cidade. Foi criado o Movimento amor a B\u00fazios, onde reuniu popula\u00e7\u00e3o, que ama e acredita na transforma\u00e7\u00e3o do munic\u00edpio, o Prefeito Andr\u00e9 Granado, representando o poder executivo e o vereador Jos\u00e9 M\u00e1rcio, representando o poder [&hellip;]<\/p>\n","protected":false},"author":1,"featured_media":0,"comment_status":"open","ping_status":"open","sticky":false,"template":"","format":"standard","meta":{"_uag_custom_page_level_css":"","footnotes":""},"categories":[37],"tags":[1630,2247,6096,7456,9272,10375,10693,12351],"class_list":["post-1391","post","type-post","status-publish","format-standard","hentry","category-sustentabilidade","tag-buzios-rj","tag-cidade","tag-infraestrutura","tag-melhorias","tag-prefeito-andre-granado","tag-rio-de-janeiro","tag-saude","tag-vereador-jose-marcio"],"blocksy_meta":[],"spectra_blocks_featured_image_url":null,"spectra_blocks_author_info":{"display_name":"Jornal da Constru\u00e7\u00e3o Civil","avatar_url":"https:\/\/secure.gravatar.com\/avatar\/973c9774fd44ddaceb026973c4962faa70fc512bc4c9da68e8ebb40fecee6540?s=96&d=mm&r=g","author_link":"https:\/\/construcaocivil.siriusmarketingedesign.com.br\/?author=1","description":"Desde de 2013, levando muitas informa\u00e7\u00f5es, lan\u00e7amentos e produtos de qualidade para toda cadeia produtiva da constru\u00e7\u00e3o. O Futuro da constru\u00e7\u00e3o passa por aqui,"},"uagb_featured_image_src":{"full":false,"thumbnail":false,"medium":false,"medium_large":false,"large":false,"1536x1536":false,"2048x2048":false},"uagb_author_info":{"display_name":"Jornal da Constru\u00e7\u00e3o Civil","author_link":"https:\/\/construcaocivil.siriusmarketingedesign.com.br\/?author=1"},"uagb_comment_info":0,"uagb_excerpt":"Buscando reunir moradores de B\u00fazios-RJ que sabem da import\u00e2ncia de sua participa\u00e7\u00e3o em a\u00e7\u00f5es que visam melhorar as condi\u00e7\u00f5es da cidade. Foi criado o Movimento amor a B\u00fazios, onde reuniu popula\u00e7\u00e3o, que ama e acredita na transforma\u00e7\u00e3o do munic\u00edpio, o Prefeito Andr\u00e9 Granado, representando o poder executivo e o vereador Jos\u00e9 M\u00e1rcio, representando o poder&hellip;","_links":{"self":[{"href":"https:\/\/construcaocivil.siriusmarketingedesign.com.br\/index.php?rest_route=\/wp\/v2\/posts\/1391","targetHints":{"allow":["GET"]}}],"collection":[{"href":"https:\/\/construcaocivil.siriusmarketingedesign.com.br\/index.php?rest_route=\/wp\/v2\/posts"}],"about":[{"href":"https:\/\/construcaocivil.siriusmarketingedesign.com.br\/index.php?rest_route=\/wp\/v2\/types\/post"}],"author":[{"embeddable":true,"href":"https:\/\/construcaocivil.siriusmarketingedesign.com.br\/index.php?rest_route=\/wp\/v2\/users\/1"}],"replies":[{"embeddable":true,"href":"https:\/\/construcaocivil.siriusmarketingedesign.com.br\/index.php?rest_route=%2Fwp%2Fv2%2Fcomments&post=1391"}],"version-history":[{"count":0,"href":"https:\/\/construcaocivil.siriusmarketingedesign.com.br\/index.php?rest_route=\/wp\/v2\/posts\/1391\/revisions"}],"wp:attachment":[{"href":"https:\/\/construcaocivil.siriusmarketingedesign.com.br\/index.php?rest_route=%2Fwp%2Fv2%2Fmedia&parent=1391"}],"wp:term":[{"taxonomy":"category","embeddable":true,"href":"https:\/\/construcaocivil.siriusmarketingedesign.com.br\/index.php?rest_route=%2Fwp%2Fv2%2Fcategories&post=1391"},{"taxonomy":"post_tag","embeddable":true,"href":"https:\/\/construcaocivil.siriusmarketingedesign.com.br\/index.php?rest_route=%2Fwp%2Fv2%2Ftags&post=1391"}],"curies":[{"name":"wp","href":"https:\/\/api.w.org\/{rel}","templated":true}]}}