{"id":1397,"date":"2016-04-16T16:00:58","date_gmt":"2016-04-16T16:00:58","guid":{"rendered":"http:\/\/www.jornaldaconstrucaocivil.com.br\/?p=1397"},"modified":"2016-04-16T16:00:58","modified_gmt":"2016-04-16T16:00:58","slug":"presidente-da-foton-international-visita-operacao-no-brasil-para-discutir-expansao-dos-negocios-na-america-latina","status":"publish","type":"post","link":"https:\/\/construcaocivil.siriusmarketingedesign.com.br\/?p=1397","title":{"rendered":"Presidente da Foton International visita opera\u00e7\u00e3o no Brasil para discutir expans\u00e3o dos neg\u00f3cios na Am\u00e9rica Latina"},"content":{"rendered":"<p>O presidente do conselho da Foton Caminh\u00f5es, Luiz Carlos Mendon\u00e7a de Barros e o CEO, Bernardo Hamacek, junto com v\u00e1rios executivos da empresa, recebem no Brasil entre os dias 11 a 15 de abril uma importante delega\u00e7\u00e3o da Foton International, incluindo a presen\u00e7a do presidente Chang Rui. O objetivo da visita, al\u00e9m de avaliar o status do projeto da Foton no Pa\u00eds, \u00e9 o de discutir o aumento da presen\u00e7a da Foton International no Brasil.<\/p>\n<ul>\n<li><span style=\"color: #800000;\">\u00a0O objetivo da visita \u00e9 discutir e preparar junto com a Foton Caminh\u00f5es o plano de expans\u00e3o que incluir\u00e1 o aumento gradativo da presen\u00e7a da Foton International no Brasil e regi\u00e3o<\/span><\/li>\n<li><span style=\"color: #800000;\">Al\u00e9m de avaliar o status do projeto da Foton Caminh\u00f5es no Brasil, o presidente Chang Rui se encontra com o governador do RS e confirma a amplia\u00e7\u00e3o do projeto da unidade industrial de Gua\u00edba, com a inclus\u00e3o de uma nova linha de montagem para a produ\u00e7\u00e3o de Vans e SUVs<\/span><\/li>\n<\/ul>\n<figure id=\"attachment_1398\" aria-describedby=\"caption-attachment-1398\" style=\"width: 300px\" class=\"wp-caption alignleft\"><a href=\"http:\/\/www.jornaldaconstrucaocivil.com.br\/wp-content\/uploads\/2016\/04\/Chang-Rui-presidente-Foton-International-OK.jpg\"><img loading=\"lazy\" decoding=\"async\" class=\"wp-image-1398 size-medium\" src=\"http:\/\/www.jornaldaconstrucaocivil.com.br\/wp-content\/uploads\/2016\/04\/Chang-Rui-presidente-Foton-International-OK-300x200.jpg\" alt=\"Foton Internacional\" width=\"300\" height=\"200\" \/><\/a><figcaption id=\"caption-attachment-1398\" class=\"wp-caption-text\"><span style=\"color: #ff0000;\">Chang Rui. Cr\u00e9ditos: Luiz Chaves &#8211; Pal\u00e1cio Piratini<\/span><\/figcaption><\/figure>\n<p><span style=\"color: #000000;\">\u201cRecebemos esta importante delega\u00e7\u00e3o, que al\u00e9m da presen\u00e7a do presidente Chang Rui, conta com outros oito executivos da Foton International de diversas \u00e1reas como gest\u00e3o de estrat\u00e9gia de mercado, projetos, compras e vendas. A inten\u00e7\u00e3o da visita \u00e9 discutir e preparar junto com a Foton Caminh\u00f5es o plano de expans\u00e3o que incluir\u00e1 o aumento gradativo da presen\u00e7a da Foton International na Am\u00e9rica Latina se iniciando com a cria\u00e7\u00e3o e instala\u00e7\u00e3o de uma subsidi\u00e1ria da Foton China no Pa\u00eds\u201d, explica Bernardo Hamacek.<\/span><\/p>\n<p><span style=\"color: #000000;\">Um dos compromissos da agenda de Chang Rui foi o encontro com o governador do Rio Grande do Sul, Jos\u00e9 Ivo Sartori, que aconteceu no dia 12 de abril no Pal\u00e1cio Paratini. O presidente da montadora chinesa confirmou a amplia\u00e7\u00e3o do projeto da unidade industrial de Gua\u00edba, com a inclus\u00e3o de uma nova linha de montagem, para a produ\u00e7\u00e3o de Vans e SUVs.<\/span><\/p>\n<p><span style=\"color: #000000;\">Chang Rui explicou que a montadora \u00e9 a n\u00famero um na China e que fabricaram seis milh\u00f5es de unidades nos \u00faltimos cinco anos. &#8220;Teremos uma linha de produ\u00e7\u00e3o extensa no Brasil, e com mais de 60% da produ\u00e7\u00e3o nacional, cumprindo nosso acordo com a Foton Brasil&#8221;, afirmou. O an\u00fancio reafirma os termos que constam no termo aditivo ao contrato, assinado em mar\u00e7o deste ano por Luiz Carlos Mendon\u00e7a de Barros, com o governo do Estado e a prefeitura de Gua\u00edba.<\/span><\/p>\n<p><span style=\"color: #000000;\">Segundo Hamacek, os executivos da Foton International se declararam plenamente satisfeitos com a evolu\u00e7\u00e3o do projeto da Foton Caminh\u00f5es. Os executivos chineses visitaram as obras da f\u00e1brica em Gua\u00edba, a empresa Gabardo, respons\u00e1vel pelo transporte dos caminh\u00f5es e a concession\u00e1ria Bormana da marca, em Porto Alegre.<em> \u201cFomos at\u00e9 Caxias do Sul para visitar as instala\u00e7\u00f5es da Agrale, onde ser\u00e3o montados dois modelos de caminh\u00f5es da Foton enquanto aguardamos a conclus\u00e3o de nossa f\u00e1brica em Gua\u00edba\u201d<\/em>. De acordo com o executivo brasileiro, os chineses reconhecem a capacidade brasileira em atender as exig\u00eancias de qualidade da marca e de levar adiante o projeto de estabelecimento da Foton no Brasil.<\/span><\/p>\n<p><span style=\"color: #000000;\">Na agenda da delega\u00e7\u00e3o da Foton International est\u00e3o contempladas as visitas nas instala\u00e7\u00f5es das empresas fornecedoras Dana, Cummins, Maxion, ZF e Flamma, al\u00e9m dos bancos Ita\u00fa e BBM.<\/span><\/p>\n<p><strong><span style=\"color: #000000;\">O projeto<\/span><\/strong><\/p>\n<p><span style=\"color: #000000;\">As obras para constru\u00e7\u00e3o da f\u00e1brica da Foton no Brasil em Gua\u00edba, RS, contam com um plano de investimentos total da ordem de R$ 250 milh\u00f5es (deste montante, R$ 160 milh\u00f5es ser\u00e3o direcionados para a constru\u00e7\u00e3o da f\u00e1brica e o restante para\u00a0 desenvolvimento de produtos) e capacidade de produ\u00e7\u00e3o de 20 mil caminh\u00f5es por ano. O espa\u00e7o ter\u00e1 190 mil metros quadrados de \u00e1rea constru\u00edda e a previs\u00e3o \u00e9 que comece a operar em 2017.<\/span><\/p>\n<p>Com o objetivo de manter rigorosamente seus planos de produ\u00e7\u00e3o de ve\u00edculos comerciais no Brasil ainda neste ano, a Foton Caminh\u00f5es assinou com a Agrale, fabricante nacional de caminh\u00f5es, \u00f4nibus e ve\u00edculos militares, acordo para a produ\u00e7\u00e3o de seus caminh\u00f5es em sua f\u00e1brica em Caxias do Sul, RS. O acordo prev\u00ea o uso pela Foton de uma linha de montagem da Agrale inicialmente pelo per\u00edodo de 12 meses.<\/p>\n<p><em>\u201cEnquanto tocamos as obras de nossa f\u00e1brica pr\u00f3pria em Gua\u00edba, RS, vamos seguir \u00e0 risca com nosso cronograma de produ\u00e7\u00e3o de nossos caminh\u00f5es no Brasil nesta linha da Agrale que nos oferece condi\u00e7\u00f5es t\u00e9cnicas perfeitas para a montagem, com alta qualidade de nossos produtos\u201d<\/em>, afirma Luis Carlos Mendon\u00e7a de Barros.<\/p>\n<p><span style=\"color: #003366;\">Fonte: Assessoria de Imprensa Foton Caminh\u00f5es\u00a0<\/span><\/p>\n<p>&nbsp;<\/p>\n","protected":false},"excerpt":{"rendered":"<p>O presidente do conselho da Foton Caminh\u00f5es, Luiz Carlos Mendon\u00e7a de Barros e o CEO, Bernardo Hamacek, junto com v\u00e1rios executivos da empresa, recebem no Brasil entre os dias 11 a 15 de abril uma importante delega\u00e7\u00e3o da Foton International, incluindo a presen\u00e7a do presidente Chang Rui. O objetivo da visita, al\u00e9m de avaliar o [&hellip;]<\/p>\n","protected":false},"author":1,"featured_media":0,"comment_status":"open","ping_status":"open","sticky":false,"template":"","format":"standard","meta":{"_uag_custom_page_level_css":"","footnotes":""},"categories":[1],"tags":[1535,2206,5221,7075,8193,8471,10384],"class_list":["post-1397","post","type-post","status-publish","format-standard","hentry","category-sem-categoria","tag-brasil","tag-cheng-rui","tag-foton-caminhoes","tag-luiz-mendonca-de-barros","tag-nova-fabrica","tag-operar-2017","tag-rio-grande-do-sul"],"blocksy_meta":[],"spectra_blocks_featured_image_url":null,"spectra_blocks_author_info":{"display_name":"Jornal da Constru\u00e7\u00e3o Civil","avatar_url":"https:\/\/secure.gravatar.com\/avatar\/973c9774fd44ddaceb026973c4962faa70fc512bc4c9da68e8ebb40fecee6540?s=96&d=mm&r=g","author_link":"https:\/\/construcaocivil.siriusmarketingedesign.com.br\/?author=1","description":"Desde de 2013, levando muitas informa\u00e7\u00f5es, lan\u00e7amentos e produtos de qualidade para toda cadeia produtiva da constru\u00e7\u00e3o. O Futuro da constru\u00e7\u00e3o passa por aqui,"},"uagb_featured_image_src":{"full":false,"thumbnail":false,"medium":false,"medium_large":false,"large":false,"1536x1536":false,"2048x2048":false},"uagb_author_info":{"display_name":"Jornal da Constru\u00e7\u00e3o Civil","author_link":"https:\/\/construcaocivil.siriusmarketingedesign.com.br\/?author=1"},"uagb_comment_info":0,"uagb_excerpt":"O presidente do conselho da Foton Caminh\u00f5es, Luiz Carlos Mendon\u00e7a de Barros e o CEO, Bernardo Hamacek, junto com v\u00e1rios executivos da empresa, recebem no Brasil entre os dias 11 a 15 de abril uma importante delega\u00e7\u00e3o da Foton International, incluindo a presen\u00e7a do presidente Chang Rui. O objetivo da visita, al\u00e9m de avaliar o&hellip;","_links":{"self":[{"href":"https:\/\/construcaocivil.siriusmarketingedesign.com.br\/index.php?rest_route=\/wp\/v2\/posts\/1397","targetHints":{"allow":["GET"]}}],"collection":[{"href":"https:\/\/construcaocivil.siriusmarketingedesign.com.br\/index.php?rest_route=\/wp\/v2\/posts"}],"about":[{"href":"https:\/\/construcaocivil.siriusmarketingedesign.com.br\/index.php?rest_route=\/wp\/v2\/types\/post"}],"author":[{"embeddable":true,"href":"https:\/\/construcaocivil.siriusmarketingedesign.com.br\/index.php?rest_route=\/wp\/v2\/users\/1"}],"replies":[{"embeddable":true,"href":"https:\/\/construcaocivil.siriusmarketingedesign.com.br\/index.php?rest_route=%2Fwp%2Fv2%2Fcomments&post=1397"}],"version-history":[{"count":0,"href":"https:\/\/construcaocivil.siriusmarketingedesign.com.br\/index.php?rest_route=\/wp\/v2\/posts\/1397\/revisions"}],"wp:attachment":[{"href":"https:\/\/construcaocivil.siriusmarketingedesign.com.br\/index.php?rest_route=%2Fwp%2Fv2%2Fmedia&parent=1397"}],"wp:term":[{"taxonomy":"category","embeddable":true,"href":"https:\/\/construcaocivil.siriusmarketingedesign.com.br\/index.php?rest_route=%2Fwp%2Fv2%2Fcategories&post=1397"},{"taxonomy":"post_tag","embeddable":true,"href":"https:\/\/construcaocivil.siriusmarketingedesign.com.br\/index.php?rest_route=%2Fwp%2Fv2%2Ftags&post=1397"}],"curies":[{"name":"wp","href":"https:\/\/api.w.org\/{rel}","templated":true}]}}