{"id":13988,"date":"2020-07-08T12:29:52","date_gmt":"2020-07-08T15:29:52","guid":{"rendered":"https:\/\/www.jornaldaconstrucaocivil.com.br\/?p=13988"},"modified":"2020-07-08T12:29:52","modified_gmt":"2020-07-08T15:29:52","slug":"aplicativo-abre-694-vagas-de-emprego-para-o-varejo-no-rio","status":"publish","type":"post","link":"https:\/\/construcaocivil.siriusmarketingedesign.com.br\/?p=13988","title":{"rendered":"Aplicativo abre 694 vagas de emprego para o varejo no Rio"},"content":{"rendered":"<div style=\"text-align: justify;\">Julho, 2020 &#8211; A Associa\u00e7\u00e3o de Supermercados do Estado do Rio de Janeiro (ASSERJ) registrou o cadastro de 694 oportunidades de emprego nos setores essenciais do varejo do Rio, como supermercados e farm\u00e1cias, atualmente na plataforma gratuita Vagas no Varejo. No pa\u00eds, s\u00e3o ainda 3.654 vagas de trabalho.<\/p>\n<\/div>\n<div style=\"text-align: justify;\">O portal foi lan\u00e7ado no dia 1\u00ba de maio pela ASSERJ, junto com outras 29 entidades ligadas ao segmento varejista com o objetivo de divulgar as oportunidades e auxiliar na recoloca\u00e7\u00e3o de profissionais que tiveram seus empregos afetados devido \u00e0 pandemia do novo coronav\u00edrus.<\/p>\n<\/div>\n<div style=\"text-align: justify;\">Desde janeiro, Denise Pacheco, 48 anos, buscava uma chance de trabalho, ap\u00f3s deixar o emprego no fim de 2019. Com a chegada da pandemia, ela achou que n\u00e3o teria chances de encontrar uma coloca\u00e7\u00e3o t\u00e3o cedo, at\u00e9 se inscrever para uma oportunidade no Prezunic, por meio do portal Vagas no Varejo. Hoje, Denise atua como atendente de caixa na unidade do Prezunic Fonseca, em Niter\u00f3i.<\/p>\n<\/div>\n<div style=\"text-align: justify;\">&#8220;Antes de me inscrever no portal, eu sa\u00eda de casa todos os dias em busca de emprego. Achei incr\u00edvel me telefonarem apenas 15 dias depois de fazer a minha inscri\u00e7\u00e3o. Estou muito feliz neste emprego. Fui bem acolhida e me sinto em casa&#8221;, comemora Denise. Morando h\u00e1 30 anos com seu companheiro, atualmente desempregado, a colaboradora vive tamb\u00e9m com os dois filhos, de 25 e 27 anos, no bairro Coluband\u00ea, em S\u00e3o Gon\u00e7alo. &#8220;Agora, estou com a cabe\u00e7a tranquila, por poder colocar comida em casa e ajudar a manter minha fam\u00edlia&#8221;, finaliza Denise.<\/p>\n<\/div>\n<div style=\"text-align: justify;\">Segundo Keila Prates, Superintendente da ASSERJ, a plataforma permanecer\u00e1 ap\u00f3s a pandemia devido a alta funcionalidade. &#8220;O Vagas no Varejo se tornar\u00e1 um portal de uso cont\u00ednuo do setor supermercadista. At\u00e9 ent\u00e3o n\u00e3o t\u00ednhamos um meio espec\u00edfico que reunisse todas as oportunidades no varejo. A plataforma tem potencial para ser um portal fixo de contrata\u00e7\u00e3o, que ficar\u00e1 por muito tempo servindo como local de busca de talentos para o setor&#8221;.<\/p>\n<\/div>\n<div style=\"text-align: justify;\">Para Keila a plataforma est\u00e1 sendo fundamental para aproveitamento da m\u00e3o de obra que foi desligada, mas \u00e9 muito qualificada e com experi\u00eancia no varejo. &#8220;Conseguimos unir duas oportunidades, tanto para quem est\u00e1 precisando trabalhar, quanto para n\u00f3s que precisamos de profissionais no dia a dia para reposi\u00e7\u00e3o neste momento que estamos vivendo&#8221;.<\/p>\n<\/div>\n<div style=\"text-align: justify;\">A Associa\u00e7\u00e3o Brasileira de Preven\u00e7\u00e3o de Perdas (ABRAPPE) participou ativamente da cria\u00e7\u00e3o do projeto, idealizado em parceria com a Associa\u00e7\u00e3o Brasileira de Redes de Farm\u00e1cias e Drogarias (Abrafarma) e Associa\u00e7\u00e3o Brasileira de Supermercados (Abras).<\/p>\n<\/div>\n<div style=\"text-align: justify;\">SETOR AQUECIDO<\/p>\n<\/div>\n<div style=\"text-align: justify;\">De acordo com levantamento da ASSERJ, junto \u00e0s redes associadas, desde o in\u00edcio do isolamento foram quase 2 mil novas vagas de emprego criadas no setor supermercadista. O segmento \u00e9 um dos poucos que est\u00e3o contratando em meio \u00e0 pandemia.<\/p>\n<\/div>\n<div style=\"text-align: justify;\">CADASTRO NA PLATAFORMA<\/p>\n<\/div>\n<div style=\"text-align: justify;\">As empresas interessadas em recrutar profissionais tamb\u00e9m ter\u00e3o uma \u00e1rea exclusiva no portal <span style=\"color: #0000ff;\">http:\/\/www.vagasnovarejo.com.br,<\/span> no qual poder\u00e3o cadastrar suas oportunidades. Elas ser\u00e3o respons\u00e1veis por excluir as vagas que forem preenchidas e assinar\u00e3o um termo no qual se comprometem a n\u00e3o utilizar as informa\u00e7\u00f5es dos candidatos para qualquer outra finalidade, como venda de produtos ou servi\u00e7os.<\/p>\n<\/div>\n<div style=\"text-align: justify;\">Para os profissionais interessando foi desenvolvido o\u00a0aplicativo Vagas no Varejo, que estar\u00e1 dispon\u00edvel em todas as plataformas m\u00f3veis, exigindo inicialmente conex\u00e3o com uma rede social ou e-mail. O objetivo \u00e9 estabelecer uma liga\u00e7\u00e3o simples e autodid\u00e1tica, sem as dificuldades impostas por canais tradicionais de empregos. Ao ter a conta criada, o profissional precisa somente destacar sua \u00e1rea de atua\u00e7\u00e3o, experi\u00eancias anteriores e disponibilidade de hor\u00e1rios, podendo tamb\u00e9m inserir seu curr\u00edculo. As entrevistas e avalia\u00e7\u00f5es ser\u00e3o realizadas online.<\/div>\n<div><\/div>\n<div>Fonte: ASSERJ<\/div>\n","protected":false},"excerpt":{"rendered":"<p>Julho, 2020 &#8211; A Associa\u00e7\u00e3o de Supermercados do Estado do Rio de Janeiro (ASSERJ) registrou o cadastro de 694 oportunidades de emprego nos setores essenciais do varejo do Rio, como supermercados e farm\u00e1cias, atualmente na plataforma gratuita Vagas no Varejo. No pa\u00eds, s\u00e3o ainda 3.654 vagas de trabalho. O portal foi lan\u00e7ado no dia 1\u00ba [&hellip;]<\/p>\n","protected":false},"author":1,"featured_media":13989,"comment_status":"open","ping_status":"open","sticky":false,"template":"","format":"standard","meta":{"_uag_custom_page_level_css":"","footnotes":""},"categories":[27],"tags":[18833,18635,18831,18834,18832,18830],"class_list":["post-13988","post","type-post","status-publish","format-standard","has-post-thumbnail","hentry","category-acontece","tag-app-abre-vagas-no-rio","tag-asserj","tag-associacao-brasileira-de-supermercados-abras","tag-empregos-rio-de-janeiro","tag-empregos-e-vagas-no-varejo","tag-prezunic"],"blocksy_meta":[],"spectra_blocks_featured_image_url":{"thumbnail":{"url":"https:\/\/construcaocivil.siriusmarketingedesign.com.br\/wp-content\/uploads\/2020\/07\/Empregos-150x150.jpg","width":150,"height":150},"medium":{"url":"https:\/\/construcaocivil.siriusmarketingedesign.com.br\/wp-content\/uploads\/2020\/07\/Empregos-300x180.jpg","width":300,"height":180},"medium_large":{"url":"https:\/\/construcaocivil.siriusmarketingedesign.com.br\/wp-content\/uploads\/2020\/07\/Empregos-768x461.jpg","width":768,"height":461},"large":{"url":"https:\/\/construcaocivil.siriusmarketingedesign.com.br\/wp-content\/uploads\/2020\/07\/Empregos.jpg","width":800,"height":480},"full":{"url":"https:\/\/construcaocivil.siriusmarketingedesign.com.br\/wp-content\/uploads\/2020\/07\/Empregos.jpg","width":800,"height":480}},"spectra_blocks_author_info":{"display_name":"Jornal da Constru\u00e7\u00e3o Civil","avatar_url":"https:\/\/secure.gravatar.com\/avatar\/973c9774fd44ddaceb026973c4962faa70fc512bc4c9da68e8ebb40fecee6540?s=96&d=mm&r=g","author_link":"https:\/\/construcaocivil.siriusmarketingedesign.com.br\/?author=1","description":"Desde de 2013, levando muitas informa\u00e7\u00f5es, lan\u00e7amentos e produtos de qualidade para toda cadeia produtiva da constru\u00e7\u00e3o. O Futuro da constru\u00e7\u00e3o passa por aqui,"},"uagb_featured_image_src":{"full":["https:\/\/construcaocivil.siriusmarketingedesign.com.br\/wp-content\/uploads\/2020\/07\/Empregos.jpg",800,480,false],"thumbnail":["https:\/\/construcaocivil.siriusmarketingedesign.com.br\/wp-content\/uploads\/2020\/07\/Empregos-150x150.jpg",150,150,true],"medium":["https:\/\/construcaocivil.siriusmarketingedesign.com.br\/wp-content\/uploads\/2020\/07\/Empregos-300x180.jpg",300,180,true],"medium_large":["https:\/\/construcaocivil.siriusmarketingedesign.com.br\/wp-content\/uploads\/2020\/07\/Empregos-768x461.jpg",768,461,true],"large":["https:\/\/construcaocivil.siriusmarketingedesign.com.br\/wp-content\/uploads\/2020\/07\/Empregos.jpg",800,480,false],"1536x1536":["https:\/\/construcaocivil.siriusmarketingedesign.com.br\/wp-content\/uploads\/2020\/07\/Empregos.jpg",800,480,false],"2048x2048":["https:\/\/construcaocivil.siriusmarketingedesign.com.br\/wp-content\/uploads\/2020\/07\/Empregos.jpg",800,480,false]},"uagb_author_info":{"display_name":"Jornal da Constru\u00e7\u00e3o Civil","author_link":"https:\/\/construcaocivil.siriusmarketingedesign.com.br\/?author=1"},"uagb_comment_info":0,"uagb_excerpt":"Julho, 2020 &#8211; A Associa\u00e7\u00e3o de Supermercados do Estado do Rio de Janeiro (ASSERJ) registrou o cadastro de 694 oportunidades de emprego nos setores essenciais do varejo do Rio, como supermercados e farm\u00e1cias, atualmente na plataforma gratuita Vagas no Varejo. No pa\u00eds, s\u00e3o ainda 3.654 vagas de trabalho. O portal foi lan\u00e7ado no dia 1\u00ba&hellip;","_links":{"self":[{"href":"https:\/\/construcaocivil.siriusmarketingedesign.com.br\/index.php?rest_route=\/wp\/v2\/posts\/13988","targetHints":{"allow":["GET"]}}],"collection":[{"href":"https:\/\/construcaocivil.siriusmarketingedesign.com.br\/index.php?rest_route=\/wp\/v2\/posts"}],"about":[{"href":"https:\/\/construcaocivil.siriusmarketingedesign.com.br\/index.php?rest_route=\/wp\/v2\/types\/post"}],"author":[{"embeddable":true,"href":"https:\/\/construcaocivil.siriusmarketingedesign.com.br\/index.php?rest_route=\/wp\/v2\/users\/1"}],"replies":[{"embeddable":true,"href":"https:\/\/construcaocivil.siriusmarketingedesign.com.br\/index.php?rest_route=%2Fwp%2Fv2%2Fcomments&post=13988"}],"version-history":[{"count":0,"href":"https:\/\/construcaocivil.siriusmarketingedesign.com.br\/index.php?rest_route=\/wp\/v2\/posts\/13988\/revisions"}],"wp:featuredmedia":[{"embeddable":true,"href":"https:\/\/construcaocivil.siriusmarketingedesign.com.br\/index.php?rest_route=\/wp\/v2\/media\/13989"}],"wp:attachment":[{"href":"https:\/\/construcaocivil.siriusmarketingedesign.com.br\/index.php?rest_route=%2Fwp%2Fv2%2Fmedia&parent=13988"}],"wp:term":[{"taxonomy":"category","embeddable":true,"href":"https:\/\/construcaocivil.siriusmarketingedesign.com.br\/index.php?rest_route=%2Fwp%2Fv2%2Fcategories&post=13988"},{"taxonomy":"post_tag","embeddable":true,"href":"https:\/\/construcaocivil.siriusmarketingedesign.com.br\/index.php?rest_route=%2Fwp%2Fv2%2Ftags&post=13988"}],"curies":[{"name":"wp","href":"https:\/\/api.w.org\/{rel}","templated":true}]}}