{"id":14002,"date":"2020-07-09T14:35:02","date_gmt":"2020-07-09T17:35:02","guid":{"rendered":"https:\/\/www.jornaldaconstrucaocivil.com.br\/?p=14002"},"modified":"2020-07-09T14:35:02","modified_gmt":"2020-07-09T17:35:02","slug":"biodiversidade-tem-valor-financeiro-para-os-negocios","status":"publish","type":"post","link":"https:\/\/construcaocivil.siriusmarketingedesign.com.br\/?p=14002","title":{"rendered":"Biodiversidade tem valor financeiro para os neg\u00f3cios"},"content":{"rendered":"<p dir=\"ltr\" style=\"text-align: justify;\"><span id=\"v1docs-internal-guid-0244fdcd-7fff-b747-1485-178e8651f4fd\">Julho de 2020 \u2013 Especialistas e representantes de empresas alertam que existe um elevado potencial econ\u00f4mico e ainda n\u00e3o totalmente dimensionado da floresta em p\u00e9 e que aliar este enorme ativo com a tecnologia, agregando valor, \u00e9 o que pode colocar o Brasil numa posi\u00e7\u00e3o de destaque na nova economia. A biodiversidade \u00e9 considerada hoje um ativo extremamente estrat\u00e9gico, inclusive do ponto de vista financeiro, para a sustentabilidade dos neg\u00f3cios, uma vez que o pa\u00eds det\u00e9m 20% da biodiversidade global, a maior do planeta.<\/span><\/p>\n<p dir=\"ltr\" style=\"text-align: justify;\"><span id=\"v1docs-internal-guid-0244fdcd-7fff-b747-1485-178e8651f4fd\">Essa foi a principal mensagem do sexto webinar da<a href=\"https:\/\/app.workr.com.br\/LinkOpen.aspx?mid=14f766a6-b9b1-4862-bc91-1bbd8602e54c&amp;lid=DMGzlQhbUBmm7P3Oo31k1w==\" target=\"_blank\" rel=\"noopener noreferrer\"> s\u00e9rie de debates ReVis\u00e3o 2050<\/a>, do Conselho Empresarial Brasileiro para o Desenvolvimento Sustent\u00e1vel (CEBDS), que visa planejar e construir uma vis\u00e3o de futuro. Transmitido ao vivo pelo canal do CEBDS no Youtube, o encontro levantou discuss\u00e3o sobre Biodiversidade e Florestas.\u00a0<\/span><\/p>\n<p dir=\"ltr\" style=\"text-align: justify;\"><span id=\"v1docs-internal-guid-0244fdcd-7fff-b747-1485-178e8651f4fd\">O tema n\u00e3o se resume apenas a import\u00e2ncia da preserva\u00e7\u00e3o, mitiga\u00e7\u00e3o e compensa\u00e7\u00e3o ambientais para a conter as mudan\u00e7as clim\u00e1ticas, mas tamb\u00e9m uma quest\u00e3o econ\u00f4mica. \u201c\u00c9 preciso compreender o valor da biodiversidade e dos servi\u00e7os ecossist\u00eamicos tamb\u00e9m para a gera\u00e7\u00e3o de emprego e renda e para a redu\u00e7\u00e3o das desigualdades sociais e econ\u00f4micas\u201d, disse Marina Grossi, presidente do CEBDS, na abertura do evento.<\/span><\/p>\n<p dir=\"ltr\" style=\"text-align: justify;\"><span id=\"v1docs-internal-guid-0244fdcd-7fff-b747-1485-178e8651f4fd\">Para Carlos Nobre, professor do Instituto de Estudos Avan\u00e7ados da USP, o Brasil tem tudo para ser uma pot\u00eancia ambiental da biodiversidade. \u201cE as empresas precisam liderar esse processo com investimento em pesquisa e desenvolvimento dessa riqueza enorme que temos em nossa biodiversidade. Esse investimento pode se traduzir em novos produtos, emprego e renda e, redu\u00e7\u00e3o das desigualdades\u201d, afirmou o pesquisador.<\/span><\/p>\n<p dir=\"ltr\" style=\"text-align: justify;\"><span id=\"v1docs-internal-guid-0244fdcd-7fff-b747-1485-178e8651f4fd\">Segundo ele, h\u00e1 oportunidades tamb\u00e9m para transformar o modelo de agroneg\u00f3cios em resposta aos desafios globais de seguran\u00e7a alimentar. \u201cN\u00f3s realmente podemos ser o esteio para a seguran\u00e7a alimentar do mundo utilizando menos \u00e1rea para agricultura. \u00c9 s\u00f3 praticar a agricultura regenerativa, que prev\u00ea a restaura\u00e7\u00e3o dos ecossistemas\u201d, sugeriu o professor, acrescentando que os servi\u00e7os oferecidos pelos sistemas naturais t\u00eam impacto na seguran\u00e7a alimentar, energ\u00e9tica e h\u00eddrica; na produtividade da cadeia agr\u00edcola e servem de estoque e sumidouro para o carbono.<\/span><\/p>\n<p dir=\"ltr\" style=\"text-align: justify;\"><span id=\"v1docs-internal-guid-0244fdcd-7fff-b747-1485-178e8651f4fd\">Relat\u00f3rio da Plataforma Brasileira de Biodiversidade e Servi\u00e7os Ecossist\u00eamicos sobre restaura\u00e7\u00e3o de paisagens aponta que um hectare de floresta em p\u00e9 na Amaz\u00f4nia, por exemplo, gera em m\u00e9dia R$ 3,5 mil por ano e no cerrado em torno de R$ 2,3 mil por ano. Em sistemas agroflorestais esse rendimento pode chegar a mais de R$ 12 mil anuais. J\u00e1 o mesmo hectare desmatado para a pecu\u00e1ria daria um lucro de R$ 60 a R$ 100 por ano. Se usado para soja, o valor seria de R$ 500 a R$ 1 mil por ano.<\/span><\/p>\n<p dir=\"ltr\" style=\"text-align: justify;\"><span id=\"v1docs-internal-guid-0244fdcd-7fff-b747-1485-178e8651f4fd\">Nesse sentido, como frisou o presidente do Instituto Juru\u00e1, Jo\u00e3o Campos Silva, a janela de oportunidade de neg\u00f3cios traz tamb\u00e9m uma responsabilidade social enorme. \u201cAcredito que, se as empresas aliarem o conhecimento cient\u00edfico ao tradicional, ter\u00e3o sucesso com um novo conceito de fazer neg\u00f3cios\u201d, observou Campos, apontado ainda os gargalos log\u00edsticos na Amaz\u00f4nia como uma quest\u00e3o importante. \u201cTudo que voc\u00ea faz na Amaz\u00f4nia \u00e9 dif\u00edcil. As estruturas s\u00e3o rudimentares. A gente precisa pensar a realidade com criatividade. Esse desenvolvimento n\u00e3o vir\u00e1 sem um investimento massivo em infraestrutura hidrovi\u00e1ria, por exemplo\u201d, acrescentou.<\/span><\/p>\n<p dir=\"ltr\" style=\"text-align: justify;\"><span id=\"v1docs-internal-guid-0244fdcd-7fff-b747-1485-178e8651f4fd\">Moderadora do debate, a consultora da ERM, Viviane Severiano, disse que v\u00ea o Brasil como refer\u00eancia em biodiversidade em 2050. \u201cMas, para isso, \u00e9 preciso uma a\u00e7\u00e3o articulada\u201d, disse ela. A meta de zerar o desmatamento ilegal at\u00e9 2030, por exemplo, assumida pelo Brasil em sua Contribui\u00e7\u00e3o Nacionalmente Determinada (NDC) no \u00e2mbito do Acordo de Paris, somente ser\u00e1 atingida se contar com o apoio da iniciativa privada\u201d..<\/span><\/p>\n<p dir=\"ltr\" style=\"text-align: justify;\"><span id=\"v1docs-internal-guid-0244fdcd-7fff-b747-1485-178e8651f4fd\">Do lado das empresas, evolui o entendimento de que colabora\u00e7\u00e3o e parceria s\u00e3o cruciais para os neg\u00f3cios. \u201cA vis\u00e3o 2050 \u00e9 de mais colabora\u00e7\u00e3o. E n\u00e3o s\u00f3 por convic\u00e7\u00e3o, mas por uma quest\u00e3o de estrat\u00e9gia de neg\u00f3cios\u201d, disse Yugo Matsuda, gerente de sustentabilidade da Suzano. \u201cN\u00e3o tem setor produtivo que sobreviva sem \u00e1gua. Ent\u00e3o, a biodiversidade \u00e9 um elemento-chave para a gest\u00e3o dos neg\u00f3cios no longo prazo\u201d, completou Patr\u00edcia Daros, gerente de Biodiversidade e Recupera\u00e7\u00e3o Ambiental da Vale, diretora de Opera\u00e7\u00f5es do Fundo Vale e diretora-presidente do Instituto Ambiental Vale.<\/span><\/p>\n<p dir=\"ltr\" style=\"text-align: justify;\"><span id=\"v1docs-internal-guid-0244fdcd-7fff-b747-1485-178e8651f4fd\">Na vis\u00e3o do gerente de sustentabilidade da Suzano, a reorienta\u00e7\u00e3o dos neg\u00f3cios nesse sentido passa necessariamente por estrat\u00e9gias sustentadas em metas. \u201cAs pol\u00edticas podem ser orientadas para evitar impactos ambientais e sociais. As empresas investem bastante hoje para reduzir e recuperar seus impactos. Mas, a tend\u00eancia \u00e9 esse processo evoluir para tamb\u00e9m gerar valor\u201d, comentou. Nesse contexto, Patr\u00edcia destacou projetos de recupera\u00e7\u00e3o de \u00e1reas degradadas em uma din\u00e2mica diferenciada, que alia retorno financeiro respons\u00e1vel com benef\u00edcios sociais e ambientais.<\/span><\/p>\n<p dir=\"ltr\" style=\"text-align: justify;\"><span id=\"v1docs-internal-guid-0244fdcd-7fff-b747-1485-178e8651f4fd\">Por outro lado, se mal gerida, a biodiversidade cria condi\u00e7\u00f5es para o surgimento de novos v\u00edrus e doen\u00e7as, como a Covid-19, com profundos impactos econ\u00f4micos e de sa\u00fade tanto nos pa\u00edses ricos como nos pobres. \u201cAs mudan\u00e7as clim\u00e1ticas s\u00e3o fontes inesgot\u00e1veis de pandemias\u201d, concluiu o professor Carlos Nobre. O projeto ReVis\u00e3o 2050 tem o patroc\u00ednio da Vale e do Ita\u00fa, e conta com o apoio da ERM, KPMG, SESC e Sitawi.<\/span><\/p>\n<p dir=\"ltr\" style=\"text-align: justify;\"><span id=\"v1docs-internal-guid-0244fdcd-7fff-b747-1485-178e8651f4fd\">Pr\u00f3ximas agendas<\/span><\/p>\n<p dir=\"ltr\" style=\"text-align: justify;\"><span id=\"v1docs-internal-guid-0244fdcd-7fff-b747-1485-178e8651f4fd\">Com a crise do coronav\u00edrus, o CEBDS est\u00e1 realizando entre suas empresas associadas e especialistas multissetoriais discuss\u00f5es sobre a retomada dos neg\u00f3cios e o planejamento de longo prazo, revisitando os compromissos definidos no documento Vis\u00e3o Brasil 2050, lan\u00e7ado na Rio+20, em 2012. Est\u00e3o previstos ainda webinares para discutir Economia Circular e Cidades, com o intuito de pensar o futuro p\u00f3s-coronav\u00edrus.<\/span><\/p>\n<p dir=\"ltr\" style=\"text-align: justify;\"><span id=\"v1docs-internal-guid-0244fdcd-7fff-b747-1485-178e8651f4fd\">Os webinares contam com a participa\u00e7\u00e3o de representantes do terceiro setor e s\u00e3o realizados quinzenalmente \u00e0s quartas-feiras, de 8h \u00e0s 9h30, de forma gratuita e abertos ao p\u00fablico em geral.<\/span><\/p>\n<p dir=\"ltr\"><span id=\"v1docs-internal-guid-0244fdcd-7fff-b747-1485-178e8651f4fd\" style=\"color: #993300;\">PROGRAMA\u00c7\u00c3O COMPLETA:<\/span><\/p>\n<div dir=\"ltr\" align=\"left\">\n<table>\n<colgroup>\n<col width=\"86\" \/>\n<col width=\"138\" \/><\/colgroup>\n<tbody>\n<tr>\n<td>\n<p dir=\"ltr\"><span id=\"v1docs-internal-guid-0244fdcd-7fff-b747-1485-178e8651f4fd\" style=\"color: #0000ff;\">DATA<\/span><\/p>\n<\/td>\n<td>\n<p dir=\"ltr\"><span id=\"v1docs-internal-guid-0244fdcd-7fff-b747-1485-178e8651f4fd\" style=\"color: #0000ff;\">TEMA<\/span><\/p>\n<\/td>\n<\/tr>\n<tr>\n<td>\n<p dir=\"ltr\"><span id=\"v1docs-internal-guid-0244fdcd-7fff-b747-1485-178e8651f4fd\" style=\"color: #0000ff;\">22\/julho\u00a0<\/span><\/p>\n<\/td>\n<td>\n<p dir=\"ltr\"><span id=\"v1docs-internal-guid-0244fdcd-7fff-b747-1485-178e8651f4fd\" style=\"color: #0000ff;\">Economia Circular\u00a0<\/span><\/p>\n<\/td>\n<\/tr>\n<tr>\n<td>\n<p dir=\"ltr\"><span id=\"v1docs-internal-guid-0244fdcd-7fff-b747-1485-178e8651f4fd\" style=\"color: #0000ff;\">05\/agosto\u00a0<\/span><\/p>\n<\/td>\n<td>\n<p dir=\"ltr\"><span id=\"v1docs-internal-guid-0244fdcd-7fff-b747-1485-178e8651f4fd\" style=\"color: #0000ff;\">Cidades<\/span><\/p>\n<\/td>\n<\/tr>\n<\/tbody>\n<\/table>\n<p>Mais informa\u00e7\u00f5es: <span style=\"color: #0000ff;\"><a style=\"color: #0000ff;\" href=\"https:\/\/app.workr.com.br\/LinkOpen.aspx?mid=14f766a6-b9b1-4862-bc91-1bbd8602e54c&amp;lid=ljtQznXP+O9OsBmb6pcVlg==\" target=\"_blank\" rel=\"noopener noreferrer\">https:\/\/cebds.org\/<\/a><\/span><\/p>\n<\/div>\n","protected":false},"excerpt":{"rendered":"<p>Julho de 2020 \u2013 Especialistas e representantes de empresas alertam que existe um elevado potencial econ\u00f4mico e ainda n\u00e3o totalmente dimensionado da floresta em p\u00e9 e que aliar este enorme ativo com a tecnologia, agregando valor, \u00e9 o que pode colocar o Brasil numa posi\u00e7\u00e3o de destaque na nova economia. A biodiversidade \u00e9 considerada hoje [&hellip;]<\/p>\n","protected":false},"author":1,"featured_media":14003,"comment_status":"open","ping_status":"open","sticky":false,"template":"","format":"standard","meta":{"_uag_custom_page_level_css":"","footnotes":""},"categories":[37],"tags":[1422,2048,18850,18617,18846,18849,18847,10375,18848],"class_list":["post-14002","post","type-post","status-publish","format-standard","has-post-thumbnail","hentry","category-sustentabilidade","tag-biodiversidade","tag-cebds","tag-comunidades-quilombolas-e-indigenas","tag-covid-19","tag-floresta-em-alerta","tag-hectare-de-floresta-em-pe","tag-meio-ambiente-ameacado","tag-rio-de-janeiro","tag-servicos-ecossistemicos"],"blocksy_meta":[],"spectra_blocks_featured_image_url":{"thumbnail":{"url":"https:\/\/construcaocivil.siriusmarketingedesign.com.br\/wp-content\/uploads\/2020\/07\/CEBDES-150x150.jpg","width":150,"height":150},"medium":{"url":"https:\/\/construcaocivil.siriusmarketingedesign.com.br\/wp-content\/uploads\/2020\/07\/CEBDES-300x200.jpg","width":300,"height":200},"medium_large":{"url":"https:\/\/construcaocivil.siriusmarketingedesign.com.br\/wp-content\/uploads\/2020\/07\/CEBDES-768x512.jpg","width":768,"height":512},"large":{"url":"https:\/\/construcaocivil.siriusmarketingedesign.com.br\/wp-content\/uploads\/2020\/07\/CEBDES.jpg","width":1024,"height":682},"full":{"url":"https:\/\/construcaocivil.siriusmarketingedesign.com.br\/wp-content\/uploads\/2020\/07\/CEBDES.jpg","width":1024,"height":682}},"spectra_blocks_author_info":{"display_name":"Jornal da Constru\u00e7\u00e3o Civil","avatar_url":"https:\/\/secure.gravatar.com\/avatar\/973c9774fd44ddaceb026973c4962faa70fc512bc4c9da68e8ebb40fecee6540?s=96&d=mm&r=g","author_link":"https:\/\/construcaocivil.siriusmarketingedesign.com.br\/?author=1","description":"Desde de 2013, levando muitas informa\u00e7\u00f5es, lan\u00e7amentos e produtos de qualidade para toda cadeia produtiva da constru\u00e7\u00e3o. O Futuro da constru\u00e7\u00e3o passa por aqui,"},"uagb_featured_image_src":{"full":["https:\/\/construcaocivil.siriusmarketingedesign.com.br\/wp-content\/uploads\/2020\/07\/CEBDES.jpg",1024,682,false],"thumbnail":["https:\/\/construcaocivil.siriusmarketingedesign.com.br\/wp-content\/uploads\/2020\/07\/CEBDES-150x150.jpg",150,150,true],"medium":["https:\/\/construcaocivil.siriusmarketingedesign.com.br\/wp-content\/uploads\/2020\/07\/CEBDES-300x200.jpg",300,200,true],"medium_large":["https:\/\/construcaocivil.siriusmarketingedesign.com.br\/wp-content\/uploads\/2020\/07\/CEBDES-768x512.jpg",768,512,true],"large":["https:\/\/construcaocivil.siriusmarketingedesign.com.br\/wp-content\/uploads\/2020\/07\/CEBDES.jpg",1024,682,false],"1536x1536":["https:\/\/construcaocivil.siriusmarketingedesign.com.br\/wp-content\/uploads\/2020\/07\/CEBDES.jpg",1024,682,false],"2048x2048":["https:\/\/construcaocivil.siriusmarketingedesign.com.br\/wp-content\/uploads\/2020\/07\/CEBDES.jpg",1024,682,false]},"uagb_author_info":{"display_name":"Jornal da Constru\u00e7\u00e3o Civil","author_link":"https:\/\/construcaocivil.siriusmarketingedesign.com.br\/?author=1"},"uagb_comment_info":0,"uagb_excerpt":"Julho de 2020 \u2013 Especialistas e representantes de empresas alertam que existe um elevado potencial econ\u00f4mico e ainda n\u00e3o totalmente dimensionado da floresta em p\u00e9 e que aliar este enorme ativo com a tecnologia, agregando valor, \u00e9 o que pode colocar o Brasil numa posi\u00e7\u00e3o de destaque na nova economia. A biodiversidade \u00e9 considerada hoje&hellip;","_links":{"self":[{"href":"https:\/\/construcaocivil.siriusmarketingedesign.com.br\/index.php?rest_route=\/wp\/v2\/posts\/14002","targetHints":{"allow":["GET"]}}],"collection":[{"href":"https:\/\/construcaocivil.siriusmarketingedesign.com.br\/index.php?rest_route=\/wp\/v2\/posts"}],"about":[{"href":"https:\/\/construcaocivil.siriusmarketingedesign.com.br\/index.php?rest_route=\/wp\/v2\/types\/post"}],"author":[{"embeddable":true,"href":"https:\/\/construcaocivil.siriusmarketingedesign.com.br\/index.php?rest_route=\/wp\/v2\/users\/1"}],"replies":[{"embeddable":true,"href":"https:\/\/construcaocivil.siriusmarketingedesign.com.br\/index.php?rest_route=%2Fwp%2Fv2%2Fcomments&post=14002"}],"version-history":[{"count":0,"href":"https:\/\/construcaocivil.siriusmarketingedesign.com.br\/index.php?rest_route=\/wp\/v2\/posts\/14002\/revisions"}],"wp:featuredmedia":[{"embeddable":true,"href":"https:\/\/construcaocivil.siriusmarketingedesign.com.br\/index.php?rest_route=\/wp\/v2\/media\/14003"}],"wp:attachment":[{"href":"https:\/\/construcaocivil.siriusmarketingedesign.com.br\/index.php?rest_route=%2Fwp%2Fv2%2Fmedia&parent=14002"}],"wp:term":[{"taxonomy":"category","embeddable":true,"href":"https:\/\/construcaocivil.siriusmarketingedesign.com.br\/index.php?rest_route=%2Fwp%2Fv2%2Fcategories&post=14002"},{"taxonomy":"post_tag","embeddable":true,"href":"https:\/\/construcaocivil.siriusmarketingedesign.com.br\/index.php?rest_route=%2Fwp%2Fv2%2Ftags&post=14002"}],"curies":[{"name":"wp","href":"https:\/\/api.w.org\/{rel}","templated":true}]}}