{"id":1407,"date":"2016-04-18T18:06:13","date_gmt":"2016-04-18T18:06:13","guid":{"rendered":"http:\/\/www.jornaldaconstrucaocivil.com.br\/?p=1407"},"modified":"2016-04-18T18:06:13","modified_gmt":"2016-04-18T18:06:13","slug":"decoracao-tons-terrosos-e-pecas-de-madeira-aquecem-as-estacoes-frias","status":"publish","type":"post","link":"https:\/\/construcaocivil.siriusmarketingedesign.com.br\/?p=1407","title":{"rendered":"Decora\u00e7\u00e3o: Tons terrosos e pe\u00e7as de madeira aquecem as esta\u00e7\u00f5es frias"},"content":{"rendered":"<p><strong><span style=\"color: #0000ff;\">Designer da LojasKD mostra como compor ambientes no inverno<\/span><\/strong><\/p>\n<p><span style=\"color: #000000;\">Com a aproxima\u00e7\u00e3o das esta\u00e7\u00f5es mais frias, a designer da LojasKD <span style=\"color: #0000ff;\">(www.lojaskd.com.br)<\/span>, Andressa Savi, separou algumas dicas para deixar os ambientes mais aconchegantes e quentinhos. Entre os elementos que n\u00e3o podem faltar para as novas composi\u00e7\u00f5es de outono e inverno est\u00e3o os tons terrosos \u2013 como marrom, vermelho, amarelo e bege \u2013 e as pe\u00e7as em madeira, sejam elas pisos, m\u00f3veis ou objetos decorativos.<\/span><\/p>\n<figure id=\"attachment_1408\" aria-describedby=\"caption-attachment-1408\" style=\"width: 300px\" class=\"wp-caption alignleft\"><a href=\"http:\/\/www.jornaldaconstrucaocivil.com.br\/wp-content\/uploads\/2016\/04\/MADEIRA.jpg\"><img loading=\"lazy\" decoding=\"async\" class=\"wp-image-1408 size-medium\" src=\"http:\/\/www.jornaldaconstrucaocivil.com.br\/wp-content\/uploads\/2016\/04\/MADEIRA-300x180.jpg\" alt=\"MADEIRA\" width=\"300\" height=\"180\" \/><\/a><figcaption id=\"caption-attachment-1408\" class=\"wp-caption-text\"><span style=\"color: #003300;\">D\u00e9cor Outono-Inverno: Sala de estar \/ Cr\u00e9dito: <span style=\"color: #ff0000;\">Divulga\u00e7\u00e3o LojasKD<\/span><\/span><\/figcaption><\/figure>\n<p>Apostar na aplica\u00e7\u00e3o dos tons terrosos nas paredes e revestimentos e em um mobili\u00e1rio que siga as varia\u00e7\u00f5es crom\u00e1ticas desses elementos \u00e9 a escolha certa se o que se busca \u00e9 conforto e calor. J\u00e1 a madeira \u201c\u00e9 um material cuja temperatura n\u00e3o varia de acordo com o ambiente e, por isso, tende a ser quente mesmo quando o clima est\u00e1 frio. \u00c9 a op\u00e7\u00e3o certa para o inverno\u201d, explica Andressa.<\/p>\n<p>Tais tend\u00eancias podem ser trabalhadas em qualquer c\u00f4modo da casa. No entanto, \u00e9 recomend\u00e1vel que as mudan\u00e7as sejam realizadas principalmente na sala de estar e nos quartos porque \u201cs\u00e3o os ambientes em que mais precisamos de aconchego\u201d, comenta a especialista da <span style=\"color: #800000;\">LojasKD<\/span>. Caso pretenda-se redecorar a cozinha ou o banheiro, \u00e9 preciso pensar tamb\u00e9m na praticidade e limpeza. Os modernos revestimentos de cer\u00e2mica com textura de madeira s\u00e3o escolhas certeiras. Quanto a como harmonizar elementos que comp\u00f5em o ambiente \u2013 como piso, paredes, mobili\u00e1rio e outras pe\u00e7as \u2013 Andressa esclarece que o modo mais f\u00e1cil \u00e9 por meio de similaridades e contrastes.<\/p>\n<p>Quanto \u00e0 primeira alternativa, trabalhar tons parecidos e o tom sobre tom \u00e9 o segredo. J\u00e1 a segunda exige que uma cor \u2018base\u2019 e uma cor de \u2018contraste\u2019 sejam utilizadas paralelamente. \u201cUma vez que a cor \u2018base\u2019 \u00e9 escolhida para as paredes, piso e m\u00f3veis, a cor \u2018contraste\u2019 ser\u00e1 aplicada em objetos, detalhes, paredes menores e m\u00f3veis pequenos, por exemplo\u201d, orienta a designer.<\/p>\n<p><span style=\"color: #000000;\">Para quem quer apostar nos objetos d\u00e9cor, Andressa d\u00e1 a dica: \u201cuma combina\u00e7\u00e3o de carpete de madeira mais escuro, com paredes vinho s\u00e3o excelentes aplica\u00e7\u00f5es para come\u00e7ar. Ent\u00e3o, contrastar um sof\u00e1 de quatro lugares bege com almofadas em diferentes tons de vermelho e um belo quadro ao fundo da cena finaliza o ambiente de inverno com conforto e sofistica\u00e7\u00e3o\u201d.<\/span><\/p>\n<p>Fonte: <a style=\"color: #0000ff;\" href=\"http:\/\/www.lojaskd.com.br\">www.lojaskd.com.br<\/a><\/p>\n","protected":false},"excerpt":{"rendered":"<p>Designer da LojasKD mostra como compor ambientes no inverno Com a aproxima\u00e7\u00e3o das esta\u00e7\u00f5es mais frias, a designer da LojasKD (www.lojaskd.com.br), Andressa Savi, separou algumas dicas para deixar os ambientes mais aconchegantes e quentinhos. Entre os elementos que n\u00e3o podem faltar para as novas composi\u00e7\u00f5es de outono e inverno est\u00e3o os tons terrosos \u2013 como [&hellip;]<\/p>\n","protected":false},"author":1,"featured_media":1408,"comment_status":"open","ping_status":"open","sticky":false,"template":"","format":"standard","meta":{"_uag_custom_page_level_css":"","footnotes":""},"categories":[28],"tags":[722,3390,3392,3542,6300,7018,7124,7909,8754],"class_list":["post-1407","post","type-post","status-publish","format-standard","has-post-thumbnail","hentry","category-arquitetura","tag-andressa-savi","tag-decor","tag-decoracao","tag-designer","tag-inverno","tag-lojaskd","tag-madeiras","tag-moveis","tag-pecas"],"blocksy_meta":[],"spectra_blocks_featured_image_url":[],"spectra_blocks_author_info":{"display_name":"Jornal da Constru\u00e7\u00e3o Civil","avatar_url":"https:\/\/secure.gravatar.com\/avatar\/973c9774fd44ddaceb026973c4962faa70fc512bc4c9da68e8ebb40fecee6540?s=96&d=mm&r=g","author_link":"https:\/\/construcaocivil.siriusmarketingedesign.com.br\/?author=1","description":"Desde de 2013, levando muitas informa\u00e7\u00f5es, lan\u00e7amentos e produtos de qualidade para toda cadeia produtiva da constru\u00e7\u00e3o. O Futuro da constru\u00e7\u00e3o passa por aqui,"},"uagb_featured_image_src":{"full":false,"thumbnail":false,"medium":false,"medium_large":false,"large":false,"1536x1536":false,"2048x2048":false},"uagb_author_info":{"display_name":"Jornal da Constru\u00e7\u00e3o Civil","author_link":"https:\/\/construcaocivil.siriusmarketingedesign.com.br\/?author=1"},"uagb_comment_info":0,"uagb_excerpt":"Designer da LojasKD mostra como compor ambientes no inverno Com a aproxima\u00e7\u00e3o das esta\u00e7\u00f5es mais frias, a designer da LojasKD (www.lojaskd.com.br), Andressa Savi, separou algumas dicas para deixar os ambientes mais aconchegantes e quentinhos. Entre os elementos que n\u00e3o podem faltar para as novas composi\u00e7\u00f5es de outono e inverno est\u00e3o os tons terrosos \u2013 como&hellip;","_links":{"self":[{"href":"https:\/\/construcaocivil.siriusmarketingedesign.com.br\/index.php?rest_route=\/wp\/v2\/posts\/1407","targetHints":{"allow":["GET"]}}],"collection":[{"href":"https:\/\/construcaocivil.siriusmarketingedesign.com.br\/index.php?rest_route=\/wp\/v2\/posts"}],"about":[{"href":"https:\/\/construcaocivil.siriusmarketingedesign.com.br\/index.php?rest_route=\/wp\/v2\/types\/post"}],"author":[{"embeddable":true,"href":"https:\/\/construcaocivil.siriusmarketingedesign.com.br\/index.php?rest_route=\/wp\/v2\/users\/1"}],"replies":[{"embeddable":true,"href":"https:\/\/construcaocivil.siriusmarketingedesign.com.br\/index.php?rest_route=%2Fwp%2Fv2%2Fcomments&post=1407"}],"version-history":[{"count":0,"href":"https:\/\/construcaocivil.siriusmarketingedesign.com.br\/index.php?rest_route=\/wp\/v2\/posts\/1407\/revisions"}],"wp:attachment":[{"href":"https:\/\/construcaocivil.siriusmarketingedesign.com.br\/index.php?rest_route=%2Fwp%2Fv2%2Fmedia&parent=1407"}],"wp:term":[{"taxonomy":"category","embeddable":true,"href":"https:\/\/construcaocivil.siriusmarketingedesign.com.br\/index.php?rest_route=%2Fwp%2Fv2%2Fcategories&post=1407"},{"taxonomy":"post_tag","embeddable":true,"href":"https:\/\/construcaocivil.siriusmarketingedesign.com.br\/index.php?rest_route=%2Fwp%2Fv2%2Ftags&post=1407"}],"curies":[{"name":"wp","href":"https:\/\/api.w.org\/{rel}","templated":true}]}}