{"id":14079,"date":"2020-07-17T16:21:56","date_gmt":"2020-07-17T19:21:56","guid":{"rendered":"https:\/\/www.jornaldaconstrucaocivil.com.br\/?p=14079"},"modified":"2020-07-17T16:21:56","modified_gmt":"2020-07-17T19:21:56","slug":"socorro-tardio-governo-edita-medida-provisoria-com-nova-linha-de-credito-para-pequenas-e-medias-empresas","status":"publish","type":"post","link":"https:\/\/construcaocivil.siriusmarketingedesign.com.br\/?p=14079","title":{"rendered":"Socorro tardio ! Governo edita medida provis\u00f3ria com nova linha de cr\u00e9dito para pequenas e m\u00e9dias empresas"},"content":{"rendered":"<p><span style=\"color: #993300;\">Julho, 2020<\/span> &#8211; A Medida Provis\u00f3ria 992\/20 cria o programa Capital de Giro para Preserva\u00e7\u00e3o de Empresas (CGPE), uma linha de cr\u00e9dito com vig\u00eancia at\u00e9 o final do ano destinada a microempresas e empresas com faturamento de at\u00e9 R$ 300 milh\u00f5es por ano.<\/p>\n<p>Os recursos sair\u00e3o de bancos e outras institui\u00e7\u00f5es financeiras que aderirem ao CGPE. A MP deixa claro que o novo programa n\u00e3o contar\u00e1 com recursos p\u00fablicos.<\/p>\n<p>Caber\u00e1 ao Conselho Monet\u00e1rio Nacional (CMN) definir as condi\u00e7\u00f5es gerais da nova linha, como prazos e distribui\u00e7\u00e3o dos recursos por porte das empresas. Em junho, o Banco Central (BC), que vinha estudando a medida, informou que os empr\u00e9stimos ter\u00e3o prazo m\u00ednimo de tr\u00eas anos, com car\u00eancia de seis meses.<\/p>\n<p>Como est\u00edmulo \u00e0 participa\u00e7\u00e3o dos bancos no programa, a MP concede um benef\u00edcio fiscal \u00e0s institui\u00e7\u00f5es financeiras: elas poder\u00e3o apurar, de 2021 a 2025, cr\u00e9dito presumido sobre os valores desembolsados no \u00e2mbito do CGPE e sobre certas provis\u00f5es que os bancos s\u00e3o obrigadas a manter em caixa para cobrir eventuais despesas futuras.<\/p>\n<p>Essas provis\u00f5es somam cerca de R$ 120 bilh\u00f5es, segundo nota divulgada ontem pelo BC, e poder\u00e3o ser canalizadas agora para o capital de giro dos pequenos empreendimentos.<\/p>\n<p>O cr\u00e9dito presumido incidir\u00e1 sobre o Imposto de Renda e a <span id=\"4154\" class=\"termoGlossario\" title=\"\" contenteditable=\"false\" data-toggle=\"tooltip\" data-placement=\"top\" data-original-title=\"Tributo a ser pago \u00e0 Receita Federal por pessoas jur\u00eddicas domiciliadas no Pa\u00eds e por empresas que lhes s\u00e3o equiparadas pela legisla\u00e7\u00e3o do Imposto de Renda. A CSLL ser\u00e1 determinada mediante aplica\u00e7\u00e3o da al\u00edquota de 9% sobre o resultado ajustado, presumido ou arbitrado. Essa contribui\u00e7\u00e3o tamb\u00e9m incide sobre os lucros obtidos no exterior.\">Contribui\u00e7\u00e3o Social sobre o Lucro L\u00edquido<\/span> (CSLL). Os bancos poder\u00e3o pedir ressarcimento dos tributos, que poder\u00e1 ser em esp\u00e9cie ou em t\u00edtulos da d\u00edvida p\u00fablica mobili\u00e1ria federal, a crit\u00e9rio do ministro da Economia.<\/p>\n<p>O BC afirmou que o programa complementa medidas anteriores de combate aos efeitos econ\u00f4micos da Covid-19 sobre os pequenos empreendimentos (como as MPs <span style=\"color: #0000ff;\"><a style=\"color: #0000ff;\" href=\"https:\/\/www.camara.leg.br\/noticias\/672469-CAMARA-APROVA-MP-QUE-PREVE-CREDITO-PARA-PEQUENAS-E-MEDIAS-EMPRESAS-PAGAREM-SALARIOS\">944\/20<\/a><\/span> e<span style=\"color: #0000ff;\"> <a style=\"color: #0000ff;\" href=\"https:\/\/www.camara.leg.br\/noticias\/675166-CAMARA-APROVA-MP-QUE-FACILITA-CREDITO-A-PEQUENAS-E-MEDIAS-EMPRESAS\">975\/20<\/a><\/span>).<\/p>\n<p>Desde o in\u00edcio da pandemia, o governo vem encontrando dificuldade para estimular o cr\u00e9dito \u00e0s pequenas e m\u00e9dias empresas.<\/p>\n<p><strong>Im\u00f3vel<\/strong><br \/>\nA MP 992 traz outras medidas de apoio ao cr\u00e9dito banc\u00e1rio que tamb\u00e9m vinham sendo analisadas pelo BC. O texto permite que um im\u00f3vel seja oferecido em garantia para mais de uma opera\u00e7\u00e3o de cr\u00e9dito. As novas opera\u00e7\u00f5es dever\u00e3o ser contratadas com o mesmo credor da opera\u00e7\u00e3o original, desde que ele concorde. A regra foi inclu\u00edda na <a href=\"https:\/\/www2.camara.leg.br\/legin\/fed\/lei\/2017\/lei-13476-28-agosto-2017-785408-norma-pl.html\">Lei 13.476\/17<\/a>, que trata da constitui\u00e7\u00e3o de garantias em opera\u00e7\u00f5es realizadas no mercado financeiro.<\/p>\n<p>O compartilhamento da aliena\u00e7\u00e3o fiduci\u00e1ria dever\u00e1 ser averbado em cart\u00f3rio de registro de im\u00f3veis. O texto estabelece que a liquida\u00e7\u00e3o antecipada de uma das opera\u00e7\u00f5es n\u00e3o obriga o devedor a liquidar as demais.<\/p>\n<p>Para proteger o credor, a MP determina que ser\u00e1 exig\u00edvel a totalidade da d\u00edvida em caso de inadimpl\u00eancia ou despejo do devedor do im\u00f3vel.<\/p>\n<p>O BC afirmou em nota que a vantagem do compartilhamento da aliena\u00e7\u00e3o fiduci\u00e1ria \u00e9 que \u201cdevido \u00e0 qualidade desta modalidade de garantia, as novas opera\u00e7\u00f5es tendem a ser contratadas em prazos e juros mais favor\u00e1veis ao tomador, se comparadas a outras modalidades de cr\u00e9dito sem garantia\u201d.<\/p>\n<p><strong>Or\u00e7amento de guerra<\/strong><br \/>\nO \u00faltimo ponto da MP 992 dispensa as empresas que venderem t\u00edtulos privados para o BC de apresentar certid\u00f5es negativas de regularidade com o poder p\u00fablico.<\/p>\n<p>A possibilidade de o BC comprar t\u00edtulos privados foi criada pela <a href=\"https:\/\/www2.camara.leg.br\/legin\/fed\/emecon\/2020\/emendaconstitucional-106-7-maio-2020-790165-norma-pl.html\">Emenda Constitucional 106<\/a>, conhecida como emenda do or\u00e7amento de guerra. Os t\u00edtulos s\u00e3o comprados em mercado secund\u00e1rio, e n\u00e3o diretamente das empresas.<\/p>\n<p>O BC afirmou que a dispensa de apresenta\u00e7\u00e3o de documentos comprobat\u00f3rios visa dar efetividade e agilidade \u00e0 realiza\u00e7\u00e3o das opera\u00e7\u00f5es, \u201cvoltadas ao pronto enfrentamento da calamidade p\u00fablica nacional, e de seus impactos no sistema econ\u00f4mico, em benef\u00edcio do setor produtivo real, do emprego e da renda do trabalhador.\u201d<\/p>\n<p><strong>Tramita\u00e7\u00e3o<\/strong><br \/>\nA medida provis\u00f3ria, publicada no Di\u00e1rio Oficial nesta quinta-feira (16), poder\u00e1 receber emendas de deputados e senadores at\u00e9 o dia 20 (segunda-feira). Depois, a MP 992 ser\u00e1 analisada no Plen\u00e1rio da C\u00e2mara, <a href=\"https:\/\/www.camara.leg.br\/noticias\/650212-medidas-provisorias-serao-votadas-em-ate-16-dias-durante-periodo-da-pandemia\/\">conforme o rito sum\u00e1rio<\/a> de tramita\u00e7\u00e3o definido pelo Congresso Nacional durante o per\u00edodo de calamidade p\u00fablica.<\/p>\n<p>Fonte: Ag\u00eancia C\u00e2mara de Not\u00edcias<\/p>\n","protected":false},"excerpt":{"rendered":"<p>Julho, 2020 &#8211; A Medida Provis\u00f3ria 992\/20 cria o programa Capital de Giro para Preserva\u00e7\u00e3o de Empresas (CGPE), uma linha de cr\u00e9dito com vig\u00eancia at\u00e9 o final do ano destinada a microempresas e empresas com faturamento de at\u00e9 R$ 300 milh\u00f5es por ano. Os recursos sair\u00e3o de bancos e outras institui\u00e7\u00f5es financeiras que aderirem ao [&hellip;]<\/p>\n","protected":false},"author":1,"featured_media":14081,"comment_status":"open","ping_status":"open","sticky":false,"template":"","format":"standard","meta":{"_uag_custom_page_level_css":"","footnotes":""},"categories":[33],"tags":[18935,18937,1248,18936,16700,18938,14985],"class_list":["post-14079","post","type-post","status-publish","format-standard","has-post-thumbnail","hentry","category-mercado","tag-20-mil-lojas-fechadas-em-sao-paulo","tag-5-mil-lojas-fechadas-no-rio-de-janeiro","tag-banco-central","tag-bancos-travam-credito","tag-camara-dos-deputados-federais","tag-medida-provisoria-992-20","tag-ministerio-da-economia"],"blocksy_meta":[],"spectra_blocks_featured_image_url":{"thumbnail":{"url":"https:\/\/construcaocivil.siriusmarketingedesign.com.br\/wp-content\/uploads\/2020\/07\/COMERCIO-150x150.jpg","width":150,"height":150},"medium":{"url":"https:\/\/construcaocivil.siriusmarketingedesign.com.br\/wp-content\/uploads\/2020\/07\/COMERCIO-300x175.jpg","width":300,"height":175},"medium_large":{"url":"https:\/\/construcaocivil.siriusmarketingedesign.com.br\/wp-content\/uploads\/2020\/07\/COMERCIO-768x448.jpg","width":768,"height":448},"large":{"url":"https:\/\/construcaocivil.siriusmarketingedesign.com.br\/wp-content\/uploads\/2020\/07\/COMERCIO-1024x597.jpg","width":1024,"height":597},"full":{"url":"https:\/\/construcaocivil.siriusmarketingedesign.com.br\/wp-content\/uploads\/2020\/07\/COMERCIO.jpg","width":2048,"height":1194}},"spectra_blocks_author_info":{"display_name":"Jornal da Constru\u00e7\u00e3o Civil","avatar_url":"https:\/\/secure.gravatar.com\/avatar\/973c9774fd44ddaceb026973c4962faa70fc512bc4c9da68e8ebb40fecee6540?s=96&d=mm&r=g","author_link":"https:\/\/construcaocivil.siriusmarketingedesign.com.br\/?author=1","description":"Desde de 2013, levando muitas informa\u00e7\u00f5es, lan\u00e7amentos e produtos de qualidade para toda cadeia produtiva da constru\u00e7\u00e3o. O Futuro da constru\u00e7\u00e3o passa por aqui,"},"uagb_featured_image_src":{"full":["https:\/\/construcaocivil.siriusmarketingedesign.com.br\/wp-content\/uploads\/2020\/07\/COMERCIO.jpg",2048,1194,false],"thumbnail":["https:\/\/construcaocivil.siriusmarketingedesign.com.br\/wp-content\/uploads\/2020\/07\/COMERCIO-150x150.jpg",150,150,true],"medium":["https:\/\/construcaocivil.siriusmarketingedesign.com.br\/wp-content\/uploads\/2020\/07\/COMERCIO-300x175.jpg",300,175,true],"medium_large":["https:\/\/construcaocivil.siriusmarketingedesign.com.br\/wp-content\/uploads\/2020\/07\/COMERCIO-768x448.jpg",768,448,true],"large":["https:\/\/construcaocivil.siriusmarketingedesign.com.br\/wp-content\/uploads\/2020\/07\/COMERCIO-1024x597.jpg",1024,597,true],"1536x1536":["https:\/\/construcaocivil.siriusmarketingedesign.com.br\/wp-content\/uploads\/2020\/07\/COMERCIO-1536x896.jpg",1536,896,true],"2048x2048":["https:\/\/construcaocivil.siriusmarketingedesign.com.br\/wp-content\/uploads\/2020\/07\/COMERCIO.jpg",2048,1194,false]},"uagb_author_info":{"display_name":"Jornal da Constru\u00e7\u00e3o Civil","author_link":"https:\/\/construcaocivil.siriusmarketingedesign.com.br\/?author=1"},"uagb_comment_info":0,"uagb_excerpt":"Julho, 2020 &#8211; A Medida Provis\u00f3ria 992\/20 cria o programa Capital de Giro para Preserva\u00e7\u00e3o de Empresas (CGPE), uma linha de cr\u00e9dito com vig\u00eancia at\u00e9 o final do ano destinada a microempresas e empresas com faturamento de at\u00e9 R$ 300 milh\u00f5es por ano. Os recursos sair\u00e3o de bancos e outras institui\u00e7\u00f5es financeiras que aderirem ao&hellip;","_links":{"self":[{"href":"https:\/\/construcaocivil.siriusmarketingedesign.com.br\/index.php?rest_route=\/wp\/v2\/posts\/14079","targetHints":{"allow":["GET"]}}],"collection":[{"href":"https:\/\/construcaocivil.siriusmarketingedesign.com.br\/index.php?rest_route=\/wp\/v2\/posts"}],"about":[{"href":"https:\/\/construcaocivil.siriusmarketingedesign.com.br\/index.php?rest_route=\/wp\/v2\/types\/post"}],"author":[{"embeddable":true,"href":"https:\/\/construcaocivil.siriusmarketingedesign.com.br\/index.php?rest_route=\/wp\/v2\/users\/1"}],"replies":[{"embeddable":true,"href":"https:\/\/construcaocivil.siriusmarketingedesign.com.br\/index.php?rest_route=%2Fwp%2Fv2%2Fcomments&post=14079"}],"version-history":[{"count":0,"href":"https:\/\/construcaocivil.siriusmarketingedesign.com.br\/index.php?rest_route=\/wp\/v2\/posts\/14079\/revisions"}],"wp:featuredmedia":[{"embeddable":true,"href":"https:\/\/construcaocivil.siriusmarketingedesign.com.br\/index.php?rest_route=\/wp\/v2\/media\/14081"}],"wp:attachment":[{"href":"https:\/\/construcaocivil.siriusmarketingedesign.com.br\/index.php?rest_route=%2Fwp%2Fv2%2Fmedia&parent=14079"}],"wp:term":[{"taxonomy":"category","embeddable":true,"href":"https:\/\/construcaocivil.siriusmarketingedesign.com.br\/index.php?rest_route=%2Fwp%2Fv2%2Fcategories&post=14079"},{"taxonomy":"post_tag","embeddable":true,"href":"https:\/\/construcaocivil.siriusmarketingedesign.com.br\/index.php?rest_route=%2Fwp%2Fv2%2Ftags&post=14079"}],"curies":[{"name":"wp","href":"https:\/\/api.w.org\/{rel}","templated":true}]}}