{"id":14112,"date":"2020-07-23T14:39:25","date_gmt":"2020-07-23T17:39:25","guid":{"rendered":"https:\/\/www.jornaldaconstrucaocivil.com.br\/?p=14112"},"modified":"2020-07-23T14:39:25","modified_gmt":"2020-07-23T17:39:25","slug":"seconci-sp-alerta-para-aumento-dos-casos-de-violencia-domestica-durante-a-quarentena","status":"publish","type":"post","link":"https:\/\/construcaocivil.siriusmarketingedesign.com.br\/?p=14112","title":{"rendered":"Seconci-SP alerta para aumento dos casos de viol\u00eancia dom\u00e9stica durante a quarentena"},"content":{"rendered":"<div style=\"text-align: justify;\"><span style=\"color: #0000ff;\">S\u00e3o Paulo, 22 de julho de 2020<\/span> &#8211;\u00a0Dados de diversas entidades apontam para um aumento nos casos de viol\u00eancia dom\u00e9stica envolvendo mulheres, menores e idosos durante a quarenta imposta pela pandemia da Covid-19. A Central de Atendimento \u00e0 Mulher em Situa\u00e7\u00e3o de Viol\u00eancia, por exemplo, revelou que as den\u00fancias de agress\u00e3o entre mar\u00e7o e abril de 2020 cresceram em 34%.<\/p>\n<\/div>\n<div style=\"text-align: justify;\">Angela Nogueira, coordenadora administrativa do Servi\u00e7o Social do\u00a0<a href=\"https:\/\/yvegeenenislale.i-mpr.com\/link.php?code=bDpodHRwJTNBJTJGJTJGd3d3LnNlY29uY2ktc3Aub3JnLmJyJTJGOjE0Nzk4MDQyNzI6d2Vib2JyYXNAZ21haWwuY29tOjUzYWQ0ZQ==\" target=\"_blank\" rel=\"noopener noreferrer\" data-saferedirecturl=\"https:\/\/www.google.com\/url?q=https:\/\/yvegeenenislale.i-mpr.com\/link.php?code%3DbDpodHRwJTNBJTJGJTJGd3d3LnNlY29uY2ktc3Aub3JnLmJyJTJGOjE0Nzk4MDQyNzI6d2Vib2JyYXNAZ21haWwuY29tOjUzYWQ0ZQ%3D%3D&amp;source=gmail&amp;ust=1595611613624000&amp;usg=AFQjCNFNetRWBoI4SrAEHyvbd0oWtUuvjA\">Seconci -SP\u00a0<\/a>(Servi\u00e7o Social da Constru\u00e7\u00e3o), alerta que a viol\u00eancia dom\u00e9stica pode deixar sequelas. &#8220;Muitas vezes, o agressor n\u00e3o se enxerga dessa forma e normaliza esse tipo de comportamento. O lar deve ser, em teoria, o local mais seguro e acolhedor, mas muitas pessoas convivem com medo e inseguran\u00e7a, o que pode acarretar doen\u00e7as f\u00edsicas e emocionais&#8221;, explica.<\/p>\n<\/div>\n<div style=\"text-align: justify;\">A pandemia tem influ\u00eancia direta no aumento do estresse das pessoas, uma vez que o v\u00edrus pode ser letal. Para o psiquiatra da entidade, dr. Clemente Soares Neto, vivemos uma situa\u00e7\u00e3o constante de amea\u00e7a. &#8220;O coronav\u00edrus tem amea\u00e7ado nossas vidas. Estamos vivenciando uma situa\u00e7\u00e3o em que o nosso corpo, por meio de rea\u00e7\u00f5es hormonais, est\u00e1 se preparando para se defender. Esse processo nos deixa mais reativos e sens\u00edveis. O conv\u00edvio cotidiano, por sua vez, deixa em evid\u00eancia desajustes comportamentais que j\u00e1 existiam, mas eram aliviados pelo conv\u00edvio social&#8221;, ressalta o especialista.<\/p>\n<\/div>\n<div style=\"text-align: justify;\">As quest\u00f5es financeiras e o desemprego tendem a aumentar o n\u00edvel de tens\u00e3o, bem como a preocupa\u00e7\u00e3o com a sa\u00fade. Outro fator que contribui para esse cen\u00e1rio \u00e9 a sobrecarga de trabalho. &#8220;Durante a quarentena podemos notar que o fluxo de trabalho das pessoas aumentou de forma geral. Al\u00e9m disso, a carga de trabalho dom\u00e9stico tamb\u00e9m cresceu, principalmente para mulher, que devido \u00e0 cultura machista, normalmente n\u00e3o tem ajuda dos filhos e marido. Esses fatores somados causam irritabilidade, o que, por consequ\u00eancia, podem gerar agress\u00f5es f\u00edsicas, morais, sexuais, entre outras&#8221;, afirma o dr. Soares.<\/p>\n<\/div>\n<div style=\"text-align: justify;\">Idosos, crian\u00e7as e adolescentes tamb\u00e9m s\u00e3o considerados como grupos vulner\u00e1veis a sofrerem com esse tipo de agress\u00e3o, segundo Angela. &#8220;Com o isolamento, crian\u00e7as e adolescentes podem estar vivendo uma rotina de maus tratos e muitas vezes o agressor \u00e9 o respons\u00e1vel legal. A terceira idade tamb\u00e9m costuma sofrer com a viol\u00eancia f\u00edsica, psicol\u00f3gica, patrimonial, entre outras&#8221;.<\/p>\n<\/div>\n<div style=\"text-align: justify;\">Atento ao cen\u00e1rio, o Seconci-SP disponibiliza atendimento de todos os seus especialistas para dar suporte \u00e0s v\u00edtimas de viol\u00eancia dom\u00e9stica. A entidade orienta todos os seus colaboradores a procurarem profissionais da sa\u00fade para acompanhamentos psicol\u00f3gicos e psiqui\u00e1tricos, al\u00e9m de orientar sobre os canais de den\u00fancia. As mulheres v\u00edtimas de agress\u00f5es podem recorrer \u00e0 Central de Atendimento \u00e0 Mulher, por meio do n\u00famero de telefone 180. J\u00e1 crian\u00e7as e adolescentes s\u00e3o orientadas a acionar a Pol\u00edcia Militar por meio do telefone 190, enquanto idosos podem recorrer ao canal Disque 100.<\/div>\n<p>&nbsp;<\/p>\n<p>Fonte: SECONCI-SP<\/p>\n","protected":false},"excerpt":{"rendered":"<p>S\u00e3o Paulo, 22 de julho de 2020 &#8211;\u00a0Dados de diversas entidades apontam para um aumento nos casos de viol\u00eancia dom\u00e9stica envolvendo mulheres, menores e idosos durante a quarenta imposta pela pandemia da Covid-19. A Central de Atendimento \u00e0 Mulher em Situa\u00e7\u00e3o de Viol\u00eancia, por exemplo, revelou que as den\u00fancias de agress\u00e3o entre mar\u00e7o e abril [&hellip;]<\/p>\n","protected":false},"author":1,"featured_media":14113,"comment_status":"open","ping_status":"open","sticky":false,"template":"","format":"standard","meta":{"_uag_custom_page_level_css":"","footnotes":""},"categories":[27],"tags":[18965,18966,18907,10734,18964],"class_list":["post-14112","post","type-post","status-publish","format-standard","has-post-thumbnail","hentry","category-acontece","tag-canal-disque-100","tag-mulher-em-situacao-de-violencia","tag-pandemia-covid-19","tag-seconci-sp","tag-violencia-domestica"],"blocksy_meta":[],"spectra_blocks_featured_image_url":{"thumbnail":{"url":"https:\/\/construcaocivil.siriusmarketingedesign.com.br\/wp-content\/uploads\/2020\/07\/sancionada-lei-de-combate-a-violencia-domestica-durante-pandemia-5f068b24e542b-150x150.jpg","width":150,"height":150},"medium":{"url":"https:\/\/construcaocivil.siriusmarketingedesign.com.br\/wp-content\/uploads\/2020\/07\/sancionada-lei-de-combate-a-violencia-domestica-durante-pandemia-5f068b24e542b-300x200.jpg","width":300,"height":200},"medium_large":{"url":"https:\/\/construcaocivil.siriusmarketingedesign.com.br\/wp-content\/uploads\/2020\/07\/sancionada-lei-de-combate-a-violencia-domestica-durante-pandemia-5f068b24e542b-768x512.jpg","width":768,"height":512},"large":{"url":"https:\/\/construcaocivil.siriusmarketingedesign.com.br\/wp-content\/uploads\/2020\/07\/sancionada-lei-de-combate-a-violencia-domestica-durante-pandemia-5f068b24e542b-1024x683.jpg","width":1024,"height":683},"full":{"url":"https:\/\/construcaocivil.siriusmarketingedesign.com.br\/wp-content\/uploads\/2020\/07\/sancionada-lei-de-combate-a-violencia-domestica-durante-pandemia-5f068b24e542b.jpg","width":1150,"height":767}},"spectra_blocks_author_info":{"display_name":"Jornal da Constru\u00e7\u00e3o Civil","avatar_url":"https:\/\/secure.gravatar.com\/avatar\/973c9774fd44ddaceb026973c4962faa70fc512bc4c9da68e8ebb40fecee6540?s=96&d=mm&r=g","author_link":"https:\/\/construcaocivil.siriusmarketingedesign.com.br\/?author=1","description":"Desde de 2013, levando muitas informa\u00e7\u00f5es, lan\u00e7amentos e produtos de qualidade para toda cadeia produtiva da constru\u00e7\u00e3o. O Futuro da constru\u00e7\u00e3o passa por aqui,"},"uagb_featured_image_src":{"full":["https:\/\/construcaocivil.siriusmarketingedesign.com.br\/wp-content\/uploads\/2020\/07\/sancionada-lei-de-combate-a-violencia-domestica-durante-pandemia-5f068b24e542b.jpg",1150,767,false],"thumbnail":["https:\/\/construcaocivil.siriusmarketingedesign.com.br\/wp-content\/uploads\/2020\/07\/sancionada-lei-de-combate-a-violencia-domestica-durante-pandemia-5f068b24e542b-150x150.jpg",150,150,true],"medium":["https:\/\/construcaocivil.siriusmarketingedesign.com.br\/wp-content\/uploads\/2020\/07\/sancionada-lei-de-combate-a-violencia-domestica-durante-pandemia-5f068b24e542b-300x200.jpg",300,200,true],"medium_large":["https:\/\/construcaocivil.siriusmarketingedesign.com.br\/wp-content\/uploads\/2020\/07\/sancionada-lei-de-combate-a-violencia-domestica-durante-pandemia-5f068b24e542b-768x512.jpg",768,512,true],"large":["https:\/\/construcaocivil.siriusmarketingedesign.com.br\/wp-content\/uploads\/2020\/07\/sancionada-lei-de-combate-a-violencia-domestica-durante-pandemia-5f068b24e542b-1024x683.jpg",1024,683,true],"1536x1536":["https:\/\/construcaocivil.siriusmarketingedesign.com.br\/wp-content\/uploads\/2020\/07\/sancionada-lei-de-combate-a-violencia-domestica-durante-pandemia-5f068b24e542b.jpg",1150,767,false],"2048x2048":["https:\/\/construcaocivil.siriusmarketingedesign.com.br\/wp-content\/uploads\/2020\/07\/sancionada-lei-de-combate-a-violencia-domestica-durante-pandemia-5f068b24e542b.jpg",1150,767,false]},"uagb_author_info":{"display_name":"Jornal da Constru\u00e7\u00e3o Civil","author_link":"https:\/\/construcaocivil.siriusmarketingedesign.com.br\/?author=1"},"uagb_comment_info":0,"uagb_excerpt":"S\u00e3o Paulo, 22 de julho de 2020 &#8211;\u00a0Dados de diversas entidades apontam para um aumento nos casos de viol\u00eancia dom\u00e9stica envolvendo mulheres, menores e idosos durante a quarenta imposta pela pandemia da Covid-19. A Central de Atendimento \u00e0 Mulher em Situa\u00e7\u00e3o de Viol\u00eancia, por exemplo, revelou que as den\u00fancias de agress\u00e3o entre mar\u00e7o e abril&hellip;","_links":{"self":[{"href":"https:\/\/construcaocivil.siriusmarketingedesign.com.br\/index.php?rest_route=\/wp\/v2\/posts\/14112","targetHints":{"allow":["GET"]}}],"collection":[{"href":"https:\/\/construcaocivil.siriusmarketingedesign.com.br\/index.php?rest_route=\/wp\/v2\/posts"}],"about":[{"href":"https:\/\/construcaocivil.siriusmarketingedesign.com.br\/index.php?rest_route=\/wp\/v2\/types\/post"}],"author":[{"embeddable":true,"href":"https:\/\/construcaocivil.siriusmarketingedesign.com.br\/index.php?rest_route=\/wp\/v2\/users\/1"}],"replies":[{"embeddable":true,"href":"https:\/\/construcaocivil.siriusmarketingedesign.com.br\/index.php?rest_route=%2Fwp%2Fv2%2Fcomments&post=14112"}],"version-history":[{"count":0,"href":"https:\/\/construcaocivil.siriusmarketingedesign.com.br\/index.php?rest_route=\/wp\/v2\/posts\/14112\/revisions"}],"wp:featuredmedia":[{"embeddable":true,"href":"https:\/\/construcaocivil.siriusmarketingedesign.com.br\/index.php?rest_route=\/wp\/v2\/media\/14113"}],"wp:attachment":[{"href":"https:\/\/construcaocivil.siriusmarketingedesign.com.br\/index.php?rest_route=%2Fwp%2Fv2%2Fmedia&parent=14112"}],"wp:term":[{"taxonomy":"category","embeddable":true,"href":"https:\/\/construcaocivil.siriusmarketingedesign.com.br\/index.php?rest_route=%2Fwp%2Fv2%2Fcategories&post=14112"},{"taxonomy":"post_tag","embeddable":true,"href":"https:\/\/construcaocivil.siriusmarketingedesign.com.br\/index.php?rest_route=%2Fwp%2Fv2%2Ftags&post=14112"}],"curies":[{"name":"wp","href":"https:\/\/api.w.org\/{rel}","templated":true}]}}