{"id":14140,"date":"2020-07-27T16:58:02","date_gmt":"2020-07-27T19:58:02","guid":{"rendered":"https:\/\/www.jornaldaconstrucaocivil.com.br\/?p=14140"},"modified":"2020-07-27T16:58:02","modified_gmt":"2020-07-27T19:58:02","slug":"fundo-de-aceleracao-mineiro-se-une-ao-itau-social-para-auxiliar-financeiramente-500-familias-e-empreendedores-locais","status":"publish","type":"post","link":"https:\/\/construcaocivil.siriusmarketingedesign.com.br\/?p=14140","title":{"rendered":"Fundo de acelera\u00e7\u00e3o mineiro se une ao Ita\u00fa Social para auxiliar financeiramente 500 fam\u00edlias e empreendedores locais"},"content":{"rendered":"<p>Com o intuito de minimizar os impactos da COVID-19 na vida de fam\u00edlias residentes de vilas e favelas de Belo Horizonte e da regi\u00e3o metropolitana, o FA.VELA deu in\u00edcio, em junho, ao Ac\u00f3de, projeto que oferece aux\u00edlio financeiro, por meio de um cart\u00e3o alimenta\u00e7\u00e3o no valor de R$ 250, a mais de 500 fam\u00edlias, durante tr\u00eas meses, e visa impactar mais de 1.500 pessoas com a iniciativa, financiada pelo Ita\u00fa Social. No total cerca de R$ 375 mil ser\u00e3o distribu\u00eddos.<\/p>\n<p>O foco \u00e9 atender mulheres chefes de fam\u00edlia, com filhos ou monoparentais, pessoas LGBTQI+, em especial as trans e travestis negras, desempregados, e\/ou empreendedores formais e informais que tiveram a renda impactada pela pandemia. O uso do cart\u00e3o Sodexo foi pensado para ressignificar a cesta b\u00e1sica, com a oferta de autonomia na escolha dos itens a serem adquiridos pelos benefici\u00e1rios. Al\u00e9m disso, o projeto tamb\u00e9m visa, desta forma, fomentar o com\u00e9rcio local, fazendo com que este dinheiro circule no pequenos neg\u00f3cios dentros destes territ\u00f3rios, com a compra de alimentos e itens de higiene.<\/p>\n<p>Outro diferencial da cesta do Ac\u00f3de \u00e9 a proposta educacional e de inclus\u00e3o digital pelo FA.VELA Escola que, por meio de a\u00e7\u00f5es de capacita\u00e7\u00e3o empreendedora, letramento e mentorias, desenvolvem esta comunidade.<\/p>\n<p>Fonte: <strong>\u00a0FA.VELA<\/strong><\/p>\n","protected":false},"excerpt":{"rendered":"<p>Com o intuito de minimizar os impactos da COVID-19 na vida de fam\u00edlias residentes de vilas e favelas de Belo Horizonte e da regi\u00e3o metropolitana, o FA.VELA deu in\u00edcio, em junho, ao Ac\u00f3de, projeto que oferece aux\u00edlio financeiro, por meio de um cart\u00e3o alimenta\u00e7\u00e3o no valor de R$ 250, a mais de 500 fam\u00edlias, durante [&hellip;]<\/p>\n","protected":false},"author":1,"featured_media":14141,"comment_status":"open","ping_status":"open","sticky":false,"template":"","format":"standard","meta":{"_uag_custom_page_level_css":"","footnotes":""},"categories":[27],"tags":[1339,18617,19005,19000,19003,19001,19002,19004],"class_list":["post-14140","post","type-post","status-publish","format-standard","has-post-thumbnail","hentry","category-acontece","tag-belo-horizonte-bh","tag-covid-19","tag-empreendedores-locais","tag-fa-vela","tag-inclusao-digital","tag-itau-social","tag-lgbtqi","tag-vilas-e-favelas-de-bh"],"blocksy_meta":[],"spectra_blocks_featured_image_url":{"thumbnail":{"url":"https:\/\/construcaocivil.siriusmarketingedesign.com.br\/wp-content\/uploads\/2020\/07\/Acode-entrega-20.06-150x150.jpeg","width":150,"height":150},"medium":{"url":"https:\/\/construcaocivil.siriusmarketingedesign.com.br\/wp-content\/uploads\/2020\/07\/Acode-entrega-20.06-300x225.jpeg","width":300,"height":225},"medium_large":{"url":"https:\/\/construcaocivil.siriusmarketingedesign.com.br\/wp-content\/uploads\/2020\/07\/Acode-entrega-20.06-768x576.jpeg","width":768,"height":576},"large":{"url":"https:\/\/construcaocivil.siriusmarketingedesign.com.br\/wp-content\/uploads\/2020\/07\/Acode-entrega-20.06-1024x768.jpeg","width":1024,"height":768},"full":{"url":"https:\/\/construcaocivil.siriusmarketingedesign.com.br\/wp-content\/uploads\/2020\/07\/Acode-entrega-20.06.jpeg","width":1152,"height":864}},"spectra_blocks_author_info":{"display_name":"Jornal da Constru\u00e7\u00e3o Civil","avatar_url":"https:\/\/secure.gravatar.com\/avatar\/973c9774fd44ddaceb026973c4962faa70fc512bc4c9da68e8ebb40fecee6540?s=96&d=mm&r=g","author_link":"https:\/\/construcaocivil.siriusmarketingedesign.com.br\/?author=1","description":"Desde de 2013, levando muitas informa\u00e7\u00f5es, lan\u00e7amentos e produtos de qualidade para toda cadeia produtiva da constru\u00e7\u00e3o. O Futuro da constru\u00e7\u00e3o passa por aqui,"},"uagb_featured_image_src":{"full":["https:\/\/construcaocivil.siriusmarketingedesign.com.br\/wp-content\/uploads\/2020\/07\/Acode-entrega-20.06.jpeg",1152,864,false],"thumbnail":["https:\/\/construcaocivil.siriusmarketingedesign.com.br\/wp-content\/uploads\/2020\/07\/Acode-entrega-20.06-150x150.jpeg",150,150,true],"medium":["https:\/\/construcaocivil.siriusmarketingedesign.com.br\/wp-content\/uploads\/2020\/07\/Acode-entrega-20.06-300x225.jpeg",300,225,true],"medium_large":["https:\/\/construcaocivil.siriusmarketingedesign.com.br\/wp-content\/uploads\/2020\/07\/Acode-entrega-20.06-768x576.jpeg",768,576,true],"large":["https:\/\/construcaocivil.siriusmarketingedesign.com.br\/wp-content\/uploads\/2020\/07\/Acode-entrega-20.06-1024x768.jpeg",1024,768,true],"1536x1536":["https:\/\/construcaocivil.siriusmarketingedesign.com.br\/wp-content\/uploads\/2020\/07\/Acode-entrega-20.06.jpeg",1152,864,false],"2048x2048":["https:\/\/construcaocivil.siriusmarketingedesign.com.br\/wp-content\/uploads\/2020\/07\/Acode-entrega-20.06.jpeg",1152,864,false]},"uagb_author_info":{"display_name":"Jornal da Constru\u00e7\u00e3o Civil","author_link":"https:\/\/construcaocivil.siriusmarketingedesign.com.br\/?author=1"},"uagb_comment_info":0,"uagb_excerpt":"Com o intuito de minimizar os impactos da COVID-19 na vida de fam\u00edlias residentes de vilas e favelas de Belo Horizonte e da regi\u00e3o metropolitana, o FA.VELA deu in\u00edcio, em junho, ao Ac\u00f3de, projeto que oferece aux\u00edlio financeiro, por meio de um cart\u00e3o alimenta\u00e7\u00e3o no valor de R$ 250, a mais de 500 fam\u00edlias, durante&hellip;","_links":{"self":[{"href":"https:\/\/construcaocivil.siriusmarketingedesign.com.br\/index.php?rest_route=\/wp\/v2\/posts\/14140","targetHints":{"allow":["GET"]}}],"collection":[{"href":"https:\/\/construcaocivil.siriusmarketingedesign.com.br\/index.php?rest_route=\/wp\/v2\/posts"}],"about":[{"href":"https:\/\/construcaocivil.siriusmarketingedesign.com.br\/index.php?rest_route=\/wp\/v2\/types\/post"}],"author":[{"embeddable":true,"href":"https:\/\/construcaocivil.siriusmarketingedesign.com.br\/index.php?rest_route=\/wp\/v2\/users\/1"}],"replies":[{"embeddable":true,"href":"https:\/\/construcaocivil.siriusmarketingedesign.com.br\/index.php?rest_route=%2Fwp%2Fv2%2Fcomments&post=14140"}],"version-history":[{"count":0,"href":"https:\/\/construcaocivil.siriusmarketingedesign.com.br\/index.php?rest_route=\/wp\/v2\/posts\/14140\/revisions"}],"wp:featuredmedia":[{"embeddable":true,"href":"https:\/\/construcaocivil.siriusmarketingedesign.com.br\/index.php?rest_route=\/wp\/v2\/media\/14141"}],"wp:attachment":[{"href":"https:\/\/construcaocivil.siriusmarketingedesign.com.br\/index.php?rest_route=%2Fwp%2Fv2%2Fmedia&parent=14140"}],"wp:term":[{"taxonomy":"category","embeddable":true,"href":"https:\/\/construcaocivil.siriusmarketingedesign.com.br\/index.php?rest_route=%2Fwp%2Fv2%2Fcategories&post=14140"},{"taxonomy":"post_tag","embeddable":true,"href":"https:\/\/construcaocivil.siriusmarketingedesign.com.br\/index.php?rest_route=%2Fwp%2Fv2%2Ftags&post=14140"}],"curies":[{"name":"wp","href":"https:\/\/api.w.org\/{rel}","templated":true}]}}