{"id":14156,"date":"2020-07-30T14:12:07","date_gmt":"2020-07-30T17:12:07","guid":{"rendered":"https:\/\/www.jornaldaconstrucaocivil.com.br\/?p=14156"},"modified":"2020-07-30T14:12:07","modified_gmt":"2020-07-30T17:12:07","slug":"pelo-brasil-marica-a-unica-no-rio-de-janeiro-a-gerar-empregos-mesmo-na-pandemia","status":"publish","type":"post","link":"https:\/\/construcaocivil.siriusmarketingedesign.com.br\/?p=14156","title":{"rendered":"Pelo Brasil: Maric\u00e1, a \u00fanica no Rio de janeiro a gerar empregos mesmo na pandemia"},"content":{"rendered":"<p style=\"text-align: justify;\"><span style=\"color: #993300;\">Julho, 2020<\/span> &#8211; O conjunto de medidas de suporte \u00e0 economia adotado pela Prefeitura de Maric\u00e1 nos \u00faltimos meses como parte das a\u00e7\u00f5es de combate \u00e0 pandemia de Covid-19, levou a cidade a ser a \u00fanica do estado do Rio &#8211; entre munic\u00edpios com mais de 150 mil habitantes &#8211; a registrar alta no n\u00famero de empregos formais no primeiro semestre de 2020. Em um cen\u00e1rio geral de perdas, o desempenho do munic\u00edpio projeta Maric\u00e1 com um destaque positivo.<\/p>\n<p style=\"text-align: justify;\">O resultado das pol\u00edticas econ\u00f4micas municipais se traduziu nos n\u00fameros do Cadastro Geral de Empregados e Desempregados (Caged), compilados pelo governo federal, que foram divulgados na \u00faltima ter\u00e7a-feira (28\/07): de janeiro a junho, Maric\u00e1 registrou 0,28% mais vagas formais \u2013 apenas em junho, foram 150 admiss\u00f5es a mais que demiss\u00f5es, uma varia\u00e7\u00e3o positiva de 0,83%.<\/p>\n<p style=\"text-align: justify;\">Para o secret\u00e1rio de Desenvolvimento Econ\u00f4mico de Maric\u00e1, Magnum Amado, os n\u00fameros podem parecer t\u00edmidos, mas devem ser analisados num contexto de desacelera\u00e7\u00e3o da economia nacional \u2013 o pa\u00eds perdeu cerca de 1,2 milh\u00e3o de vagas formais no primeiro semestre e local: \u201cEm munic\u00edpios vizinhos, o resultado \u00e9 bem pior. Niter\u00f3i registrou queda de 5,34% no estoque de empregos formais, e em S\u00e3o Gon\u00e7alo foram 4,87% menos vagas\u201d, detalhou.<\/p>\n<p style=\"text-align: justify;\">Segundo Magnum, o resultado positivo mostra o acerto do conjunto de medidas criado logo no in\u00edcio do per\u00edodo de isolamento social, justamente com o objetivo de estabilizar o estoque de empregos na cidade, mas sem a obriga\u00e7\u00e3o de fomentar o crescimento econ\u00f4mico durante o per\u00edodo da pandemia.<\/p>\n<p style=\"text-align: justify;\">\u201cTivemos um resultado negativo no Caged em abril, quando o cen\u00e1rio ainda era de incerteza quanto \u00e0 pol\u00edtica econ\u00f4mica do pa\u00eds, e os programas de nosso munic\u00edpio estavam sendo formulados e lan\u00e7ados. Os resultados desses programas \u2013 de Amparo ao Trabalhador (PAT) e ao Emprego (PAE), o Fomenta Maric\u00e1 \u2013 apareceram nos meses seguintes, com a revers\u00e3o de um quadro de demiss\u00f5es\u201d, explica Magnum, que destaca ainda o aspecto social dos bons n\u00fameros municipais.<\/p>\n<p style=\"text-align: justify;\">\u201cO pacote de medidas de suporte econ\u00f4mico foi formulado tamb\u00e9m como apoio \u00e0s medidas de sa\u00fade p\u00fablica, para assegurar que a popula\u00e7\u00e3o maricaense pudesse cumprir o isolamento ao garantir o emprego e a renda das pessoas\u201d, completa.<\/p>\n<p>Fonte: Prefeitura de Maric\u00e1-RJ<\/p>\n","protected":false},"excerpt":{"rendered":"<p>Julho, 2020 &#8211; O conjunto de medidas de suporte \u00e0 economia adotado pela Prefeitura de Maric\u00e1 nos \u00faltimos meses como parte das a\u00e7\u00f5es de combate \u00e0 pandemia de Covid-19, levou a cidade a ser a \u00fanica do estado do Rio &#8211; entre munic\u00edpios com mais de 150 mil habitantes &#8211; a registrar alta no n\u00famero [&hellip;]<\/p>\n","protected":false},"author":1,"featured_media":14157,"comment_status":"open","ping_status":"open","sticky":false,"template":"","format":"standard","meta":{"_uag_custom_page_level_css":"","footnotes":""},"categories":[27],"tags":[1672,18617,19024,19022,19021,19023,7295,19025],"class_list":["post-14156","post","type-post","status-publish","format-standard","has-post-thumbnail","hentry","category-acontece","tag-caged","tag-covid-19","tag-credito-para-mei","tag-credito-para-pequenas-e-grandes-empresas","tag-empregos-em-marica","tag-empregos-em-tempos-de-pandemia","tag-marica-rj","tag-pequenas-empresas"],"blocksy_meta":[],"spectra_blocks_featured_image_url":{"thumbnail":{"url":"https:\/\/construcaocivil.siriusmarketingedesign.com.br\/wp-content\/uploads\/2020\/07\/Foto-Marcos-Fabricio-150x150.jpeg","width":150,"height":150},"medium":{"url":"https:\/\/construcaocivil.siriusmarketingedesign.com.br\/wp-content\/uploads\/2020\/07\/Foto-Marcos-Fabricio-300x225.jpeg","width":300,"height":225},"medium_large":{"url":"https:\/\/construcaocivil.siriusmarketingedesign.com.br\/wp-content\/uploads\/2020\/07\/Foto-Marcos-Fabricio.jpeg","width":696,"height":522},"large":{"url":"https:\/\/construcaocivil.siriusmarketingedesign.com.br\/wp-content\/uploads\/2020\/07\/Foto-Marcos-Fabricio.jpeg","width":696,"height":522},"full":{"url":"https:\/\/construcaocivil.siriusmarketingedesign.com.br\/wp-content\/uploads\/2020\/07\/Foto-Marcos-Fabricio.jpeg","width":696,"height":522}},"spectra_blocks_author_info":{"display_name":"Jornal da Constru\u00e7\u00e3o Civil","avatar_url":"https:\/\/secure.gravatar.com\/avatar\/973c9774fd44ddaceb026973c4962faa70fc512bc4c9da68e8ebb40fecee6540?s=96&d=mm&r=g","author_link":"https:\/\/construcaocivil.siriusmarketingedesign.com.br\/?author=1","description":"Desde de 2013, levando muitas informa\u00e7\u00f5es, lan\u00e7amentos e produtos de qualidade para toda cadeia produtiva da constru\u00e7\u00e3o. O Futuro da constru\u00e7\u00e3o passa por aqui,"},"uagb_featured_image_src":{"full":["https:\/\/construcaocivil.siriusmarketingedesign.com.br\/wp-content\/uploads\/2020\/07\/Foto-Marcos-Fabricio.jpeg",696,522,false],"thumbnail":["https:\/\/construcaocivil.siriusmarketingedesign.com.br\/wp-content\/uploads\/2020\/07\/Foto-Marcos-Fabricio-150x150.jpeg",150,150,true],"medium":["https:\/\/construcaocivil.siriusmarketingedesign.com.br\/wp-content\/uploads\/2020\/07\/Foto-Marcos-Fabricio-300x225.jpeg",300,225,true],"medium_large":["https:\/\/construcaocivil.siriusmarketingedesign.com.br\/wp-content\/uploads\/2020\/07\/Foto-Marcos-Fabricio.jpeg",696,522,false],"large":["https:\/\/construcaocivil.siriusmarketingedesign.com.br\/wp-content\/uploads\/2020\/07\/Foto-Marcos-Fabricio.jpeg",696,522,false],"1536x1536":["https:\/\/construcaocivil.siriusmarketingedesign.com.br\/wp-content\/uploads\/2020\/07\/Foto-Marcos-Fabricio.jpeg",696,522,false],"2048x2048":["https:\/\/construcaocivil.siriusmarketingedesign.com.br\/wp-content\/uploads\/2020\/07\/Foto-Marcos-Fabricio.jpeg",696,522,false]},"uagb_author_info":{"display_name":"Jornal da Constru\u00e7\u00e3o Civil","author_link":"https:\/\/construcaocivil.siriusmarketingedesign.com.br\/?author=1"},"uagb_comment_info":0,"uagb_excerpt":"Julho, 2020 &#8211; O conjunto de medidas de suporte \u00e0 economia adotado pela Prefeitura de Maric\u00e1 nos \u00faltimos meses como parte das a\u00e7\u00f5es de combate \u00e0 pandemia de Covid-19, levou a cidade a ser a \u00fanica do estado do Rio &#8211; entre munic\u00edpios com mais de 150 mil habitantes &#8211; a registrar alta no n\u00famero&hellip;","_links":{"self":[{"href":"https:\/\/construcaocivil.siriusmarketingedesign.com.br\/index.php?rest_route=\/wp\/v2\/posts\/14156","targetHints":{"allow":["GET"]}}],"collection":[{"href":"https:\/\/construcaocivil.siriusmarketingedesign.com.br\/index.php?rest_route=\/wp\/v2\/posts"}],"about":[{"href":"https:\/\/construcaocivil.siriusmarketingedesign.com.br\/index.php?rest_route=\/wp\/v2\/types\/post"}],"author":[{"embeddable":true,"href":"https:\/\/construcaocivil.siriusmarketingedesign.com.br\/index.php?rest_route=\/wp\/v2\/users\/1"}],"replies":[{"embeddable":true,"href":"https:\/\/construcaocivil.siriusmarketingedesign.com.br\/index.php?rest_route=%2Fwp%2Fv2%2Fcomments&post=14156"}],"version-history":[{"count":0,"href":"https:\/\/construcaocivil.siriusmarketingedesign.com.br\/index.php?rest_route=\/wp\/v2\/posts\/14156\/revisions"}],"wp:featuredmedia":[{"embeddable":true,"href":"https:\/\/construcaocivil.siriusmarketingedesign.com.br\/index.php?rest_route=\/wp\/v2\/media\/14157"}],"wp:attachment":[{"href":"https:\/\/construcaocivil.siriusmarketingedesign.com.br\/index.php?rest_route=%2Fwp%2Fv2%2Fmedia&parent=14156"}],"wp:term":[{"taxonomy":"category","embeddable":true,"href":"https:\/\/construcaocivil.siriusmarketingedesign.com.br\/index.php?rest_route=%2Fwp%2Fv2%2Fcategories&post=14156"},{"taxonomy":"post_tag","embeddable":true,"href":"https:\/\/construcaocivil.siriusmarketingedesign.com.br\/index.php?rest_route=%2Fwp%2Fv2%2Ftags&post=14156"}],"curies":[{"name":"wp","href":"https:\/\/api.w.org\/{rel}","templated":true}]}}