{"id":14159,"date":"2020-07-30T14:56:50","date_gmt":"2020-07-30T17:56:50","guid":{"rendered":"https:\/\/www.jornaldaconstrucaocivil.com.br\/?p=14159"},"modified":"2020-07-30T14:56:50","modified_gmt":"2020-07-30T17:56:50","slug":"corda-no-pescoco-camara-aprova-projeto-que-cria-linha-de-credito-para-profissionais-liberais","status":"publish","type":"post","link":"https:\/\/construcaocivil.siriusmarketingedesign.com.br\/?p=14159","title":{"rendered":"Corda no pesco\u00e7o: C\u00e2mara aprova projeto que cria linha de cr\u00e9dito para profissionais liberais"},"content":{"rendered":"<p><em>Ag\u00eancia C\u00e2mara de Not\u00edcias<\/em><\/p>\n<p style=\"text-align: justify;\">Julho, 2020 &#8211; O Plen\u00e1rio da C\u00e2mara dos Deputados aprovou, na madrugada desta quinta-feira (30), o Projeto de Lei 2424\/20, do Senado, que cria uma linha de cr\u00e9dito para profissionais liberais, como advogados, corretores e arquitetos, exceto aqueles com participa\u00e7\u00e3o societ\u00e1ria em pessoa jur\u00eddica ou com v\u00ednculo empregat\u00edcio de qualquer natureza. A mat\u00e9ria vai \u00e0 san\u00e7\u00e3o presidencial.<\/p>\n<p style=\"text-align: justify;\">Segundo o texto, a linha de cr\u00e9dito, criada no \u00e2mbito do Programa Nacional de Apoio \u00e0s Microempresas e Empresas de Pequeno Porte (Pronampe), ter\u00e1 taxa de juros de 5% ao ano mais a <span id=\"4239\" class=\"termoGlossario\" title=\"\" contenteditable=\"false\" data-toggle=\"tooltip\" data-placement=\"top\" data-original-title=\"Taxa de juros de refer\u00eancia da economia brasileira, administrada pelo Banco Central. A Selic \u00e9 usada para controlar a infla\u00e7\u00e3o oficial do Pa\u00eds (IPCA).\">taxa Selic<\/span> e prazo de 36 meses para pagar, dentro dos quais at\u00e9 oito meses poder\u00e3o ser de car\u00eancia com juros capitalizados.<\/p>\n<p style=\"text-align: justify;\">Cada profissional, tanto de n\u00edvel t\u00e9cnico quanto de n\u00edvel superior, poder\u00e1 pedir empr\u00e9stimo em valor at\u00e9 50% do rendimento anual declarado na Declara\u00e7\u00e3o de Ajuste Anual (DAA) de 2019, mas o limite ser\u00e1 de R$ 100 mil por pessoa.<\/p>\n<p style=\"text-align: justify;\">O relator do projeto, deputado <a href=\"https:\/\/www.camara.leg.br\/deputados\/204576\">Jo\u00e3o Roma (Republicanos-BA)<\/a>, recomendou a aprova\u00e7\u00e3o do texto sem mudan\u00e7as para acelerar sua tramita\u00e7\u00e3o. Se a C\u00e2mara mudasse a reda\u00e7\u00e3o, ela teria de ser novamente votada pelos senadores.<\/p>\n<p style=\"text-align: justify;\"><strong>Empresa nova<\/strong><br \/>\nO projeto faz ajustes na <span style=\"color: #0000ff;\"><a class=\"linkLegislacao\" style=\"color: #0000ff;\" href=\"http:\/\/www2.camara.gov.br\/legin\/fed\/lei\/2020\/lei-13999-18-maio-2020-790188-norma-pl.html\">Lei do Pronampe<\/a> <\/span>na parte sobre o c\u00e1lculo do cr\u00e9dito que uma empresa com menos de um ano de funcionamento poder\u00e1 acessar.<\/p>\n<p style=\"text-align: justify;\">O texto dos senadores deixa claro que a m\u00e9dia da receita bruta mensal apurada no per\u00edodo inferior a um ano dever\u00e1 ser multiplicada por 12 para se encontrar uma m\u00e9dia anualizada. O limite do empr\u00e9stimo nessas situa\u00e7\u00f5es \u00e9 de 50% dessa m\u00e9dia.<\/p>\n<p style=\"text-align: justify;\">Quanto ao prazo de car\u00eancia, vetado pelo presidente Jair Bolsonaro, o Senado retoma texto semelhante, que a fixa em 8 meses dentro dos 36 meses para pagar. Entretanto, evita o motivo do veto, determinando que os juros sejam calculados nesse per\u00edodo pela sua totalidade (taxa Selic mais 1,25%) em vez de apenas pela Selic.<\/p>\n<p style=\"text-align: justify;\"><strong>Medida provis\u00f3ria<\/strong><br \/>\nO Projeto de Lei 2424\/20 inclui na legisla\u00e7\u00e3o do Pronampe v\u00e1rias mudan\u00e7as feitas pela Medida Provis\u00f3ria 975\/20, <span style=\"color: #0000ff;\"><a style=\"color: #0000ff;\" href=\"https:\/\/www.camara.leg.br\/noticias\/675166-CAMARA-APROVA-MP-QUE-FACILITA-CREDITO-A-PEQUENAS-E-MEDIAS-EMPRESAS\">aprovada pela C\u00e2mara dos Deputados<\/a> <\/span>no \u00faltimo dia 9 de julho.<\/p>\n<p style=\"text-align: justify;\">Entre as inclus\u00f5es est\u00e3o a cria\u00e7\u00e3o do Conselho de Participa\u00e7\u00e3o em opera\u00e7\u00f5es de cr\u00e9dito educativo, regras para o leil\u00e3o de cr\u00e9ditos n\u00e3o recebidos pelos bancos e honrados pelo Fundo Garantidor de Opera\u00e7\u00f5es (FGO) e formas de aplica\u00e7\u00e3o da garantia dada pelo fundo.<\/p>\n<p>Fonte: Ag\u00eancia C\u00e2mara de Not\u00edcias<\/p>\n<p>&nbsp;<\/p>\n","protected":false},"excerpt":{"rendered":"<p>Ag\u00eancia C\u00e2mara de Not\u00edcias Julho, 2020 &#8211; O Plen\u00e1rio da C\u00e2mara dos Deputados aprovou, na madrugada desta quinta-feira (30), o Projeto de Lei 2424\/20, do Senado, que cria uma linha de cr\u00e9dito para profissionais liberais, como advogados, corretores e arquitetos, exceto aqueles com participa\u00e7\u00e3o societ\u00e1ria em pessoa jur\u00eddica ou com v\u00ednculo empregat\u00edcio de qualquer natureza. [&hellip;]<\/p>\n","protected":false},"author":1,"featured_media":14160,"comment_status":"open","ping_status":"open","sticky":false,"template":"","format":"standard","meta":{"_uag_custom_page_level_css":"","footnotes":""},"categories":[33],"tags":[19029,908,19027,1574,19030,19026,19031,7437,19028],"class_list":["post-14159","post","type-post","status-publish","format-standard","has-post-thumbnail","hentry","category-mercado","tag-advogados","tag-arquitetos","tag-bancos-negam-credito","tag-brasilia-df","tag-corretores","tag-credito-para-profissionais-liberais","tag-dinheiro-sem-burocracia","tag-mei","tag-projeto-de-lei-2424-20"],"blocksy_meta":[],"spectra_blocks_featured_image_url":{"thumbnail":{"url":"https:\/\/construcaocivil.siriusmarketingedesign.com.br\/wp-content\/uploads\/2020\/07\/CAMARA-150x150.jpg","width":150,"height":150},"medium":{"url":"https:\/\/construcaocivil.siriusmarketingedesign.com.br\/wp-content\/uploads\/2020\/07\/CAMARA-300x191.jpg","width":300,"height":191},"medium_large":{"url":"https:\/\/construcaocivil.siriusmarketingedesign.com.br\/wp-content\/uploads\/2020\/07\/CAMARA.jpg","width":697,"height":444},"large":{"url":"https:\/\/construcaocivil.siriusmarketingedesign.com.br\/wp-content\/uploads\/2020\/07\/CAMARA.jpg","width":697,"height":444},"full":{"url":"https:\/\/construcaocivil.siriusmarketingedesign.com.br\/wp-content\/uploads\/2020\/07\/CAMARA.jpg","width":697,"height":444}},"spectra_blocks_author_info":{"display_name":"Jornal da Constru\u00e7\u00e3o Civil","avatar_url":"https:\/\/secure.gravatar.com\/avatar\/973c9774fd44ddaceb026973c4962faa70fc512bc4c9da68e8ebb40fecee6540?s=96&d=mm&r=g","author_link":"https:\/\/construcaocivil.siriusmarketingedesign.com.br\/?author=1","description":"Desde de 2013, levando muitas informa\u00e7\u00f5es, lan\u00e7amentos e produtos de qualidade para toda cadeia produtiva da constru\u00e7\u00e3o. O Futuro da constru\u00e7\u00e3o passa por aqui,"},"uagb_featured_image_src":{"full":["https:\/\/construcaocivil.siriusmarketingedesign.com.br\/wp-content\/uploads\/2020\/07\/CAMARA.jpg",697,444,false],"thumbnail":["https:\/\/construcaocivil.siriusmarketingedesign.com.br\/wp-content\/uploads\/2020\/07\/CAMARA-150x150.jpg",150,150,true],"medium":["https:\/\/construcaocivil.siriusmarketingedesign.com.br\/wp-content\/uploads\/2020\/07\/CAMARA-300x191.jpg",300,191,true],"medium_large":["https:\/\/construcaocivil.siriusmarketingedesign.com.br\/wp-content\/uploads\/2020\/07\/CAMARA.jpg",697,444,false],"large":["https:\/\/construcaocivil.siriusmarketingedesign.com.br\/wp-content\/uploads\/2020\/07\/CAMARA.jpg",697,444,false],"1536x1536":["https:\/\/construcaocivil.siriusmarketingedesign.com.br\/wp-content\/uploads\/2020\/07\/CAMARA.jpg",697,444,false],"2048x2048":["https:\/\/construcaocivil.siriusmarketingedesign.com.br\/wp-content\/uploads\/2020\/07\/CAMARA.jpg",697,444,false]},"uagb_author_info":{"display_name":"Jornal da Constru\u00e7\u00e3o Civil","author_link":"https:\/\/construcaocivil.siriusmarketingedesign.com.br\/?author=1"},"uagb_comment_info":0,"uagb_excerpt":"Ag\u00eancia C\u00e2mara de Not\u00edcias Julho, 2020 &#8211; O Plen\u00e1rio da C\u00e2mara dos Deputados aprovou, na madrugada desta quinta-feira (30), o Projeto de Lei 2424\/20, do Senado, que cria uma linha de cr\u00e9dito para profissionais liberais, como advogados, corretores e arquitetos, exceto aqueles com participa\u00e7\u00e3o societ\u00e1ria em pessoa jur\u00eddica ou com v\u00ednculo empregat\u00edcio de qualquer natureza.&hellip;","_links":{"self":[{"href":"https:\/\/construcaocivil.siriusmarketingedesign.com.br\/index.php?rest_route=\/wp\/v2\/posts\/14159","targetHints":{"allow":["GET"]}}],"collection":[{"href":"https:\/\/construcaocivil.siriusmarketingedesign.com.br\/index.php?rest_route=\/wp\/v2\/posts"}],"about":[{"href":"https:\/\/construcaocivil.siriusmarketingedesign.com.br\/index.php?rest_route=\/wp\/v2\/types\/post"}],"author":[{"embeddable":true,"href":"https:\/\/construcaocivil.siriusmarketingedesign.com.br\/index.php?rest_route=\/wp\/v2\/users\/1"}],"replies":[{"embeddable":true,"href":"https:\/\/construcaocivil.siriusmarketingedesign.com.br\/index.php?rest_route=%2Fwp%2Fv2%2Fcomments&post=14159"}],"version-history":[{"count":0,"href":"https:\/\/construcaocivil.siriusmarketingedesign.com.br\/index.php?rest_route=\/wp\/v2\/posts\/14159\/revisions"}],"wp:featuredmedia":[{"embeddable":true,"href":"https:\/\/construcaocivil.siriusmarketingedesign.com.br\/index.php?rest_route=\/wp\/v2\/media\/14160"}],"wp:attachment":[{"href":"https:\/\/construcaocivil.siriusmarketingedesign.com.br\/index.php?rest_route=%2Fwp%2Fv2%2Fmedia&parent=14159"}],"wp:term":[{"taxonomy":"category","embeddable":true,"href":"https:\/\/construcaocivil.siriusmarketingedesign.com.br\/index.php?rest_route=%2Fwp%2Fv2%2Fcategories&post=14159"},{"taxonomy":"post_tag","embeddable":true,"href":"https:\/\/construcaocivil.siriusmarketingedesign.com.br\/index.php?rest_route=%2Fwp%2Fv2%2Ftags&post=14159"}],"curies":[{"name":"wp","href":"https:\/\/api.w.org\/{rel}","templated":true}]}}