{"id":14171,"date":"2020-08-02T15:11:56","date_gmt":"2020-08-02T18:11:56","guid":{"rendered":"https:\/\/www.jornaldaconstrucaocivil.com.br\/?p=14171"},"modified":"2020-08-02T15:11:56","modified_gmt":"2020-08-02T18:11:56","slug":"biodiversidade-escolhido-para-ilustrar-a-cedula-de-r-200-lobo-guara-sofre-com-o-avanco-do-desmatamento-no-cerrado","status":"publish","type":"post","link":"https:\/\/construcaocivil.siriusmarketingedesign.com.br\/?p=14171","title":{"rendered":"Biodiversidade: Escolhido para ilustrar a c\u00e9dula de R$ 200, lobo-guar\u00e1 sofre com o avan\u00e7o do desmatamento no Cerrado"},"content":{"rendered":"<p>Agosto, 2020 &#8211; As c\u00e9dulas s\u00e3o uma das maiores divulgadoras da fauna brasileira. Desde 1994, com o surgimento do real, elas trazem estampados os animais que povoam a biodiversidade do pa\u00eds. Agora, para a anunciada nota de R$ 200, que o Banco Central colocar\u00e1 em circula\u00e7\u00e3o em agosto, a imagem escolhida \u00e9 a do Lobo-Guar\u00e1, o maior can\u00eddeo sul-americano e t\u00edpico do Cerrado.<\/p>\n<p>\u201cO lobo-guar\u00e1 \u00e9 talvez a esp\u00e9cie mais ic\u00f4nica do bioma Cerrado. \u00c9 um animal sempre associado \u00e0 imagem dos vastos campos e savanas permeados pelas bel\u00edssimas veredas que comp\u00f5em as paisagens especiais do Brasil Central. \u00c9 muito importante associarmos nosso patrim\u00f4nio natural a s\u00edmbolos de valor, mas isso precisa vir associado \u00e0 consci\u00eancia de que para sobreviverem necessitam que seu habitat natural esteja preservado\u201d, alerta Reuber Brand\u00e3o, membro da RECN \u2013 Rede de Especialistas em Conserva\u00e7\u00e3o da Natureza e professor associado da Universidade de Bras\u00edlia.<\/p>\n<p>Elegante e discreto, o lobo-guar\u00e1\u00a0<em>(Chrysocyon brachyurus)<\/em>\u00a0\u00e9 o maior can\u00eddeo silvestre da Am\u00e9rica do Sul. N\u00fameros estimados apontam que no Brasil h\u00e1 cerca de 24 mil indiv\u00edduos, com a maior parte deles vivendo no Cerrado. Eles podem ser encontrados ainda, em menor n\u00famero, na Mata Atl\u00e2ntica, no Pantanal e no Pampa.<\/p>\n<p>O lobo-guar\u00e1 figura na lista de esp\u00e9cies amea\u00e7adas do Minist\u00e9rio do Meio Ambiente, na categoria de vulner\u00e1vel, e depende da preserva\u00e7\u00e3o de seus ambientes naturais para continuar existindo. O comprometimento dos seus habitats est\u00e1 associado ao crescimento das chamadas \u00e1reas antropizadas (onde a natureza sofre a a\u00e7\u00e3o do homem). Al\u00e9m da degrada\u00e7\u00e3o do meio afetar diretamente a manuten\u00e7\u00e3o da vida nessas localidades, o avan\u00e7o desordenado de atividades humanas sobre o Cerrado e centros urbanos proporcionam a perda de h\u00e1bitats, o aumento da ca\u00e7a, de atropelamentos e da dissemina\u00e7\u00e3o de doen\u00e7as a partir do contato com c\u00e3es dom\u00e9sticos.<\/p>\n<p>Estima-se que cerca da metade da \u00e1rea original do Cerrado j\u00e1 tenha sido destru\u00edda. Inc\u00eandios florestais, obras de infraestrutura para energia hidrel\u00e9trica e demanda por carv\u00e3o vegetal para a ind\u00fastria sider\u00fargica tamb\u00e9m amea\u00e7am o bioma.<\/p>\n<p>\u201cPrecisamos entender que existe diferen\u00e7a entre valor e grandeza. Apesar da escolha da esp\u00e9cie para ilustrar as novas c\u00e9dulas de real ser positiva, o valor destes organismos e da natureza brasileira \u00e9 imensamente superior ao valor nominal do dinheiro. Nesse caso, a grandeza se traduz por meio de medidas efetivas pela prote\u00e7\u00e3o do patrim\u00f4nio natural imenso, insubstitu\u00edvel e \u00fanico. \u00c9 atribuir valor \u00e0 conserva\u00e7\u00e3o da biodiversidade, do bioma Cerrado, das Unidades de Conserva\u00e7\u00e3o de Prote\u00e7\u00e3o Integral e ao ic\u00f4nico e elegante lobo-guar\u00e1\u201d, avalia Brand\u00e3o.<\/p>\n<p>&nbsp;<\/p>\n<p><strong>O lobo-guar\u00e1<\/strong><\/p>\n<p>O lobo-guar\u00e1 (<em>Chrysocyon brachyurus<\/em>) pode atingir at\u00e9 um metro de altura e pesar 30 quilos. Sua pelagem laranja avermelhada, al\u00e9m da beleza, lhe confere alguns apelidos, como lobo-de-crina e lobo-vermelho. Sua gesta\u00e7\u00e3o dura pouco mais de dois meses, com m\u00e9dia de dois filhotes. Livre na natureza, vive cerca de 15 anos. Al\u00e9m do Brasil, \u00e9 encontrado na Argentina, Bol\u00edvia, Paraguai, Peru e Uruguai.<\/p>\n<p>Tem comportamento discreto, solit\u00e1rio e pouco ofensivo, preferindo se manter distante dos humanos. Geralmente, pode se alimentar de animais de grande porte, como os veados campeiros, ou pequeno porte , como roedores, tatus e perdizes, al\u00e9m de frutos t\u00edpicos do Cerrado, como o araticum (<em>Annona crassiflora<\/em>) e a lobeira (<em>Solanum lycocarpum<\/em>), tamb\u00e9m atuando como importante dispersor de sementes.<\/p>\n<p>&nbsp;<\/p>\n<p><strong>Sobre a Rede de Especialistas\u00a0<\/strong><\/p>\n<p>A\u00a0<span style=\"color: #0000ff;\"><a style=\"color: #0000ff;\" href=\"http:\/\/www.fundacaogrupoboticario.org.br\/pt\/Biblioteca\/Guia%20de%20Fontes%20RECN%202019%20FINAL%20compactado.pdf\" target=\"_blank\" rel=\"noopener noreferrer\">Rede de Especialistas em Conserva\u00e7\u00e3o da Natureza<\/a><\/span> (RECN) re\u00fane cerca de 80 profissionais de todas as regi\u00f5es do Brasil e alguns do exterior que trazem ao trabalho que desenvolvem a import\u00e2ncia da conserva\u00e7\u00e3o da natureza e da prote\u00e7\u00e3o da biodiversidade. S\u00e3o juristas, urbanistas, bi\u00f3logos, engenheiros, ambientalistas, cientistas, professores universit\u00e1rios \u2013 de refer\u00eancia nacional e internacional \u2013 que se voluntariaram para serem porta-vozes da natureza, dando entrevistas, trazendo novas perspectivas, gerando conte\u00fado e enriquecendo informa\u00e7\u00f5es de reportagens das mais diversas editorias. Criada em 2014, a Rede \u00e9 uma iniciativa da Funda\u00e7\u00e3o Grupo Botic\u00e1rio de Prote\u00e7\u00e3o \u00e0 Natureza. Os pronunciamentos e artigos dos membros da Rede refletem exclusivamente a opini\u00e3o dos respectivos autores.<\/p>\n<p>Fonte: Funda\u00e7\u00e3o Grupo Botic\u00e1rio<\/p>\n","protected":false},"excerpt":{"rendered":"<p>Agosto, 2020 &#8211; As c\u00e9dulas s\u00e3o uma das maiores divulgadoras da fauna brasileira. Desde 1994, com o surgimento do real, elas trazem estampados os animais que povoam a biodiversidade do pa\u00eds. Agora, para a anunciada nota de R$ 200, que o Banco Central colocar\u00e1 em circula\u00e7\u00e3o em agosto, a imagem escolhida \u00e9 a do Lobo-Guar\u00e1, [&hellip;]<\/p>\n","protected":false},"author":1,"featured_media":14172,"comment_status":"open","ping_status":"open","sticky":false,"template":"","format":"standard","meta":{"_uag_custom_page_level_css":"","footnotes":""},"categories":[37],"tags":[19041,736,1422,19039,1569,19043,19040,19042,19044,10114,11810],"class_list":["post-14171","post","type-post","status-publish","format-standard","has-post-thumbnail","hentry","category-sustentabilidade","tag-00-lobo-guara","tag-animais-silvestres","tag-biodiversidade","tag-bioma-cerrado","tag-brasilia","tag-lobo-guara-maior-canideo-silvestre-da-america-do-su","tag-noto-de-r-200","tag-queimadas-no-cerrado","tag-recn-rede-de-especialistas-em-conservacao-da-natureza","tag-regiao-norte","tag-tocantins"],"blocksy_meta":[],"spectra_blocks_featured_image_url":{"thumbnail":{"url":"https:\/\/construcaocivil.siriusmarketingedesign.com.br\/wp-content\/uploads\/2020\/08\/LOBO-GUAR\u00c1-150x150.jpg","width":150,"height":150},"medium":{"url":"https:\/\/construcaocivil.siriusmarketingedesign.com.br\/wp-content\/uploads\/2020\/08\/LOBO-GUAR\u00c1-300x200.jpg","width":300,"height":200},"medium_large":{"url":"https:\/\/construcaocivil.siriusmarketingedesign.com.br\/wp-content\/uploads\/2020\/08\/LOBO-GUAR\u00c1.jpg","width":564,"height":376},"large":{"url":"https:\/\/construcaocivil.siriusmarketingedesign.com.br\/wp-content\/uploads\/2020\/08\/LOBO-GUAR\u00c1.jpg","width":564,"height":376},"full":{"url":"https:\/\/construcaocivil.siriusmarketingedesign.com.br\/wp-content\/uploads\/2020\/08\/LOBO-GUAR\u00c1.jpg","width":564,"height":376}},"spectra_blocks_author_info":{"display_name":"Jornal da Constru\u00e7\u00e3o Civil","avatar_url":"https:\/\/secure.gravatar.com\/avatar\/973c9774fd44ddaceb026973c4962faa70fc512bc4c9da68e8ebb40fecee6540?s=96&d=mm&r=g","author_link":"https:\/\/construcaocivil.siriusmarketingedesign.com.br\/?author=1","description":"Desde de 2013, levando muitas informa\u00e7\u00f5es, lan\u00e7amentos e produtos de qualidade para toda cadeia produtiva da constru\u00e7\u00e3o. O Futuro da constru\u00e7\u00e3o passa por aqui,"},"uagb_featured_image_src":{"full":["https:\/\/construcaocivil.siriusmarketingedesign.com.br\/wp-content\/uploads\/2020\/08\/LOBO-GUAR\u00c1.jpg",564,376,false],"thumbnail":["https:\/\/construcaocivil.siriusmarketingedesign.com.br\/wp-content\/uploads\/2020\/08\/LOBO-GUAR\u00c1-150x150.jpg",150,150,true],"medium":["https:\/\/construcaocivil.siriusmarketingedesign.com.br\/wp-content\/uploads\/2020\/08\/LOBO-GUAR\u00c1-300x200.jpg",300,200,true],"medium_large":["https:\/\/construcaocivil.siriusmarketingedesign.com.br\/wp-content\/uploads\/2020\/08\/LOBO-GUAR\u00c1.jpg",564,376,false],"large":["https:\/\/construcaocivil.siriusmarketingedesign.com.br\/wp-content\/uploads\/2020\/08\/LOBO-GUAR\u00c1.jpg",564,376,false],"1536x1536":["https:\/\/construcaocivil.siriusmarketingedesign.com.br\/wp-content\/uploads\/2020\/08\/LOBO-GUAR\u00c1.jpg",564,376,false],"2048x2048":["https:\/\/construcaocivil.siriusmarketingedesign.com.br\/wp-content\/uploads\/2020\/08\/LOBO-GUAR\u00c1.jpg",564,376,false]},"uagb_author_info":{"display_name":"Jornal da Constru\u00e7\u00e3o Civil","author_link":"https:\/\/construcaocivil.siriusmarketingedesign.com.br\/?author=1"},"uagb_comment_info":0,"uagb_excerpt":"Agosto, 2020 &#8211; As c\u00e9dulas s\u00e3o uma das maiores divulgadoras da fauna brasileira. Desde 1994, com o surgimento do real, elas trazem estampados os animais que povoam a biodiversidade do pa\u00eds. Agora, para a anunciada nota de R$ 200, que o Banco Central colocar\u00e1 em circula\u00e7\u00e3o em agosto, a imagem escolhida \u00e9 a do Lobo-Guar\u00e1,&hellip;","_links":{"self":[{"href":"https:\/\/construcaocivil.siriusmarketingedesign.com.br\/index.php?rest_route=\/wp\/v2\/posts\/14171","targetHints":{"allow":["GET"]}}],"collection":[{"href":"https:\/\/construcaocivil.siriusmarketingedesign.com.br\/index.php?rest_route=\/wp\/v2\/posts"}],"about":[{"href":"https:\/\/construcaocivil.siriusmarketingedesign.com.br\/index.php?rest_route=\/wp\/v2\/types\/post"}],"author":[{"embeddable":true,"href":"https:\/\/construcaocivil.siriusmarketingedesign.com.br\/index.php?rest_route=\/wp\/v2\/users\/1"}],"replies":[{"embeddable":true,"href":"https:\/\/construcaocivil.siriusmarketingedesign.com.br\/index.php?rest_route=%2Fwp%2Fv2%2Fcomments&post=14171"}],"version-history":[{"count":0,"href":"https:\/\/construcaocivil.siriusmarketingedesign.com.br\/index.php?rest_route=\/wp\/v2\/posts\/14171\/revisions"}],"wp:featuredmedia":[{"embeddable":true,"href":"https:\/\/construcaocivil.siriusmarketingedesign.com.br\/index.php?rest_route=\/wp\/v2\/media\/14172"}],"wp:attachment":[{"href":"https:\/\/construcaocivil.siriusmarketingedesign.com.br\/index.php?rest_route=%2Fwp%2Fv2%2Fmedia&parent=14171"}],"wp:term":[{"taxonomy":"category","embeddable":true,"href":"https:\/\/construcaocivil.siriusmarketingedesign.com.br\/index.php?rest_route=%2Fwp%2Fv2%2Fcategories&post=14171"},{"taxonomy":"post_tag","embeddable":true,"href":"https:\/\/construcaocivil.siriusmarketingedesign.com.br\/index.php?rest_route=%2Fwp%2Fv2%2Ftags&post=14171"}],"curies":[{"name":"wp","href":"https:\/\/api.w.org\/{rel}","templated":true}]}}