{"id":1419,"date":"2016-04-18T20:14:31","date_gmt":"2016-04-18T20:14:31","guid":{"rendered":"http:\/\/www.jornaldaconstrucaocivil.com.br\/?p=1419"},"modified":"2016-04-18T20:14:31","modified_gmt":"2016-04-18T20:14:31","slug":"estudo-inedito-aponta-presenca-de-altos-niveis-de-mercurio-entre-os-yanomamis","status":"publish","type":"post","link":"https:\/\/construcaocivil.siriusmarketingedesign.com.br\/?p=1419","title":{"rendered":"Estudo in\u00e9dito aponta presen\u00e7a de altos n\u00edveis de merc\u00fario entre os yanomamis"},"content":{"rendered":"<p>&nbsp;<\/p>\n<p><strong><span style=\"color: #000000;\">O Dia do \u00cdndio \u00e9 comemorado nesta ter\u00e7a-feira (19\/4). No entanto, grande parte dos povos ind\u00edgenas n\u00e3o tem o que comemorar. Pelo contr\u00e1rio. Os yanomamis, por exemplo, v\u00eam sofrendo com a contamina\u00e7\u00e3o do merc\u00fario \u2013 problema causado pela invas\u00e3o dos garimpeiros. \u00c9 que mostra o estudo conduzido<span style=\"color: #0000ff;\">\u00a0<a style=\"color: #0000ff;\" href=\"https:\/\/www.socioambiental.org\/sites\/blog.socioambiental.org\/files\/diagnostico_contaminacao_mercurio_terra_indigena_yanomami.pdf\" target=\"_blank\">estudo<\/a><\/span>\u00a0conduzido pela <span style=\"color: #0000ff;\">Fiocruz<\/span>, em parceria com o<span style=\"color: #0000ff;\">\u00a0<a style=\"color: #0000ff;\" href=\"http:\/\/www.socioambiental.org\/\" target=\"_blank\">Instituto Socioambiental<\/a>\u00a0(ISA)<\/span>.<\/span><\/strong><\/p>\n<p><span style=\"color: #000000;\">O estudo\u00a0mostra que a cont\u00ednua invas\u00e3o ilegal de garimpeiros em territ\u00f3rio dos \u00edndios yanomami tem trazido graves consequ\u00eancias: algumas aldeias chegam a ter 92% das pessoas examinadas contaminadas por merc\u00fario. Atendendo a um pedido da\u00a0<span style=\"color: #0000ff;\"><a style=\"color: #0000ff;\" href=\"http:\/\/hutukara.org\/\" target=\"_blank\">Hutukara Associa\u00e7\u00e3o Yanomami (HAY)<\/a><\/span>\u00a0e da <span style=\"color: #0000ff;\">Associa\u00e7\u00e3o do Povo Ye\u2019kwana do Brasil (Apyb)<\/span>, uma equipe visitou 19 aldeias em Roraima.<\/span><\/p>\n<p><span style=\"color: #000000;\">Em mar\u00e7o, uma comitiva formada por lideran\u00e7as yanomami e ye&#8217;kwana e representantes da <span style=\"color: #0000ff;\">Fiocruz<\/span> e do <span style=\"color: #0000ff;\">ISA<\/span> foi a Bras\u00edlia divulgar o diagn\u00f3stico. A comitiva entregou c\u00f3pias \u00e0s presid\u00eancias da Funai e do Ibama, ao coordenador da Secretaria Especial de Sa\u00fade Ind\u00edgena, ao Minist\u00e9rio P\u00fablico Federal e \u00e0 Relatora Especial sobre Direitos Ind\u00edgenas da ONU, que estava em visita ao Brasil. As lideran\u00e7as ind\u00edgenas tamb\u00e9m exigiram a retirada imediata dos garimpeiros da Terra Ind\u00edgena Yanomami e um atendimento especial em sa\u00fade para as pessoas que est\u00e3o contaminadas.<\/span><\/p>\n<p><span style=\"color: #000000;\">Foram coletadas 239 amostras de cabelo, priorizando os grupos mais vulner\u00e1veis \u00e0 contamina\u00e7\u00e3o: crian\u00e7as, mulheres em idade reprodutiva e adultos com algum hist\u00f3rico de contato direto com a atividade garimpeira. Tamb\u00e9m foram coletadas 35 amostras de peixes que s\u00e3o parte fundamental da dieta alimentar dos \u00edndios. O estudo foi realizado nas regi\u00f5es de <span style=\"color: #0000ff;\">Papi\u00fa<\/span> e<span style=\"color: #0000ff;\"> Waik\u00e1s<\/span>, onde residem as etnias<span style=\"color: #0000ff;\">\u00a0<a style=\"color: #0000ff;\" href=\"http:\/\/pib.socioambiental.org\/pt\/povo\/yanomami\" target=\"_blank\">yanomami<\/a><\/span>\u00a0e<span style=\"color: #0000ff;\">\u00a0<a style=\"color: #0000ff;\" href=\"http:\/\/pib.socioambiental.org\/pt\/povo\/yekuana\" target=\"_blank\">ye\u2019kwana<\/a>.<\/span><\/span><\/p>\n<p><span style=\"color: #000000;\">O caso mais alarmante foi o da comunidade yanomami de Araca\u00e7\u00e1, na regi\u00e3o de Waik\u00e1s, onde\u00a092% do total das amostras apresentaram alto \u00edndice de contamina\u00e7\u00e3o. Esta comunidade, entre todas as pesquisadas, \u00e9 a que tem o garimpo mais pr\u00f3ximo. J\u00e1 na regi\u00e3o do Papi\u00fa, onde foram registrados os menores \u00edndices de contamina\u00e7\u00e3o\u00a0\u200a\u2013\u00a0\u200a6,7% das amostras analisadas\u00a0\u2013\u00a0a presen\u00e7a garimpeira \u00e9 menos acentuada.<\/span><\/p>\n<p><span style=\"color: #ff0000;\"><strong>Os efeitos do merc\u00fario<\/strong><\/span><\/p>\n<p><span style=\"color: #000000;\">O merc\u00fario \u00e9 um metal altamente t\u00f3xico e seus danos costumam ser graves e permanentes: altera\u00e7\u00f5es diretas no sistema nervoso central, causando problemas de ordem cognitiva e motora, perda de vis\u00e3o, doen\u00e7as card\u00edacas entre outras debilidades.\u00a0Nas mulheres gestantes, os danos s\u00e3o ainda mais graves, pois o merc\u00fario atinge o feto, causando deforma\u00e7\u00f5es irrecuper\u00e1veis.<\/span><\/p>\n<p><span style=\"color: #ff0000;\"><strong>Aspectos \u00e9ticos da pesquisa<\/strong><\/span><\/p>\n<p><span style=\"color: #000000;\">As coletas foram precedidas por consultas aos ind\u00edgenas, que autorizaram a retirada de amostras de seus cabelos, com a condi\u00e7\u00e3o de que ap\u00f3s a an\u00e1lise elas seriam devolvidas. Este pedido se deve \u00e0 obriga\u00e7\u00e3o de que, para os yanomami, todos os pertences e partes corporais devem ser cremados ap\u00f3s a morte. \u00c9 tamb\u00e9m uma precau\u00e7\u00e3o adotada depois que tiveram conhecimento do<span style=\"color: #0000ff;\">\u00a0<a style=\"color: #0000ff;\" href=\"https:\/\/www.socioambiental.org\/pt-br\/tags\/sangue-yanomami\" target=\"_blank\">caso de roubo de seu sangue por pesquisadores norte-americanos na d\u00e9cada de 197<\/a>0.\u00a0<\/span><\/span><\/p>\n<p><strong><span style=\"color: #800000;\">Fonte: Assessoria de Imprensa FIOCRUZ<\/span><\/strong><\/p>\n","protected":false},"excerpt":{"rendered":"<p>&nbsp; O Dia do \u00cdndio \u00e9 comemorado nesta ter\u00e7a-feira (19\/4). No entanto, grande parte dos povos ind\u00edgenas n\u00e3o tem o que comemorar. Pelo contr\u00e1rio. Os yanomamis, por exemplo, v\u00eam sofrendo com a contamina\u00e7\u00e3o do merc\u00fario \u2013 problema causado pela invas\u00e3o dos garimpeiros. \u00c9 que mostra o estudo conduzido\u00a0estudo\u00a0conduzido pela Fiocruz, em parceria com o\u00a0Instituto Socioambiental\u00a0(ISA). [&hellip;]<\/p>\n","protected":false},"author":1,"featured_media":0,"comment_status":"open","ping_status":"open","sticky":false,"template":"","format":"quote","meta":{"_uag_custom_page_level_css":"","footnotes":""},"categories":[37],"tags":[627,1032,5092,5823,6254],"class_list":["post-1419","post","type-post","status-publish","format-quote","hentry","category-sustentabilidade","tag-altos-niveis-de-mercurio-entre-os-yanomamis","tag-associacao-do-povo-yekwana-do-brasil-apyb","tag-fiocruz","tag-hutukara-associacao-yanomami-hay","tag-instituto-socioambiental-isa-garimpeiros","post_format-post-format-quote"],"blocksy_meta":[],"spectra_blocks_featured_image_url":null,"spectra_blocks_author_info":{"display_name":"Jornal da Constru\u00e7\u00e3o Civil","avatar_url":"https:\/\/secure.gravatar.com\/avatar\/973c9774fd44ddaceb026973c4962faa70fc512bc4c9da68e8ebb40fecee6540?s=96&d=mm&r=g","author_link":"https:\/\/construcaocivil.siriusmarketingedesign.com.br\/?author=1","description":"Desde de 2013, levando muitas informa\u00e7\u00f5es, lan\u00e7amentos e produtos de qualidade para toda cadeia produtiva da constru\u00e7\u00e3o. O Futuro da constru\u00e7\u00e3o passa por aqui,"},"uagb_featured_image_src":{"full":false,"thumbnail":false,"medium":false,"medium_large":false,"large":false,"1536x1536":false,"2048x2048":false},"uagb_author_info":{"display_name":"Jornal da Constru\u00e7\u00e3o Civil","author_link":"https:\/\/construcaocivil.siriusmarketingedesign.com.br\/?author=1"},"uagb_comment_info":0,"uagb_excerpt":"&nbsp; O Dia do \u00cdndio \u00e9 comemorado nesta ter\u00e7a-feira (19\/4). No entanto, grande parte dos povos ind\u00edgenas n\u00e3o tem o que comemorar. Pelo contr\u00e1rio. Os yanomamis, por exemplo, v\u00eam sofrendo com a contamina\u00e7\u00e3o do merc\u00fario \u2013 problema causado pela invas\u00e3o dos garimpeiros. \u00c9 que mostra o estudo conduzido\u00a0estudo\u00a0conduzido pela Fiocruz, em parceria com o\u00a0Instituto Socioambiental\u00a0(ISA).&hellip;","_links":{"self":[{"href":"https:\/\/construcaocivil.siriusmarketingedesign.com.br\/index.php?rest_route=\/wp\/v2\/posts\/1419","targetHints":{"allow":["GET"]}}],"collection":[{"href":"https:\/\/construcaocivil.siriusmarketingedesign.com.br\/index.php?rest_route=\/wp\/v2\/posts"}],"about":[{"href":"https:\/\/construcaocivil.siriusmarketingedesign.com.br\/index.php?rest_route=\/wp\/v2\/types\/post"}],"author":[{"embeddable":true,"href":"https:\/\/construcaocivil.siriusmarketingedesign.com.br\/index.php?rest_route=\/wp\/v2\/users\/1"}],"replies":[{"embeddable":true,"href":"https:\/\/construcaocivil.siriusmarketingedesign.com.br\/index.php?rest_route=%2Fwp%2Fv2%2Fcomments&post=1419"}],"version-history":[{"count":0,"href":"https:\/\/construcaocivil.siriusmarketingedesign.com.br\/index.php?rest_route=\/wp\/v2\/posts\/1419\/revisions"}],"wp:attachment":[{"href":"https:\/\/construcaocivil.siriusmarketingedesign.com.br\/index.php?rest_route=%2Fwp%2Fv2%2Fmedia&parent=1419"}],"wp:term":[{"taxonomy":"category","embeddable":true,"href":"https:\/\/construcaocivil.siriusmarketingedesign.com.br\/index.php?rest_route=%2Fwp%2Fv2%2Fcategories&post=1419"},{"taxonomy":"post_tag","embeddable":true,"href":"https:\/\/construcaocivil.siriusmarketingedesign.com.br\/index.php?rest_route=%2Fwp%2Fv2%2Ftags&post=1419"}],"curies":[{"name":"wp","href":"https:\/\/api.w.org\/{rel}","templated":true}]}}