{"id":14208,"date":"2020-08-05T15:42:57","date_gmt":"2020-08-05T18:42:57","guid":{"rendered":"https:\/\/www.jornaldaconstrucaocivil.com.br\/?p=14208"},"modified":"2020-08-05T15:42:57","modified_gmt":"2020-08-05T18:42:57","slug":"lab-habitacao-inovacao-e-moradia-esta-com-as-inscricoes-abertas","status":"publish","type":"post","link":"https:\/\/construcaocivil.siriusmarketingedesign.com.br\/?p=14208","title":{"rendered":"Lab Habita\u00e7\u00e3o: Inova\u00e7\u00e3o e Moradia est\u00e1 com as inscri\u00e7\u00f5es abertas"},"content":{"rendered":"<p style=\"text-align: justify;\"><span style=\"color: #993300;\"><em>Agosto de 2020 <\/em><\/span><strong><em>\u2013<\/em><\/strong>\u00a0A miss\u00e3o do seu neg\u00f3cio \u00e9 tornar as moradias mais dignas e salubres? Com esse mote propositivo, Artemisia e Gerdau abrem as inscri\u00e7\u00f5es para a terceira edi\u00e7\u00e3o do\u00a0<strong><em>Lab Habita\u00e7\u00e3o: Inova\u00e7\u00e3o e Moradia<\/em><\/strong><strong>,\u00a0<\/strong>que conta\u00a0com a parceria do Instituto Vedacit, Tigre e Votorantim Cimentos, al\u00e9m do apoio da CAIXA e do Conselho de Arquitetura e Urbanismo do Brasil (CAU\/BR). O programa de acelera\u00e7\u00e3o de curta dura\u00e7\u00e3o est\u00e1 com as inscri\u00e7\u00f5es abertas de 4 a 24 de agosto e vai selecionar at\u00e9 15 neg\u00f3cios de impacto social que est\u00e3o endere\u00e7ando problemas de habita\u00e7\u00e3o da popula\u00e7\u00e3o em situa\u00e7\u00e3o de vulnerabilidade social. A proposta \u00e9 fortalecer empreendedores que conduzem solu\u00e7\u00f5es destinadas a tornar as moradias mais saud\u00e1veis, dignas e confort\u00e1veis, com potencial de atender milhares de brasileiros.<\/p>\n<p style=\"text-align: justify;\">As inscri\u00e7\u00f5es podem ser feitas pelo site\u00a0<span style=\"color: #0000ff;\"><a style=\"color: #0000ff;\" href=\"http:\/\/www.artemisia.org.br\/labhabitacao\/\" target=\"_blank\" rel=\"noopener noreferrer\">www.artemisia.org.br\/labhabitacao\/<\/a><\/span><\/p>\n<p style=\"text-align: justify;\">Para o\u00a0<strong><em>Lab Habita\u00e7\u00e3o: Inova\u00e7\u00e3o e Moradia<\/em><\/strong>, as organiza\u00e7\u00f5es realizadoras est\u00e3o em busca de empreendedores de todo o Brasil, que tenham neg\u00f3cios inovadores, com potencial de gerar impacto positivo e que estejam alinhados aos temas: acesso \u00e0 moradia de qualidade (foco em qualificar a moradia da popula\u00e7\u00e3o de menor renda com acesso a meios de compra, venda, aluguel, troca); reformas habitacionais (solu\u00e7\u00f5es que auxiliem a popula\u00e7\u00e3o de baixa renda a conseguir reformar suas moradias de forma acess\u00edvel e desburocratizada); \u00e1gua e saneamento (focadas em promover acesso a servi\u00e7os b\u00e1sicos de saneamento, \u00e1gua pot\u00e1vel e coleta de res\u00edduos);empregabilidade na constru\u00e7\u00e3o civil (solu\u00e7\u00f5es que ampliem oportunidades de trabalhadores da constru\u00e7\u00e3o civil e qualifiquem a m\u00e3o de obra); inova\u00e7\u00e3o na constru\u00e7\u00e3o civil (solu\u00e7\u00f5es que inovem a constru\u00e7\u00e3o civil, gerando efici\u00eancia na produ\u00e7\u00e3o, desenvolvimento de materiais e m\u00e9todos produtivos); acesso a microcr\u00e9dito habitacional (solu\u00e7\u00f5es que facilitem o acesso a cr\u00e9dito imobili\u00e1rio com taxas acess\u00edveis, podendo tamb\u00e9m auxiliar no pagamento de reformas na moradia); gest\u00e3o de condom\u00ednios de habita\u00e7\u00e3o popular (solu\u00e7\u00f5es que qualifiquem e otimizem a gest\u00e3o de condom\u00ednios e habita\u00e7\u00f5es populares, gerando inser\u00e7\u00e3o social e econ\u00f4mica \u00e0s fam\u00edlias impactadas); regulariza\u00e7\u00e3o fundi\u00e1ria<strong>\u00a0(<\/strong>solu\u00e7\u00f5es que apoiem a regulariza\u00e7\u00e3o de fam\u00edlias em ocupa\u00e7\u00f5es irregulares e diminuam custos com burocracias do processo); infraestrutura e melhoria do espa\u00e7o p\u00fablico (solu\u00e7\u00f5es que promovam a qualifica\u00e7\u00e3o dos espa\u00e7os p\u00fablicos no entorno de moradias populares, com propostas de lazer, atividades f\u00edsicas, benfeitorias); e energia (solu\u00e7\u00f5es que visem gerar efici\u00eancia energ\u00e9tica, consumo consciente, gera\u00e7\u00e3o distribu\u00edda e fontes alternativas de energia).<\/p>\n<p style=\"text-align: justify;\">Em sua terceira edi\u00e7\u00e3o, o programa traz algumas novidades: passou a ser totalmente online \u2013 formato que permite uma maior diversidade regional e responde ao contexto da pandemia da Covid-19 \u2013; foi estendido, tendo agora dura\u00e7\u00e3o de 12 semanas; as forma\u00e7\u00f5es ser\u00e3o no final da tarde para melhor encaixe nas agendas dos empreendedores; novos conte\u00fados associados ao momento atual foram acrescentados \u00e0 metodologia, sobretudo envolvendo os desafios de sobreviv\u00eancia do neg\u00f3cio; e houve um aumento do valor do capital semente, que passou a ser de R$ 30 mil para cada um dos tr\u00eas neg\u00f3cios que se destacarem ao longo da acelera\u00e7\u00e3o. Al\u00e9m do recurso financeiro, os destaques tamb\u00e9m ter\u00e3o acesso, por mais tr\u00eas meses ap\u00f3s o programa, a uma metodologia intensiva e personalizada com foco no desenvolvimento individual do neg\u00f3cio \u2013 um dos grandes diferenciais do ano.<\/p>\n<p style=\"text-align: justify;\">Segundo Maure Pessanha, diretora-executiva da Artemisia, o programa \u2013 que j\u00e1 apoiou mais de 50 empreendedores \u2013 foi idealizado para fortalecer os neg\u00f3cios de impacto por meio de conte\u00fados pr\u00e1ticos, recursos e conex\u00f5es relevantes para que as iniciativas sejam potencializadas e possam melhorar as condi\u00e7\u00f5es de moradia de milhares de brasileiros. \u201cNa edi\u00e7\u00e3o 2020, a jornada ser\u00e1 totalmente online e ministrada ao longo de 12 semanas. Para responder ao cen\u00e1rio atual, os conte\u00fados foram aprimorados para responder aos desafios do momento, o que envolve focar em habilidades empreendedoras e fortalecimento dos neg\u00f3cios. Nesse sentido, o\u00a0<em>lab<\/em>\u00a0trar\u00e1 capacita\u00e7\u00e3o sobre como o empreendedor pode identificar os principais desafios do neg\u00f3cio; validar hip\u00f3teses; conduzir a\u00e7\u00f5es mais assertivas; avaliar os resultados; e definir os pr\u00f3ximos passos\u201d, afirma a executiva, acrescentando que os participantes ter\u00e3o acesso a uma curadoria de conhecimento, composto por ferramentas e conte\u00fados de enfrentamento \u00e0 crise.<\/p>\n<p style=\"text-align: justify;\">Maure destaca ainda a relev\u00e2ncia e urg\u00eancia da tem\u00e1tica: \u201c\u00c9 urgente lan\u00e7armos o olhar para o contingente de pessoas vivendo em condi\u00e7\u00f5es inadequadas. Empreendedores e empreendedoras de todo o pa\u00eds t\u00eam desenvolvido solu\u00e7\u00f5es inovadoras e acess\u00edveis, relacionadas aos desafios de moradia que afligem a popula\u00e7\u00e3o mais vulner\u00e1vel. Iremos apoiar essas iniciativas para que possam se fortalecer e impactar positivamente a vida de muitos brasileiros.\u201d<\/p>\n<p style=\"text-align: justify;\">Para Marcos Faraco, diretor-executivo da Gerdau A\u00e7os do Brasil, \u201cneg\u00f3cios de impacto social podem oferecer solu\u00e7\u00f5es que colaborem com os temas de habita\u00e7\u00e3o para popula\u00e7\u00e3o de baixa renda no pa\u00eds. Buscamos empoderar pessoas e empresas interessadas em transformar o cotidiano da popula\u00e7\u00e3o brasileira.\u201d<\/p>\n<p>&nbsp;<\/p>\n<p>Fonte: Artemisia<\/p>\n<p style=\"text-align: justify;\">\n","protected":false},"excerpt":{"rendered":"<p>Agosto de 2020 \u2013\u00a0A miss\u00e3o do seu neg\u00f3cio \u00e9 tornar as moradias mais dignas e salubres? Com esse mote propositivo, Artemisia e Gerdau abrem as inscri\u00e7\u00f5es para a terceira edi\u00e7\u00e3o do\u00a0Lab Habita\u00e7\u00e3o: Inova\u00e7\u00e3o e Moradia,\u00a0que conta\u00a0com a parceria do Instituto Vedacit, Tigre e Votorantim Cimentos, al\u00e9m do apoio da CAIXA e do Conselho de Arquitetura [&hellip;]<\/p>\n","protected":false},"author":1,"featured_media":14209,"comment_status":"open","ping_status":"open","sticky":false,"template":"","format":"standard","meta":{"_uag_custom_page_level_css":"","footnotes":""},"categories":[27],"tags":[19083,19085,2015,5418,19086,5732,19084,19087,19082,19088,17202,12480],"class_list":["post-14208","post","type-post","status-publish","format-standard","has-post-thumbnail","hentry","category-acontece","tag-artemisa","tag-artemisia","tag-cau-br","tag-gerdau","tag-gerdau-acos-e-vergalhoes","tag-habitacao-popular","tag-instituto-vedaci","tag-lab-habitacao-inovacao","tag-mordias-populares","tag-sua-casa-voce-faz","tag-tigre-tubos-e-conexoes","tag-votorantim-cimentos"],"blocksy_meta":[],"spectra_blocks_featured_image_url":{"thumbnail":{"url":"https:\/\/construcaocivil.siriusmarketingedesign.com.br\/wp-content\/uploads\/2020\/08\/1Artemisia-LabHabitacao1-150x150.jpg","width":150,"height":150},"medium":{"url":"https:\/\/construcaocivil.siriusmarketingedesign.com.br\/wp-content\/uploads\/2020\/08\/1Artemisia-LabHabitacao1-300x200.jpg","width":300,"height":200},"medium_large":{"url":"https:\/\/construcaocivil.siriusmarketingedesign.com.br\/wp-content\/uploads\/2020\/08\/1Artemisia-LabHabitacao1-768x512.jpg","width":768,"height":512},"large":{"url":"https:\/\/construcaocivil.siriusmarketingedesign.com.br\/wp-content\/uploads\/2020\/08\/1Artemisia-LabHabitacao1-1024x683.jpg","width":1024,"height":683},"full":{"url":"https:\/\/construcaocivil.siriusmarketingedesign.com.br\/wp-content\/uploads\/2020\/08\/1Artemisia-LabHabitacao1-scaled.jpg","width":2560,"height":1707}},"spectra_blocks_author_info":{"display_name":"Jornal da Constru\u00e7\u00e3o Civil","avatar_url":"https:\/\/secure.gravatar.com\/avatar\/973c9774fd44ddaceb026973c4962faa70fc512bc4c9da68e8ebb40fecee6540?s=96&d=mm&r=g","author_link":"https:\/\/construcaocivil.siriusmarketingedesign.com.br\/?author=1","description":"Desde de 2013, levando muitas informa\u00e7\u00f5es, lan\u00e7amentos e produtos de qualidade para toda cadeia produtiva da constru\u00e7\u00e3o. O Futuro da constru\u00e7\u00e3o passa por aqui,"},"uagb_featured_image_src":{"full":["https:\/\/construcaocivil.siriusmarketingedesign.com.br\/wp-content\/uploads\/2020\/08\/1Artemisia-LabHabitacao1-scaled.jpg",2560,1707,false],"thumbnail":["https:\/\/construcaocivil.siriusmarketingedesign.com.br\/wp-content\/uploads\/2020\/08\/1Artemisia-LabHabitacao1-150x150.jpg",150,150,true],"medium":["https:\/\/construcaocivil.siriusmarketingedesign.com.br\/wp-content\/uploads\/2020\/08\/1Artemisia-LabHabitacao1-300x200.jpg",300,200,true],"medium_large":["https:\/\/construcaocivil.siriusmarketingedesign.com.br\/wp-content\/uploads\/2020\/08\/1Artemisia-LabHabitacao1-768x512.jpg",768,512,true],"large":["https:\/\/construcaocivil.siriusmarketingedesign.com.br\/wp-content\/uploads\/2020\/08\/1Artemisia-LabHabitacao1-1024x683.jpg",1024,683,true],"1536x1536":["https:\/\/construcaocivil.siriusmarketingedesign.com.br\/wp-content\/uploads\/2020\/08\/1Artemisia-LabHabitacao1-1536x1024.jpg",1536,1024,true],"2048x2048":["https:\/\/construcaocivil.siriusmarketingedesign.com.br\/wp-content\/uploads\/2020\/08\/1Artemisia-LabHabitacao1-2048x1365.jpg",2048,1365,true]},"uagb_author_info":{"display_name":"Jornal da Constru\u00e7\u00e3o Civil","author_link":"https:\/\/construcaocivil.siriusmarketingedesign.com.br\/?author=1"},"uagb_comment_info":0,"uagb_excerpt":"Agosto de 2020 \u2013\u00a0A miss\u00e3o do seu neg\u00f3cio \u00e9 tornar as moradias mais dignas e salubres? Com esse mote propositivo, Artemisia e Gerdau abrem as inscri\u00e7\u00f5es para a terceira edi\u00e7\u00e3o do\u00a0Lab Habita\u00e7\u00e3o: Inova\u00e7\u00e3o e Moradia,\u00a0que conta\u00a0com a parceria do Instituto Vedacit, Tigre e Votorantim Cimentos, al\u00e9m do apoio da CAIXA e do Conselho de Arquitetura&hellip;","_links":{"self":[{"href":"https:\/\/construcaocivil.siriusmarketingedesign.com.br\/index.php?rest_route=\/wp\/v2\/posts\/14208","targetHints":{"allow":["GET"]}}],"collection":[{"href":"https:\/\/construcaocivil.siriusmarketingedesign.com.br\/index.php?rest_route=\/wp\/v2\/posts"}],"about":[{"href":"https:\/\/construcaocivil.siriusmarketingedesign.com.br\/index.php?rest_route=\/wp\/v2\/types\/post"}],"author":[{"embeddable":true,"href":"https:\/\/construcaocivil.siriusmarketingedesign.com.br\/index.php?rest_route=\/wp\/v2\/users\/1"}],"replies":[{"embeddable":true,"href":"https:\/\/construcaocivil.siriusmarketingedesign.com.br\/index.php?rest_route=%2Fwp%2Fv2%2Fcomments&post=14208"}],"version-history":[{"count":0,"href":"https:\/\/construcaocivil.siriusmarketingedesign.com.br\/index.php?rest_route=\/wp\/v2\/posts\/14208\/revisions"}],"wp:featuredmedia":[{"embeddable":true,"href":"https:\/\/construcaocivil.siriusmarketingedesign.com.br\/index.php?rest_route=\/wp\/v2\/media\/14209"}],"wp:attachment":[{"href":"https:\/\/construcaocivil.siriusmarketingedesign.com.br\/index.php?rest_route=%2Fwp%2Fv2%2Fmedia&parent=14208"}],"wp:term":[{"taxonomy":"category","embeddable":true,"href":"https:\/\/construcaocivil.siriusmarketingedesign.com.br\/index.php?rest_route=%2Fwp%2Fv2%2Fcategories&post=14208"},{"taxonomy":"post_tag","embeddable":true,"href":"https:\/\/construcaocivil.siriusmarketingedesign.com.br\/index.php?rest_route=%2Fwp%2Fv2%2Ftags&post=14208"}],"curies":[{"name":"wp","href":"https:\/\/api.w.org\/{rel}","templated":true}]}}