{"id":14231,"date":"2020-08-08T16:13:12","date_gmt":"2020-08-08T19:13:12","guid":{"rendered":"https:\/\/www.jornaldaconstrucaocivil.com.br\/?p=14231"},"modified":"2020-08-08T16:13:12","modified_gmt":"2020-08-08T19:13:12","slug":"lab-habitacao-inovacao-e-moradia-esta-com-as-inscricoes-abertas-2","status":"publish","type":"post","link":"https:\/\/construcaocivil.siriusmarketingedesign.com.br\/?p=14231","title":{"rendered":"Lab Habita\u00e7\u00e3o: inova\u00e7\u00e3o e moradia est\u00e1 com as inscri\u00e7\u00f5es abertas"},"content":{"rendered":"<p class=\"v1MsoNormal\" style=\"text-align: justify;\"><i>Julho, 2020 &#8211; O programa de acelera\u00e7\u00e3o de curta dura\u00e7\u00e3o vai selecionar at\u00e9 15 neg\u00f3cios de impacto social para uma jornada de 12 semanas. Os tr\u00eas neg\u00f3cios que se destacarem ao longo do processo poder\u00e3o receber capital semente de R$ 30 mil cada e acesso a uma metodologia de desenvolvimento do neg\u00f3cio intensiva e personalizada com dura\u00e7\u00e3o de at\u00e9 tr\u00eas meses ap\u00f3s a conclus\u00e3o do programa. Gratuitas, as inscri\u00e7\u00f5es est\u00e3o abertas at\u00e9 24 de agosto e podem ser feitas pelo site<span style=\"color: #0000ff;\">\u00a0<\/span><\/i><span style=\"color: #0000ff;\"><a style=\"color: #0000ff;\" href=\"http:\/\/www.artemisia.org.br\/labhabitacao\/\" target=\"_blank\" rel=\"noopener noreferrer\"><i>www.artemisia.org.br\/labhabitacao\/<\/i><\/a><\/span><\/p>\n<p class=\"v1MsoNormal\" style=\"text-align: justify;\"><i>\u00a0\u00a0<\/i>A miss\u00e3o do seu neg\u00f3cio \u00e9 tornar as moradias mais dignas e salubres? Com esse mote propositivo, Artemisia e Gerdau abrem as inscri\u00e7\u00f5es para a terceira edi\u00e7\u00e3o do\u00a0<b><i>Lab Habita\u00e7\u00e3o: Inova\u00e7\u00e3o e Moradia<\/i>,\u00a0<\/b>que conta com a parceria do Instituto Vedacit, Tigre e Votorantim Cimentos, al\u00e9m do apoio da CAIXA, do Conselho de Arquitetura e Urbanismo do Brasil (CAU\/BR) e da Vivenda. O programa de acelera\u00e7\u00e3o de curta dura\u00e7\u00e3o est\u00e1 com as inscri\u00e7\u00f5es abertas de 4 a 24 de agosto e vai selecionar at\u00e9 15 neg\u00f3cios de impacto social que est\u00e3o endere\u00e7ando problemas de habita\u00e7\u00e3o da popula\u00e7\u00e3o em situa\u00e7\u00e3o de vulnerabilidade social. A proposta \u00e9 fortalecer empreendedores que conduzem solu\u00e7\u00f5es destinadas a tornar as moradias mais saud\u00e1veis, dignas e confort\u00e1veis, com potencial de atender milhares de brasileiros. As inscri\u00e7\u00f5es podem ser feitas pelo site<a href=\"http:\/\/www.artemisia.org.br\/labhabitacao\/\" target=\"_blank\" rel=\"noopener noreferrer\">\u00a0www.artemisia.org.br\/labhabitacao\/<\/a>.<\/p>\n<p class=\"v1MsoNormal\" style=\"text-align: justify;\">Para o\u00a0<b><i>Lab Habita\u00e7\u00e3o: Inova\u00e7\u00e3o e Moradia<\/i><\/b>, as organiza\u00e7\u00f5es realizadoras est\u00e3o em busca de empreendedores de todo o Brasil, que tenham neg\u00f3cios inovadores, com potencial de gerar impacto positivo e que estejam alinhados aos temas: acesso \u00e0 moradia de qualidade (foco em qualificar a moradia da popula\u00e7\u00e3o de menor renda com acesso a meios de compra, venda, aluguel, troca); reformas habitacionais (solu\u00e7\u00f5es que auxiliem a popula\u00e7\u00e3o de baixa renda a conseguir reformar suas moradias de forma acess\u00edvel e desburocratizada); \u00e1gua e saneamento (focadas em promover acesso a servi\u00e7os b\u00e1sicos de saneamento, \u00e1gua pot\u00e1vel e coleta de res\u00edduos); empregabilidade na constru\u00e7\u00e3o civil (solu\u00e7\u00f5es que ampliem oportunidades de trabalhadores da constru\u00e7\u00e3o civil e qualifiquem a m\u00e3o de obra); inova\u00e7\u00e3o na constru\u00e7\u00e3o civil (solu\u00e7\u00f5es que inovem a constru\u00e7\u00e3o civil, gerando efici\u00eancia na produ\u00e7\u00e3o, desenvolvimento de materiais e m\u00e9todos produtivos); acesso a microcr\u00e9dito habitacional (solu\u00e7\u00f5es que facilitem o acesso a cr\u00e9dito imobili\u00e1rio com taxas acess\u00edveis, podendo tamb\u00e9m auxiliar no pagamento de reformas na moradia); gest\u00e3o de condom\u00ednios de habita\u00e7\u00e3o popular (solu\u00e7\u00f5es que qualifiquem e otimizem a gest\u00e3o de condom\u00ednios e habita\u00e7\u00f5es populares, gerando inser\u00e7\u00e3o social e econ\u00f4mica \u00e0s fam\u00edlias impactadas);<b>\u00a0<\/b>regulariza\u00e7\u00e3o fundi\u00e1ria<b>\u00a0<\/b>(solu\u00e7\u00f5es que apoiem a regulariza\u00e7\u00e3o de fam\u00edlias em ocupa\u00e7\u00f5es irregulares e diminuam custos com burocracias do processo); infraestrutura e melhoria do espa\u00e7o p\u00fablico (solu\u00e7\u00f5es que promovam a qualifica\u00e7\u00e3o dos espa\u00e7os p\u00fablicos no entorno de moradias populares, com propostas de lazer, atividades f\u00edsicas, benfeitorias); e energia (solu\u00e7\u00f5es que visem gerar efici\u00eancia energ\u00e9tica, consumo consciente, gera\u00e7\u00e3o distribu\u00edda e fontes alternativas de energia).<\/p>\n<p class=\"v1MsoNormal\" style=\"text-align: justify;\">Em sua terceira edi\u00e7\u00e3o, o programa traz algumas novidades: passou a ser totalmente online \u2013 formato que permite uma maior diversidade regional e responde ao contexto da pandemia da Covid-19 \u2013; foi estendido, tendo agora dura\u00e7\u00e3o de 12 semanas; as forma\u00e7\u00f5es ser\u00e3o no final da tarde para melhor encaixe nas agendas dos empreendedores; novos conte\u00fados associados ao momento atual foram acrescentados \u00e0 metodologia, sobretudo envolvendo os desafios de sobreviv\u00eancia do neg\u00f3cio; e houve um aumento do valor do capital semente, que passou a ser de R$ 30 mil para cada um dos tr\u00eas neg\u00f3cios que se destacarem ao longo da acelera\u00e7\u00e3o. Al\u00e9m do recurso financeiro, os destaques tamb\u00e9m ter\u00e3o acesso, por mais tr\u00eas meses ap\u00f3s o programa, a uma metodologia intensiva e personalizada com foco no desenvolvimento individual do neg\u00f3cio \u2013 um dos grandes diferenciais do ano.<\/p>\n<p class=\"v1MsoNormal\" style=\"text-align: justify;\">Segundo Maure Pessanha, diretora-executiva da Artemisia, o programa \u2013 que j\u00e1 apoiou mais de 50 empreendedores \u2013 foi idealizado para fortalecer os neg\u00f3cios de impacto por meio de conte\u00fados pr\u00e1ticos, recursos e conex\u00f5es relevantes para que as iniciativas sejam potencializadas e possam melhorar as condi\u00e7\u00f5es de moradia de milhares de brasileiros. &#8220;Na edi\u00e7\u00e3o 2020, a jornada ser\u00e1 totalmente online e ministrada ao longo de 12 semanas. Para responder ao cen\u00e1rio atual, os conte\u00fados foram aprimorados para responder aos desafios do momento, o que envolve focar em habilidades empreendedoras e fortalecimento dos neg\u00f3cios. Nesse sentido, o\u00a0<i>lab<\/i>\u00a0trar\u00e1 capacita\u00e7\u00e3o sobre como o empreendedor pode identificar os principais desafios do neg\u00f3cio; validar hip\u00f3teses; conduzir a\u00e7\u00f5es mais assertivas; avaliar os resultados; e definir os pr\u00f3ximos passos&#8221;, afirma a executiva, acrescentando que os participantes ter\u00e3o acesso a uma curadoria de conhecimento, composto por ferramentas e conte\u00fados de enfrentamento \u00e0 crise.<\/p>\n<p class=\"v1MsoNormal\" style=\"text-align: justify;\">Maure destaca ainda a relev\u00e2ncia e urg\u00eancia da tem\u00e1tica: &#8220;\u00c9 urgente lan\u00e7armos o olhar para o contingente de pessoas vivendo em condi\u00e7\u00f5es inadequadas. Empreendedores e empreendedoras de todo o pa\u00eds t\u00eam desenvolvido solu\u00e7\u00f5es inovadoras e acess\u00edveis, relacionadas aos desafios de moradia que afligem a popula\u00e7\u00e3o mais vulner\u00e1vel. Iremos apoiar essas iniciativas para que possam se fortalecer e impactar positivamente a vida de muitos brasileiros.&#8221;<\/p>\n<p class=\"v1MsoNormal\" style=\"text-align: justify;\">Para Marcos Faraco, diretor-executivo da Gerdau A\u00e7os do Brasil, &#8220;neg\u00f3cios de impacto social podem oferecer solu\u00e7\u00f5es que colaborem com os temas de habita\u00e7\u00e3o para popula\u00e7\u00e3o de baixa renda no pa\u00eds. Buscamos empoderar pessoas e empresas interessadas em transformar o cotidiano da popula\u00e7\u00e3o brasileira.&#8221;<\/p>\n<p class=\"v1MsoNormal\" style=\"text-align: justify;\">Luis Fernando Guggenberger, executivo de Inova\u00e7\u00e3o e Sustentabilidade da Vedacit, ressalta que o Lab Habita\u00e7\u00e3o se preocupa com a jornada do empreendedor como um todo, trabalhando com uma s\u00e9rie de ferramentas para o neg\u00f3cio social se desenvolver. &#8220;Pensar no p\u00f3s \u00e9 um grande diferencial. Temos que nos preocupar com a perenidade dos neg\u00f3cios. Em uma crise como a que enfrentamos atualmente, as startups que est\u00e3o se desenvolvendo, em fase inicial ou de estrutura\u00e7\u00e3o, ficam fragilizadas e precisamos pensar em mecanismos de suporte para apoi\u00e1-las. A atua\u00e7\u00e3o conjunta no Lab, visando o desenvolvimento a longo prazo, \u00e9 essencial para o progresso do ecossistema de neg\u00f3cios sociais&#8221;, reitera.<b><\/b><\/p>\n<p class=\"v1MsoNormal\">Fonte: Instituto Vedacit<\/p>\n","protected":false},"excerpt":{"rendered":"<p>Julho, 2020 &#8211; O programa de acelera\u00e7\u00e3o de curta dura\u00e7\u00e3o vai selecionar at\u00e9 15 neg\u00f3cios de impacto social para uma jornada de 12 semanas. Os tr\u00eas neg\u00f3cios que se destacarem ao longo do processo poder\u00e3o receber capital semente de R$ 30 mil cada e acesso a uma metodologia de desenvolvimento do neg\u00f3cio intensiva e personalizada [&hellip;]<\/p>\n","protected":false},"author":1,"featured_media":14232,"comment_status":"open","ping_status":"open","sticky":false,"template":"","format":"standard","meta":{"_uag_custom_page_level_css":"","footnotes":""},"categories":[30],"tags":[1675,19102,2015,5418,19099,19103,19101,19100,14342,12233],"class_list":["post-14231","post","type-post","status-publish","format-standard","has-post-thumbnail","hentry","category-imoveis","tag-caixa","tag-casa-e-moradia-digna","tag-cau-br","tag-gerdau","tag-lab-habitacao-inovacao-e-moradia","tag-moradias-populares","tag-onu-habit","tag-sem-habitacao-nao-ha-cidadania","tag-tigre","tag-vedacit"],"blocksy_meta":[],"spectra_blocks_featured_image_url":{"thumbnail":{"url":"https:\/\/construcaocivil.siriusmarketingedesign.com.br\/wp-content\/uploads\/2020\/08\/Post-2_Lab-Habita\u00e7\u00e3o-3\u00aa-edi\u00e7\u00e3o_Artemisia_Gerdau-150x150.png","width":150,"height":150},"medium":{"url":"https:\/\/construcaocivil.siriusmarketingedesign.com.br\/wp-content\/uploads\/2020\/08\/Post-2_Lab-Habita\u00e7\u00e3o-3\u00aa-edi\u00e7\u00e3o_Artemisia_Gerdau-300x300.png","width":300,"height":300},"medium_large":{"url":"https:\/\/construcaocivil.siriusmarketingedesign.com.br\/wp-content\/uploads\/2020\/08\/Post-2_Lab-Habita\u00e7\u00e3o-3\u00aa-edi\u00e7\u00e3o_Artemisia_Gerdau-768x768.png","width":768,"height":768},"large":{"url":"https:\/\/construcaocivil.siriusmarketingedesign.com.br\/wp-content\/uploads\/2020\/08\/Post-2_Lab-Habita\u00e7\u00e3o-3\u00aa-edi\u00e7\u00e3o_Artemisia_Gerdau-1024x1024.png","width":1024,"height":1024},"full":{"url":"https:\/\/construcaocivil.siriusmarketingedesign.com.br\/wp-content\/uploads\/2020\/08\/Post-2_Lab-Habita\u00e7\u00e3o-3\u00aa-edi\u00e7\u00e3o_Artemisia_Gerdau.png","width":1080,"height":1080}},"spectra_blocks_author_info":{"display_name":"Jornal da Constru\u00e7\u00e3o Civil","avatar_url":"https:\/\/secure.gravatar.com\/avatar\/973c9774fd44ddaceb026973c4962faa70fc512bc4c9da68e8ebb40fecee6540?s=96&d=mm&r=g","author_link":"https:\/\/construcaocivil.siriusmarketingedesign.com.br\/?author=1","description":"Desde de 2013, levando muitas informa\u00e7\u00f5es, lan\u00e7amentos e produtos de qualidade para toda cadeia produtiva da constru\u00e7\u00e3o. O Futuro da constru\u00e7\u00e3o passa por aqui,"},"uagb_featured_image_src":{"full":["https:\/\/construcaocivil.siriusmarketingedesign.com.br\/wp-content\/uploads\/2020\/08\/Post-2_Lab-Habita\u00e7\u00e3o-3\u00aa-edi\u00e7\u00e3o_Artemisia_Gerdau.png",1080,1080,false],"thumbnail":["https:\/\/construcaocivil.siriusmarketingedesign.com.br\/wp-content\/uploads\/2020\/08\/Post-2_Lab-Habita\u00e7\u00e3o-3\u00aa-edi\u00e7\u00e3o_Artemisia_Gerdau-150x150.png",150,150,true],"medium":["https:\/\/construcaocivil.siriusmarketingedesign.com.br\/wp-content\/uploads\/2020\/08\/Post-2_Lab-Habita\u00e7\u00e3o-3\u00aa-edi\u00e7\u00e3o_Artemisia_Gerdau-300x300.png",300,300,true],"medium_large":["https:\/\/construcaocivil.siriusmarketingedesign.com.br\/wp-content\/uploads\/2020\/08\/Post-2_Lab-Habita\u00e7\u00e3o-3\u00aa-edi\u00e7\u00e3o_Artemisia_Gerdau-768x768.png",768,768,true],"large":["https:\/\/construcaocivil.siriusmarketingedesign.com.br\/wp-content\/uploads\/2020\/08\/Post-2_Lab-Habita\u00e7\u00e3o-3\u00aa-edi\u00e7\u00e3o_Artemisia_Gerdau-1024x1024.png",1024,1024,true],"1536x1536":["https:\/\/construcaocivil.siriusmarketingedesign.com.br\/wp-content\/uploads\/2020\/08\/Post-2_Lab-Habita\u00e7\u00e3o-3\u00aa-edi\u00e7\u00e3o_Artemisia_Gerdau.png",1080,1080,false],"2048x2048":["https:\/\/construcaocivil.siriusmarketingedesign.com.br\/wp-content\/uploads\/2020\/08\/Post-2_Lab-Habita\u00e7\u00e3o-3\u00aa-edi\u00e7\u00e3o_Artemisia_Gerdau.png",1080,1080,false]},"uagb_author_info":{"display_name":"Jornal da Constru\u00e7\u00e3o Civil","author_link":"https:\/\/construcaocivil.siriusmarketingedesign.com.br\/?author=1"},"uagb_comment_info":0,"uagb_excerpt":"Julho, 2020 &#8211; O programa de acelera\u00e7\u00e3o de curta dura\u00e7\u00e3o vai selecionar at\u00e9 15 neg\u00f3cios de impacto social para uma jornada de 12 semanas. Os tr\u00eas neg\u00f3cios que se destacarem ao longo do processo poder\u00e3o receber capital semente de R$ 30 mil cada e acesso a uma metodologia de desenvolvimento do neg\u00f3cio intensiva e personalizada&hellip;","_links":{"self":[{"href":"https:\/\/construcaocivil.siriusmarketingedesign.com.br\/index.php?rest_route=\/wp\/v2\/posts\/14231","targetHints":{"allow":["GET"]}}],"collection":[{"href":"https:\/\/construcaocivil.siriusmarketingedesign.com.br\/index.php?rest_route=\/wp\/v2\/posts"}],"about":[{"href":"https:\/\/construcaocivil.siriusmarketingedesign.com.br\/index.php?rest_route=\/wp\/v2\/types\/post"}],"author":[{"embeddable":true,"href":"https:\/\/construcaocivil.siriusmarketingedesign.com.br\/index.php?rest_route=\/wp\/v2\/users\/1"}],"replies":[{"embeddable":true,"href":"https:\/\/construcaocivil.siriusmarketingedesign.com.br\/index.php?rest_route=%2Fwp%2Fv2%2Fcomments&post=14231"}],"version-history":[{"count":0,"href":"https:\/\/construcaocivil.siriusmarketingedesign.com.br\/index.php?rest_route=\/wp\/v2\/posts\/14231\/revisions"}],"wp:featuredmedia":[{"embeddable":true,"href":"https:\/\/construcaocivil.siriusmarketingedesign.com.br\/index.php?rest_route=\/wp\/v2\/media\/14232"}],"wp:attachment":[{"href":"https:\/\/construcaocivil.siriusmarketingedesign.com.br\/index.php?rest_route=%2Fwp%2Fv2%2Fmedia&parent=14231"}],"wp:term":[{"taxonomy":"category","embeddable":true,"href":"https:\/\/construcaocivil.siriusmarketingedesign.com.br\/index.php?rest_route=%2Fwp%2Fv2%2Fcategories&post=14231"},{"taxonomy":"post_tag","embeddable":true,"href":"https:\/\/construcaocivil.siriusmarketingedesign.com.br\/index.php?rest_route=%2Fwp%2Fv2%2Ftags&post=14231"}],"curies":[{"name":"wp","href":"https:\/\/api.w.org\/{rel}","templated":true}]}}