{"id":14240,"date":"2020-08-08T17:45:48","date_gmt":"2020-08-08T20:45:48","guid":{"rendered":"https:\/\/www.jornaldaconstrucaocivil.com.br\/?p=14240"},"modified":"2020-08-08T17:45:48","modified_gmt":"2020-08-08T20:45:48","slug":"na-contramao-da-crise-jamef-amplia-frota-e-abre-novas-vagas-para-motoristas","status":"publish","type":"post","link":"https:\/\/construcaocivil.siriusmarketingedesign.com.br\/?p=14240","title":{"rendered":"Na contram\u00e3o da crise, Jamef amplia frota e abre novas vagas para motoristas"},"content":{"rendered":"<p style=\"text-align: justify;\">Julho, 2020 &#8211; Na contram\u00e3o da crise causada pela pandemia do novo coronav\u00edrus, a Jamef Encomendas Urgentes novamente amplia e renova a sua frota de transfer\u00eancia, dando sequ\u00eancia aos investimentos em infraestrutura. Nesse sentido, recentemente adquiriram novos cavalos mec\u00e2nicos, trucks e carretas e ainda, para refor\u00e7ar o time de motoristas, abriram novas vagas para condutores da categoria.<\/p>\n<p style=\"text-align: justify;\"><em>\u201c<\/em>Mesmo com os grandes desafios trazidos pela crise, a Jamef se manteve fiel ao seu reconhecido n\u00edvel de servi\u00e7o, nos mantendo ao lado dos nossos clientes nesse momento t\u00e3o dif\u00edcil. Mais do que nunca entendemos que \u00e9 hora de acreditar, e investir, levando solu\u00e7\u00f5es sob medida para que eles possam fazer frente \u00e0 nova realidade, que traz uma mudan\u00e7a significativa nos h\u00e1bitos dos consumidores, e consequentemente em toda a cadeia log\u00edstica\u201d, comenta Ricardo Botelho, presidente da Jamef.<\/p>\n<p style=\"text-align: justify;\">Com o crescimento de alguns setores espec\u00edficos, como o com\u00e9rcio eletr\u00f4nico e produtos m\u00e9dico-hospitalares, a Jamef Encomendas Urgentes, sai na frente com novos projetos de investimentos. Mantendo o otimismo e a expectativa positiva em rela\u00e7\u00e3o ao aumento da demanda, a empresa conclui a primeira fase dessa expans\u00e3o com a\u00a0<strong>aquisi\u00e7\u00e3o de mais de 100 ve\u00edculos<\/strong>, que j\u00e1 est\u00e3o sendo entregues a partir desta segunda quinzena de julho.<\/p>\n<p style=\"text-align: justify;\">Os novos equipamentos que ir\u00e3o compor a frota, trar\u00e3o ainda mais agilidade durante todo processo operacional, garantindo a qualidade na presta\u00e7\u00e3o dos servi\u00e7os, especialmente em um per\u00edodo em que o mercado deve aquecer, al\u00e9m de toda a seguran\u00e7a e conforto oferecidos aos motoristas que atuar\u00e3o com esses equipamentos.\u00a0<em>\u201c<\/em>Todos os ve\u00edculos s\u00e3o muito bem equipados e de \u00faltima gera\u00e7\u00e3o. Essa condi\u00e7\u00e3o fortalece cada vez mais a confian\u00e7a de que os nossos investimentos envolvem firmar parcerias s\u00f3lidas com as melhores alternativas do mercado. Quando se trata de qualidade, n\u00e3o medimos esfor\u00e7os no que diz respeito \u00e0s inova\u00e7\u00f5es tecnol\u00f3gicas<em>\u201d<\/em>, comenta Pedro Maniscalco, diretor de opera\u00e7\u00f5es da Jamef.<\/p>\n<p style=\"text-align: justify;\">Este \u00e9 s\u00f3 o in\u00edcio desta nova fase de renova\u00e7\u00e3o e amplia\u00e7\u00e3o de toda a frota de transfer\u00eancia da Jamef, uma estrat\u00e9gia de planejamento bem estruturada, de impacto positivo e imediato e de grande ganho para toda empresa.\u00a0<em>\u201c<\/em>Mesmo diante de todos os desafios no que se refere \u00e0 economia brasileira e aos novos h\u00e1bitos, estamos otimistas quanto ao aumento da demanda. Os resultados t\u00eam sido positivos e nos fizeram rever projetos futuros, como o crescimento da frota e, consequentemente, o refor\u00e7o do nosso time de colaboradores<em>\u201d<\/em>, explica Pedro.<\/p>\n<p style=\"text-align: justify;\"><strong>Diferenciais da frota<\/strong><\/p>\n<p style=\"text-align: justify;\">O cavalo mec\u00e2nico automatizado se distingue de um ve\u00edculo de carga comum porque est\u00e1 totalmente equipado com suspen\u00e7\u00e3o pneum\u00e1tica, controle de tra\u00e7\u00e3o, freios ABS e o kit conforto. Um equipamento especialmente preparado para acoplar carretas e semirreboques e recomendados por possu\u00edrem grande capacidade para cargas e volumes, al\u00e9m de ampla diversidade de configura\u00e7\u00f5es poss\u00edveis.<\/p>\n<p style=\"text-align: justify;\">Para a empresa o mais importante dentro destas aplica\u00e7\u00f5es \u00e9 garantir o n\u00edvel de servi\u00e7o e as entregas no prazo.\u00a0<em>\u201cN\u00f3s temos um compromisso com os nossos clientes e colaboradores e \u00e9 desta forma que atuamos h\u00e1 57 anos\u201d<\/em>, conclui o diretor de opera\u00e7\u00f5es da Jamef.<\/p>\n<p>Fonte: JAMEF<\/p>\n<p style=\"text-align: justify;\">\n","protected":false},"excerpt":{"rendered":"<p>Julho, 2020 &#8211; Na contram\u00e3o da crise causada pela pandemia do novo coronav\u00edrus, a Jamef Encomendas Urgentes novamente amplia e renova a sua frota de transfer\u00eancia, dando sequ\u00eancia aos investimentos em infraestrutura. Nesse sentido, recentemente adquiriram novos cavalos mec\u00e2nicos, trucks e carretas e ainda, para refor\u00e7ar o time de motoristas, abriram novas vagas para condutores [&hellip;]<\/p>\n","protected":false},"author":1,"featured_media":14241,"comment_status":"open","ping_status":"open","sticky":false,"template":"","format":"standard","meta":{"_uag_custom_page_level_css":"","footnotes":""},"categories":[33],"tags":[1165,19113,19112,7672,10375,10668,11891],"class_list":["post-14240","post","type-post","status-publish","format-standard","has-post-thumbnail","hentry","category-mercado","tag-bahia","tag-empregos-para-motoristas","tag-jamef-abre-vagas-de-empregos","tag-minas-gerais","tag-rio-de-janeiro","tag-sao-paulo","tag-transporte-e-logistica"],"blocksy_meta":[],"spectra_blocks_featured_image_url":{"thumbnail":{"url":"https:\/\/construcaocivil.siriusmarketingedesign.com.br\/wp-content\/uploads\/2020\/08\/JAMEF-150x150.jpg","width":150,"height":150},"medium":{"url":"https:\/\/construcaocivil.siriusmarketingedesign.com.br\/wp-content\/uploads\/2020\/08\/JAMEF.jpg","width":300,"height":199},"medium_large":{"url":"https:\/\/construcaocivil.siriusmarketingedesign.com.br\/wp-content\/uploads\/2020\/08\/JAMEF.jpg","width":300,"height":199},"large":{"url":"https:\/\/construcaocivil.siriusmarketingedesign.com.br\/wp-content\/uploads\/2020\/08\/JAMEF.jpg","width":300,"height":199},"full":{"url":"https:\/\/construcaocivil.siriusmarketingedesign.com.br\/wp-content\/uploads\/2020\/08\/JAMEF.jpg","width":300,"height":199}},"spectra_blocks_author_info":{"display_name":"Jornal da Constru\u00e7\u00e3o Civil","avatar_url":"https:\/\/secure.gravatar.com\/avatar\/973c9774fd44ddaceb026973c4962faa70fc512bc4c9da68e8ebb40fecee6540?s=96&d=mm&r=g","author_link":"https:\/\/construcaocivil.siriusmarketingedesign.com.br\/?author=1","description":"Desde de 2013, levando muitas informa\u00e7\u00f5es, lan\u00e7amentos e produtos de qualidade para toda cadeia produtiva da constru\u00e7\u00e3o. O Futuro da constru\u00e7\u00e3o passa por aqui,"},"uagb_featured_image_src":{"full":["https:\/\/construcaocivil.siriusmarketingedesign.com.br\/wp-content\/uploads\/2020\/08\/JAMEF.jpg",300,199,false],"thumbnail":["https:\/\/construcaocivil.siriusmarketingedesign.com.br\/wp-content\/uploads\/2020\/08\/JAMEF-150x150.jpg",150,150,true],"medium":["https:\/\/construcaocivil.siriusmarketingedesign.com.br\/wp-content\/uploads\/2020\/08\/JAMEF.jpg",300,199,false],"medium_large":["https:\/\/construcaocivil.siriusmarketingedesign.com.br\/wp-content\/uploads\/2020\/08\/JAMEF.jpg",300,199,false],"large":["https:\/\/construcaocivil.siriusmarketingedesign.com.br\/wp-content\/uploads\/2020\/08\/JAMEF.jpg",300,199,false],"1536x1536":["https:\/\/construcaocivil.siriusmarketingedesign.com.br\/wp-content\/uploads\/2020\/08\/JAMEF.jpg",300,199,false],"2048x2048":["https:\/\/construcaocivil.siriusmarketingedesign.com.br\/wp-content\/uploads\/2020\/08\/JAMEF.jpg",300,199,false]},"uagb_author_info":{"display_name":"Jornal da Constru\u00e7\u00e3o Civil","author_link":"https:\/\/construcaocivil.siriusmarketingedesign.com.br\/?author=1"},"uagb_comment_info":0,"uagb_excerpt":"Julho, 2020 &#8211; Na contram\u00e3o da crise causada pela pandemia do novo coronav\u00edrus, a Jamef Encomendas Urgentes novamente amplia e renova a sua frota de transfer\u00eancia, dando sequ\u00eancia aos investimentos em infraestrutura. Nesse sentido, recentemente adquiriram novos cavalos mec\u00e2nicos, trucks e carretas e ainda, para refor\u00e7ar o time de motoristas, abriram novas vagas para condutores&hellip;","_links":{"self":[{"href":"https:\/\/construcaocivil.siriusmarketingedesign.com.br\/index.php?rest_route=\/wp\/v2\/posts\/14240","targetHints":{"allow":["GET"]}}],"collection":[{"href":"https:\/\/construcaocivil.siriusmarketingedesign.com.br\/index.php?rest_route=\/wp\/v2\/posts"}],"about":[{"href":"https:\/\/construcaocivil.siriusmarketingedesign.com.br\/index.php?rest_route=\/wp\/v2\/types\/post"}],"author":[{"embeddable":true,"href":"https:\/\/construcaocivil.siriusmarketingedesign.com.br\/index.php?rest_route=\/wp\/v2\/users\/1"}],"replies":[{"embeddable":true,"href":"https:\/\/construcaocivil.siriusmarketingedesign.com.br\/index.php?rest_route=%2Fwp%2Fv2%2Fcomments&post=14240"}],"version-history":[{"count":0,"href":"https:\/\/construcaocivil.siriusmarketingedesign.com.br\/index.php?rest_route=\/wp\/v2\/posts\/14240\/revisions"}],"wp:featuredmedia":[{"embeddable":true,"href":"https:\/\/construcaocivil.siriusmarketingedesign.com.br\/index.php?rest_route=\/wp\/v2\/media\/14241"}],"wp:attachment":[{"href":"https:\/\/construcaocivil.siriusmarketingedesign.com.br\/index.php?rest_route=%2Fwp%2Fv2%2Fmedia&parent=14240"}],"wp:term":[{"taxonomy":"category","embeddable":true,"href":"https:\/\/construcaocivil.siriusmarketingedesign.com.br\/index.php?rest_route=%2Fwp%2Fv2%2Fcategories&post=14240"},{"taxonomy":"post_tag","embeddable":true,"href":"https:\/\/construcaocivil.siriusmarketingedesign.com.br\/index.php?rest_route=%2Fwp%2Fv2%2Ftags&post=14240"}],"curies":[{"name":"wp","href":"https:\/\/api.w.org\/{rel}","templated":true}]}}