{"id":14249,"date":"2020-08-09T21:20:23","date_gmt":"2020-08-10T00:20:23","guid":{"rendered":"https:\/\/www.jornaldaconstrucaocivil.com.br\/?p=14249"},"modified":"2020-08-09T21:21:12","modified_gmt":"2020-08-10T00:21:12","slug":"os-adversos-brasis-da-pandemia","status":"publish","type":"post","link":"https:\/\/construcaocivil.siriusmarketingedesign.com.br\/?p=14249","title":{"rendered":"Artigo: Os adversos Brasis da pandemia"},"content":{"rendered":"<p><span style=\"color: #000080;\"><i>Por Dra. Vera Garcia<\/i><\/span><\/p>\n<div class=\"v1MsoNormal\" style=\"text-align: justify;\"><span style=\"color: #993300;\">Julho, 2020<\/span> &#8211; O consenso cient\u00edfico mundial sobre a preven\u00e7\u00e3o do novo coronav\u00edrus, at\u00e9 que chegue a vacina, inclui tr\u00eas medidas b\u00e1sicas: uso constante de \u00e1lcool gel para higienizar as m\u00e3os, uso de m\u00e1scaras e o isolamento social. Parte da sociedade, temerosa com a possibilidade de contamina\u00e7\u00e3o, tenta seguir \u00e0 risca essas orienta\u00e7\u00f5es. Outra parte, negacionista, faz de conta que nada est\u00e1 acontecendo e opta por n\u00e3o aderir aos meios de prote\u00e7\u00e3o.<\/div>\n<div class=\"v1MsoNormal\" style=\"text-align: justify;\"><\/div>\n<div class=\"v1MsoNormal\" style=\"text-align: justify;\">Entretanto, tamb\u00e9m existe uma grande parte da popula\u00e7\u00e3o brasileira que, por circunst\u00e2ncias, permanece \u00e0 margem de qualquer orienta\u00e7\u00e3o e invis\u00edvel aos olhos do governo, dos notici\u00e1rios e da maioria dos seus compatriotas. S\u00e3o as pessoas que vivem nas 13 mil comunidades carentes espalhadas pelo Brasil.<\/div>\n<div class=\"v1MsoNormal\" style=\"text-align: justify;\"><\/div>\n<div class=\"v1MsoNormal\" style=\"text-align: justify;\">Segundo dados atualizados da Ag\u00eancia Brasil, 89% dos moradores de favelas est\u00e3o em capitais e regi\u00f5es metropolitanas. As regi\u00f5es Norte e Nordeste registraram maior percentual de pessoas vivendo em comunidades, de 5% a 10%. Os Estados do Amazonas, Par\u00e1, Maranh\u00e3o e Pernambuco t\u00eam mais de 10% da popula\u00e7\u00e3o em favelas.<\/div>\n<div class=\"v1MsoNormal\" style=\"text-align: justify;\"><\/div>\n<div class=\"v1MsoNormal\" style=\"text-align: justify;\">A pesquisa revela que h\u00e1 13,6 milh\u00f5es de brasileiros vivendo em aglomerados subnormais, privados de saneamento b\u00e1sico, com acesso restrito \u00e0 \u00e1gua e a condi\u00e7\u00f5es b\u00e1sicas de higiene. Sem condi\u00e7\u00f5es financeiras, o \u00e1lcool gel \u00e9 artigo de luxo para estas pessoas que convivem de forma muito pr\u00f3xima com familiares e vizinhos, sem qualquer possibilidade cr\u00edvel de fazer isolamento social.<\/div>\n<div class=\"v1MsoNormal\" style=\"text-align: justify;\"><\/div>\n<div class=\"v1MsoNormal\" style=\"text-align: justify;\">Relatos de alguns moradores de comunidades indicam que n\u00e3o houve isolamento social em nenhuma fase da pandemia, pelo simples fato de que n\u00e3o h\u00e1 planejamento urbano, a partir das normas exigidas de constru\u00e7\u00e3o e conv\u00edvio. Onde o governo n\u00e3o entra com sua parte, n\u00e3o h\u00e1 como impor regras.<\/div>\n<div class=\"v1MsoNormal\" style=\"text-align: justify;\"><\/div>\n<div class=\"v1MsoNormal\" style=\"text-align: justify;\">Os moradores nascem e crescem sabendo que n\u00e3o podem contar com promessas de pol\u00edticos. Sendo assim, a linguagem, os valores e a no\u00e7\u00e3o de normalidade s\u00e3o totalmente diferentes do asfalto. Essas pessoas sobrevivem corajosamente a todos os infort\u00fanios, desenvolvem solu\u00e7\u00f5es criativas e s\u00e3o extremamente solid\u00e1rias. Por outro lado, s\u00e3o mais expostas a doen\u00e7as f\u00edsicas e mentais.<\/div>\n<div class=\"v1MsoNormal\" style=\"text-align: justify;\"><\/div>\n<div class=\"v1MsoNormal\" style=\"text-align: justify;\">Quando as m\u00eddias mostram de forma vigilante os muros lotados da Urca ou os transeuntes andando inadvertidamente aglomerados e sem m\u00e1scara, de certa forma, esquecem ou preferem n\u00e3o mostrar que existem muitos Brasis com regras pr\u00f3prias, submetidos a leis locais (adaptadas \u00e0s suas condi\u00e7\u00f5es peculiares) e regidos por modelos mentais for\u00e7osamente enquadrados a esses ambientes. E, mais importante, na vig\u00eancia de uma pandemia, n\u00e3o adianta aplicar regras e limites a uma parte da sociedade, e ignorar que milh\u00f5es de brasileiros n\u00e3o v\u00e3o seguir as mesmas regras por total falta de planejamento urban\u00edstico, de pol\u00edticas p\u00fablicas de moradia e de profundas desigualdades sociais.<\/div>\n<div><\/div>\n<div style=\"text-align: justify;\">Vale lembrar que essas pessoas prestam servi\u00e7os importantes \u00e0 sociedade, em todos os segmentos. Portanto, se o pa\u00eds pretende avan\u00e7ar em \u00edndices de desenvolvimento social e humanit\u00e1rio, e conter a pandemia, \u00e9 fundamental assumir a responsabilidade pelas necessidades dos mais vulner\u00e1veis, projetar a mesma indigna\u00e7\u00e3o ferrenha que sente pelos aglomerados nas praias ou nos bares e \u00e0 falta de pol\u00edticas p\u00fablicas efetivas de moradias populares e dignas para esses 13 milh\u00f5es de brasileiros.<\/div>\n<p>&nbsp;<\/p>\n<p><i>Dra. Vera Garcia, psiquiatra pela UFRJ, com MBA de gest\u00e3o em sa\u00fade pela FGV e observership no Jackson Mental Health Hospital, da Universidade de Miami<\/i><\/p>\n","protected":false},"excerpt":{"rendered":"<p>Por Dra. Vera Garcia Julho, 2020 &#8211; O consenso cient\u00edfico mundial sobre a preven\u00e7\u00e3o do novo coronav\u00edrus, at\u00e9 que chegue a vacina, inclui tr\u00eas medidas b\u00e1sicas: uso constante de \u00e1lcool gel para higienizar as m\u00e3os, uso de m\u00e1scaras e o isolamento social. Parte da sociedade, temerosa com a possibilidade de contamina\u00e7\u00e3o, tenta seguir \u00e0 risca [&hellip;]<\/p>\n","protected":false},"author":1,"featured_media":14250,"comment_status":"open","ping_status":"open","sticky":false,"template":"","format":"standard","meta":{"_uag_custom_page_level_css":"","footnotes":""},"categories":[27],"tags":[19122,19123,19121,5092,8144,10375,10679,19125,19124],"class_list":["post-14249","post","type-post","status-publish","format-standard","has-post-thumbnail","hentry","category-acontece","tag-brasis-da-pandemia","tag-comunidades-e-favelas","tag-covid-19-100-mil-mortos","tag-fiocruz","tag-nordeste","tag-rio-de-janeiro","tag-sao-paulo-sp","tag-sem-politicas-publicas-de-saude","tag-sus"],"blocksy_meta":[],"spectra_blocks_featured_image_url":{"thumbnail":{"url":"https:\/\/construcaocivil.siriusmarketingedesign.com.br\/wp-content\/uploads\/2020\/08\/FIO-CRUZ-150x150.jpg","width":150,"height":150},"medium":{"url":"https:\/\/construcaocivil.siriusmarketingedesign.com.br\/wp-content\/uploads\/2020\/08\/FIO-CRUZ-300x117.jpg","width":300,"height":117},"medium_large":{"url":"https:\/\/construcaocivil.siriusmarketingedesign.com.br\/wp-content\/uploads\/2020\/08\/FIO-CRUZ.jpg","width":512,"height":199},"large":{"url":"https:\/\/construcaocivil.siriusmarketingedesign.com.br\/wp-content\/uploads\/2020\/08\/FIO-CRUZ.jpg","width":512,"height":199},"full":{"url":"https:\/\/construcaocivil.siriusmarketingedesign.com.br\/wp-content\/uploads\/2020\/08\/FIO-CRUZ.jpg","width":512,"height":199}},"spectra_blocks_author_info":{"display_name":"Jornal da Constru\u00e7\u00e3o Civil","avatar_url":"https:\/\/secure.gravatar.com\/avatar\/973c9774fd44ddaceb026973c4962faa70fc512bc4c9da68e8ebb40fecee6540?s=96&d=mm&r=g","author_link":"https:\/\/construcaocivil.siriusmarketingedesign.com.br\/?author=1","description":"Desde de 2013, levando muitas informa\u00e7\u00f5es, lan\u00e7amentos e produtos de qualidade para toda cadeia produtiva da constru\u00e7\u00e3o. O Futuro da constru\u00e7\u00e3o passa por aqui,"},"uagb_featured_image_src":{"full":["https:\/\/construcaocivil.siriusmarketingedesign.com.br\/wp-content\/uploads\/2020\/08\/FIO-CRUZ.jpg",512,199,false],"thumbnail":["https:\/\/construcaocivil.siriusmarketingedesign.com.br\/wp-content\/uploads\/2020\/08\/FIO-CRUZ-150x150.jpg",150,150,true],"medium":["https:\/\/construcaocivil.siriusmarketingedesign.com.br\/wp-content\/uploads\/2020\/08\/FIO-CRUZ-300x117.jpg",300,117,true],"medium_large":["https:\/\/construcaocivil.siriusmarketingedesign.com.br\/wp-content\/uploads\/2020\/08\/FIO-CRUZ.jpg",512,199,false],"large":["https:\/\/construcaocivil.siriusmarketingedesign.com.br\/wp-content\/uploads\/2020\/08\/FIO-CRUZ.jpg",512,199,false],"1536x1536":["https:\/\/construcaocivil.siriusmarketingedesign.com.br\/wp-content\/uploads\/2020\/08\/FIO-CRUZ.jpg",512,199,false],"2048x2048":["https:\/\/construcaocivil.siriusmarketingedesign.com.br\/wp-content\/uploads\/2020\/08\/FIO-CRUZ.jpg",512,199,false]},"uagb_author_info":{"display_name":"Jornal da Constru\u00e7\u00e3o Civil","author_link":"https:\/\/construcaocivil.siriusmarketingedesign.com.br\/?author=1"},"uagb_comment_info":0,"uagb_excerpt":"Por Dra. Vera Garcia Julho, 2020 &#8211; O consenso cient\u00edfico mundial sobre a preven\u00e7\u00e3o do novo coronav\u00edrus, at\u00e9 que chegue a vacina, inclui tr\u00eas medidas b\u00e1sicas: uso constante de \u00e1lcool gel para higienizar as m\u00e3os, uso de m\u00e1scaras e o isolamento social. Parte da sociedade, temerosa com a possibilidade de contamina\u00e7\u00e3o, tenta seguir \u00e0 risca&hellip;","_links":{"self":[{"href":"https:\/\/construcaocivil.siriusmarketingedesign.com.br\/index.php?rest_route=\/wp\/v2\/posts\/14249","targetHints":{"allow":["GET"]}}],"collection":[{"href":"https:\/\/construcaocivil.siriusmarketingedesign.com.br\/index.php?rest_route=\/wp\/v2\/posts"}],"about":[{"href":"https:\/\/construcaocivil.siriusmarketingedesign.com.br\/index.php?rest_route=\/wp\/v2\/types\/post"}],"author":[{"embeddable":true,"href":"https:\/\/construcaocivil.siriusmarketingedesign.com.br\/index.php?rest_route=\/wp\/v2\/users\/1"}],"replies":[{"embeddable":true,"href":"https:\/\/construcaocivil.siriusmarketingedesign.com.br\/index.php?rest_route=%2Fwp%2Fv2%2Fcomments&post=14249"}],"version-history":[{"count":0,"href":"https:\/\/construcaocivil.siriusmarketingedesign.com.br\/index.php?rest_route=\/wp\/v2\/posts\/14249\/revisions"}],"wp:featuredmedia":[{"embeddable":true,"href":"https:\/\/construcaocivil.siriusmarketingedesign.com.br\/index.php?rest_route=\/wp\/v2\/media\/14250"}],"wp:attachment":[{"href":"https:\/\/construcaocivil.siriusmarketingedesign.com.br\/index.php?rest_route=%2Fwp%2Fv2%2Fmedia&parent=14249"}],"wp:term":[{"taxonomy":"category","embeddable":true,"href":"https:\/\/construcaocivil.siriusmarketingedesign.com.br\/index.php?rest_route=%2Fwp%2Fv2%2Fcategories&post=14249"},{"taxonomy":"post_tag","embeddable":true,"href":"https:\/\/construcaocivil.siriusmarketingedesign.com.br\/index.php?rest_route=%2Fwp%2Fv2%2Ftags&post=14249"}],"curies":[{"name":"wp","href":"https:\/\/api.w.org\/{rel}","templated":true}]}}