{"id":1427,"date":"2016-04-19T17:58:50","date_gmt":"2016-04-19T17:58:50","guid":{"rendered":"http:\/\/www.jornaldaconstrucaocivil.com.br\/?p=1427"},"modified":"2016-04-19T17:58:50","modified_gmt":"2016-04-19T17:58:50","slug":"vermelho-e-agora-protagonista-no-decor","status":"publish","type":"post","link":"https:\/\/construcaocivil.siriusmarketingedesign.com.br\/?p=1427","title":{"rendered":"Vermelho \u00e9 agora protagonista no d\u00e9cor"},"content":{"rendered":"<p><span style=\"color: #ff0000;\">De coadjuvante a protagonista<\/span><\/p>\n<p><span style=\"color: #000000;\">Da paix\u00e3o \u00e0 ambi\u00e7\u00e3o. Da alegria \u00e0 sensualidade. Da eleg\u00e2ncia ao romantismo. O vermelho pode suscitar diversos estados de esp\u00edrito. Tudo depende de como \u00e9 empregado. Por essas e outras, vem ganhando notoriedade nos projetos de interiores.<\/span><\/p>\n<figure id=\"attachment_1428\" aria-describedby=\"caption-attachment-1428\" style=\"width: 300px\" class=\"wp-caption alignleft\"><a href=\"http:\/\/www.jornaldaconstrucaocivil.com.br\/wp-content\/uploads\/2016\/04\/Vermelho.jpg\"><img loading=\"lazy\" decoding=\"async\" class=\"wp-image-1428 size-medium\" src=\"http:\/\/www.jornaldaconstrucaocivil.com.br\/wp-content\/uploads\/2016\/04\/Vermelho-300x200.jpg\" alt=\"Vermelho\" width=\"300\" height=\"200\" \/><\/a><figcaption id=\"caption-attachment-1428\" class=\"wp-caption-text\"><span style=\"color: #800000;\">Nesta resid\u00eancia em Lagoa Santa, a arquiteta Vanessa Figueiredo usou pastilhas vermelhas no espelho d&#8217;\u00e1gua dando destaque a esse recurso arquitet\u00f4nico.<span style=\"color: #0000ff;\"> Foto: Beto Ganem<\/span><\/span><\/figcaption><\/figure>\n<p><span style=\"color: #000000;\">Muito usada para compor detalhes de ambientes, o vermelho vem ganhando espa\u00e7o na decora\u00e7\u00e3o e come\u00e7a a roubar a cena em projetos como tom principal dos ambientes. Tudo isso por sua capacidade incomum de capturar olhares e envolver as pessoas. Independente de como \u00e9 combinado \u00e0 decora\u00e7\u00e3o e arquitetura do espa\u00e7o, o tom exala vida.<\/span><\/p>\n<p><span style=\"color: #000000;\">\u201cAcredito que n\u00e3o s\u00f3 o vermelho, mas as cores, de um modo geral, v\u00eam ganhando espa\u00e7o nos ambientes. Quando bem dosadas, elas inspiram e motivam, trazem alegria, personalidade e autenticidade\u201d, defende a arquiteta Vanessa Figueiredo.<\/span><\/p>\n<p><span style=\"color: #000000;\">A profissional empregou o vermelho em um espelho d\u2019\u00e1gua em um trabalho recente e trouxe impacto expressivo ao projeto. \u201cEsse espelho d&#8217;\u00e1gua \u00e9 a passagem entre a casa principal e seu anexo. O vermelho tornou essa transi\u00e7\u00e3o de espa\u00e7os convidativa e marcante\u201d, explica Vanessa.<\/span><\/p>\n<figure id=\"attachment_1429\" aria-describedby=\"caption-attachment-1429\" style=\"width: 200px\" class=\"wp-caption alignright\"><a href=\"http:\/\/www.jornaldaconstrucaocivil.com.br\/wp-content\/uploads\/2016\/04\/VERMELHO-II.jpg\"><img loading=\"lazy\" decoding=\"async\" class=\"wp-image-1429 size-medium\" src=\"http:\/\/www.jornaldaconstrucaocivil.com.br\/wp-content\/uploads\/2016\/04\/VERMELHO-II-200x300.jpg\" alt=\"VERMELHO II\" width=\"200\" height=\"300\" \/><\/a><figcaption id=\"caption-attachment-1429\" class=\"wp-caption-text\"><span style=\"color: #800000;\">Projeto Melinda Mundim: Os arm\u00e1rios vermelhos ditam o tom de eleg\u00e2ncia e modernidade na cozinha, aviva e envolve. <span style=\"color: #0000ff;\">Foto: Rodrigo Tozzi<\/span><\/span><\/figcaption><\/figure>\n<p><span style=\"color: #000000;\">Quem tamb\u00e9m gosta de ousar no uso do vermelho no d\u00e9cor \u00e9 a designer de interiores Melina Mundim. \u201cA cor vermelha \u00e9 elegante e combina facilmente com outras cores. Tem diversas varia\u00e7\u00f5es e pode ser utilizada em m\u00f3veis, cortinas, almofadas, tapetes e etc. Al\u00e9m do mais, \u00e9 uma cor quente e forte, que transmite proximidade\u201d, destaca.<\/span><\/p>\n<p><span style=\"color: #000000;\">Em um de seus projetos, Melina trouxe o vermelho em evid\u00eancia ao lan\u00e7\u00e1-lo nos arm\u00e1rios de cozinha. \u201cO vermelho na cozinha agu\u00e7a o apetite, traz calor, aconchego e muita energia positiva. \u00c9 ainda uma cor que eleva a autoestima e agrega requinte e eleg\u00e2ncia\u201d, comenta a designer.<\/span><\/p>\n<p>&nbsp;<\/p>\n<p><span style=\"color: #000000;\">Por ser uma cor cheia de personalidade e ainda ter grande versatilidade ao despertar as mais variadas sensa\u00e7\u00f5es dependendo da forma como \u00e9 empregada, parece que vermelho veio mesmo para ficar.\u00a0<\/span><\/p>\n<p><span style=\"color: #800080;\">Fonte: M\u00e3o dupla Comunica\u00e7\u00e3o<\/span><\/p>\n","protected":false},"excerpt":{"rendered":"<p>De coadjuvante a protagonista Da paix\u00e3o \u00e0 ambi\u00e7\u00e3o. Da alegria \u00e0 sensualidade. Da eleg\u00e2ncia ao romantismo. O vermelho pode suscitar diversos estados de esp\u00edrito. Tudo depende de como \u00e9 empregado. Por essas e outras, vem ganhando notoriedade nos projetos de interiores. Muito usada para compor detalhes de ambientes, o vermelho vem ganhando espa\u00e7o na decora\u00e7\u00e3o [&hellip;]<\/p>\n","protected":false},"author":1,"featured_media":1428,"comment_status":"open","ping_status":"open","sticky":false,"template":"","format":"standard","meta":{"_uag_custom_page_level_css":"","footnotes":""},"categories":[28],"tags":[897,1899,3390,8834,9713,12355,12360],"class_list":["post-1427","post","type-post","status-publish","format-standard","has-post-thumbnail","hentry","category-arquitetura","tag-arquiteta-vanessa-figueredo","tag-casa","tag-decor","tag-personalidade","tag-projeto-melinda-mundim","tag-vermelho","tag-versatilidade"],"blocksy_meta":[],"spectra_blocks_featured_image_url":[],"spectra_blocks_author_info":{"display_name":"Jornal da Constru\u00e7\u00e3o Civil","avatar_url":"https:\/\/secure.gravatar.com\/avatar\/973c9774fd44ddaceb026973c4962faa70fc512bc4c9da68e8ebb40fecee6540?s=96&d=mm&r=g","author_link":"https:\/\/construcaocivil.siriusmarketingedesign.com.br\/?author=1","description":"Desde de 2013, levando muitas informa\u00e7\u00f5es, lan\u00e7amentos e produtos de qualidade para toda cadeia produtiva da constru\u00e7\u00e3o. O Futuro da constru\u00e7\u00e3o passa por aqui,"},"uagb_featured_image_src":{"full":false,"thumbnail":false,"medium":false,"medium_large":false,"large":false,"1536x1536":false,"2048x2048":false},"uagb_author_info":{"display_name":"Jornal da Constru\u00e7\u00e3o Civil","author_link":"https:\/\/construcaocivil.siriusmarketingedesign.com.br\/?author=1"},"uagb_comment_info":0,"uagb_excerpt":"De coadjuvante a protagonista Da paix\u00e3o \u00e0 ambi\u00e7\u00e3o. Da alegria \u00e0 sensualidade. Da eleg\u00e2ncia ao romantismo. O vermelho pode suscitar diversos estados de esp\u00edrito. Tudo depende de como \u00e9 empregado. Por essas e outras, vem ganhando notoriedade nos projetos de interiores. Muito usada para compor detalhes de ambientes, o vermelho vem ganhando espa\u00e7o na decora\u00e7\u00e3o&hellip;","_links":{"self":[{"href":"https:\/\/construcaocivil.siriusmarketingedesign.com.br\/index.php?rest_route=\/wp\/v2\/posts\/1427","targetHints":{"allow":["GET"]}}],"collection":[{"href":"https:\/\/construcaocivil.siriusmarketingedesign.com.br\/index.php?rest_route=\/wp\/v2\/posts"}],"about":[{"href":"https:\/\/construcaocivil.siriusmarketingedesign.com.br\/index.php?rest_route=\/wp\/v2\/types\/post"}],"author":[{"embeddable":true,"href":"https:\/\/construcaocivil.siriusmarketingedesign.com.br\/index.php?rest_route=\/wp\/v2\/users\/1"}],"replies":[{"embeddable":true,"href":"https:\/\/construcaocivil.siriusmarketingedesign.com.br\/index.php?rest_route=%2Fwp%2Fv2%2Fcomments&post=1427"}],"version-history":[{"count":0,"href":"https:\/\/construcaocivil.siriusmarketingedesign.com.br\/index.php?rest_route=\/wp\/v2\/posts\/1427\/revisions"}],"wp:attachment":[{"href":"https:\/\/construcaocivil.siriusmarketingedesign.com.br\/index.php?rest_route=%2Fwp%2Fv2%2Fmedia&parent=1427"}],"wp:term":[{"taxonomy":"category","embeddable":true,"href":"https:\/\/construcaocivil.siriusmarketingedesign.com.br\/index.php?rest_route=%2Fwp%2Fv2%2Fcategories&post=1427"},{"taxonomy":"post_tag","embeddable":true,"href":"https:\/\/construcaocivil.siriusmarketingedesign.com.br\/index.php?rest_route=%2Fwp%2Fv2%2Ftags&post=1427"}],"curies":[{"name":"wp","href":"https:\/\/api.w.org\/{rel}","templated":true}]}}