{"id":14288,"date":"2020-08-13T14:46:08","date_gmt":"2020-08-13T17:46:08","guid":{"rendered":"https:\/\/www.jornaldaconstrucaocivil.com.br\/?p=14288"},"modified":"2020-08-13T14:46:08","modified_gmt":"2020-08-13T17:46:08","slug":"fim-da-pec-95-crise-economica-reacende-debate-sobre-teto-de-gastos","status":"publish","type":"post","link":"https:\/\/construcaocivil.siriusmarketingedesign.com.br\/?p=14288","title":{"rendered":"FIM da PEC 95: Crise econ\u00f4mica reacende debate sobre teto de gastos"},"content":{"rendered":"<p><span style=\"color: #993300;\">Ag\u00eancia Senado<\/span><\/p>\n<p style=\"text-align: justify;\">Agosto, 2020 &#8211; Durante recente <a class=\"external-link\" title=\"\" href=\"https:\/\/www12.senado.leg.br\/noticias\/materias\/2020\/07\/30\/chance-zero-de-aumento-da-carga-tributaria-garante-waldery-rodrigues\" target=\"_self\" rel=\"noopener noreferrer\">audi\u00eancia p\u00fablica<\/a> no Senado, o secret\u00e1rio especial de Fazenda, Waldery Rodrigues, afirmou que o &#8220;teto de gastos \u00e9 a \u00fanica \u00e2ncora fiscal que sobrou para o governo&#8221; e que o ministro da Economia, Paulo Guedes, &#8220;n\u00e3o abre m\u00e3o disso&#8221;. Nem todos os senadores pensam da mesma forma. Tr\u00eas anos e meio depois de aprovado pelo Congresso Nacional \u2014 por meio de <a class=\"external-link\" title=\"\" href=\"http:\/\/www.planalto.gov.br\/ccivil_03\/constituicao\/emendas\/emc\/emc95.htm\" target=\"_self\" rel=\"noopener noreferrer\">Emenda \u00e0 Constitui\u00e7\u00e3o 95<\/a>\u00a0\u2014, o teto ainda divide a opini\u00e3o dos parlamentares.<\/p>\n<p style=\"text-align: justify;\">Os oposicionistas argumentam que a Emenda impede investimentos p\u00fablicos, agrava a recess\u00e3o e prejudica \u00e1reas como educa\u00e7\u00e3o e sa\u00fade. Em suma, dificulta a ado\u00e7\u00e3o de pol\u00edticas antic\u00edclicas, de est\u00edmulo \u00e0 economia, num momento de grave crise e queda do PIB. J\u00e1 quem \u00e9 a favor afirma que o regime \u00e9 fundamental para garantir o reequil\u00edbrio das contas p\u00fablicas ap\u00f3s a crise e ent\u00e3o permitir a retomada do crescimento econ\u00f4mico.<\/p>\n<p style=\"text-align: justify;\">O senador Randolfe Rodrigues (Rede-AP), um dos que votaram contra a Emenda 95 (<a class=\"external-link\" title=\"\" href=\"https:\/\/www25.senado.leg.br\/web\/atividade\/materias\/-\/materia\/127337\" target=\"_self\" rel=\"noopener noreferrer\">PEC 55\/2016<\/a>), que instituiu a nova sistem\u00e1tica fiscal, defende a flexibiliza\u00e7\u00e3o da norma, ao menos neste per\u00edodo de crises sanit\u00e1ria e econ\u00f4mica causadas pela pandemia do novo coronav\u00edrus.<\/p>\n<p style=\"text-align: justify;\">\u2014 O governo n\u00e3o quer flexibilizar o teto de gastos num momento t\u00e3o dram\u00e1tico da economia brasileira. Em contrapartida, quer mandar para o Congresso Nacional mais tributos para serem cobrados dos trabalhadores, da classe m\u00e9dia e das empresas. A escolha do governo \u00e9 apertar o povo, em vez de aportar investimentos que salvem a economia neste cen\u00e1rio t\u00e3o dif\u00edcil \u2014 avaliou \u00e0 <strong>Ag\u00eancia Senado<\/strong>.<\/p>\n<p style=\"text-align: justify;\">Para o senador Paulo Paim (PT-RS), \u00e9 preciso\u00a0mais investimentos p\u00fablicos em infraestrutura para gera\u00e7\u00e3o de emprego e renda. Em pronunciamento nesta quinta-feira (30), ele lembrou que o pa\u00eds investe apenas 3,8% na sa\u00fade p\u00fablica e pediu mais investimentos. Ele sugeriu ao menos a revoga\u00e7\u00e3o tempor\u00e1ria da Emenda 95, que instituiu o teto de gastos, limitando por 20 anos os gastos p\u00fablicos. Paim argumenta ser necess\u00e1ria uma mudan\u00e7a profunda na norma para permitir que o pa\u00eds volte a investir em infraestrutura, seguridade social, tecnologia e educa\u00e7\u00e3o.<\/p>\n<h3 style=\"text-align: justify;\"><strong>Custo <em>x<\/em> benef\u00edcio<\/strong><\/h3>\n<p class=\" \" style=\"text-align: justify;\">J\u00e1 prevendo que 2021 deve ser um ano dif\u00edcil, o senador Esperidi\u00e3o Amin (PP-SC), por sua vez, acredita que a emenda pode ser discutida em rela\u00e7\u00e3o aos investimentos. Para ele, deve ser uma an\u00e1lise inteligente, levando-se em conta a situa\u00e7\u00e3o excepcional vivida pelo pa\u00eds e o custo-benef\u00edcio de uma eventual mudan\u00e7a:<\/p>\n<p class=\" \" style=\"text-align: justify;\">\u2014\u00a0 Discutir o limite do teto de gastos para custeio e para investimento numa l\u00f3gica s\u00f3 \u00e9 um equ\u00edvoco. No custeio, temos que ter o zelo permanente. Mas nas quest\u00f5es excepcionais, a pr\u00f3pria pandemia est\u00e1 tendo um tratamento excepcional. Por isso, n\u00e3o podemos ficar amarrados sem nenhuma iniciativa, que tem que vir do governo, para desencalhar o pa\u00eds no setor de investimentos. Isso deve ser feito de maneira inteligente, com uma an\u00e1lise muito adequada de custo e benef\u00edcio \u2014 avaliou.<\/p>\n<h3 style=\"text-align: justify;\"><strong>Prote\u00e7\u00e3o da economia<\/strong><\/h3>\n<p style=\"text-align: justify;\">Integrante da Comiss\u00e3o de Assuntos Econ\u00f4micos (CAE), o senador Wellington Fagundes (PL-MT) afirma que a Emenda 95 foi aprovada justamente para evitar a presen\u00e7a de um &#8220;Estado gastador&#8221;, sem recursos para aplicar em outras coisas importantes.<\/p>\n<p style=\"text-align: justify;\">\u2014\u00a0O teto de gasto \u00e9 chave para o equil\u00edbrio das contas p\u00fablicas e sua manuten\u00e7\u00e3o ratificar\u00e1 a redu\u00e7\u00e3o da taxa de juros neutra da economia, reduzindo o esfor\u00e7o fiscal necess\u00e1rio para estabilizar a d\u00edvida p\u00fablica ao longo do tempo. Ou seja, \u00e9 uma prote\u00e7\u00e3o contra eventuais aumentos da carga tribu\u00e1ria, o que penaliza sempre os mais pobres \u2014 declarou.<\/p>\n<p style=\"text-align: justify;\">O senador diz ainda que Estado brasileiro precisa na verdade \u00e9 ser mais eficiente e n\u00e3o descarta uma medida excepcional e espec\u00edfica, sem que a trava do teto de gastos seja sacrificada.<\/p>\n<p style=\"text-align: justify;\">\u2014 Estamos atentos para que n\u00e3o falte recursos para o Minist\u00e9rio da Sa\u00fade aplicar no combate ao coronav\u00edrus. Se necess\u00e1rio for, podemos avaliar a possibilidade de se suspender temporariamente a aplica\u00e7\u00e3o do teto, sobretudo no caso de investimentos na sa\u00fade. Mas creio que jamais devemos revog\u00e1-lo porque \u00e9 um instrumento forte para que n\u00e3o prevale\u00e7a o Estado gastador. O teto foi medida muito importante para nossa economia. Se n\u00e3o houvesse, j\u00e1 ter\u00edamos infla\u00e7\u00e3o sem controle. E controlar a infla\u00e7\u00e3o \u00e9 muito importante, principalmente para a popula\u00e7\u00e3o carente \u2014 opinou.<\/p>\n<h3 style=\"text-align: justify;\"><strong>Freio nas despesas<\/strong><\/h3>\n<p style=\"text-align: justify;\">Popularmente conhecida como Emenda do Teto de Gastos, a Emenda Constitucional 95 foi promulgada em dezembro de 2016 pelo Congresso Nacional. A proposta foi enviada ao Parlamento pelo ent\u00e3o presidente da Rep\u00fablica, Michel Temer, na tentativa de conter o crescimento descontrolado das despesas p\u00fablicas.<\/p>\n<p style=\"text-align: justify;\">De acordo com a Emenda, desde 2018, os gastos federais devem ficar no mesmo patamar: s\u00f3 podem aumentar de acordo com a infla\u00e7\u00e3o acumulada conforme o \u00cdndice Nacional de Pre\u00e7os ao Consumidor Amplo (IPCA).<\/p>\n<p style=\"text-align: justify;\">A infla\u00e7\u00e3o a ser considerada para o c\u00e1lculo dos gastos \u00e9 a medida nos \u00faltimos 12 meses, at\u00e9 junho do ano anterior. Assim, em 2020, por exemplo, a infla\u00e7\u00e3o usada \u00e9 a medida entre julho de 2018 e junho de 2019.<\/p>\n<p style=\"text-align: justify;\">Algumas despesas n\u00e3o ficam sujeitas ao teto: \u00e9\u00a0 caso das transfer\u00eancias de recursos da Uni\u00e3o para estados e munic\u00edpios. Outros setores, como sa\u00fade e educa\u00e7\u00e3o, t\u00eam tratamento distinto.<\/p>\n<p style=\"text-align: justify;\">O crit\u00e9rio de corre\u00e7\u00e3o poder ser revisto a partir do d\u00e9cimo ano de vig\u00eancia da emenda por meio de projeto de lei complementar.<\/p>\n<p>Fonte: Ag\u00eancia Senado<\/p>\n","protected":false},"excerpt":{"rendered":"<p>Ag\u00eancia Senado Agosto, 2020 &#8211; Durante recente audi\u00eancia p\u00fablica no Senado, o secret\u00e1rio especial de Fazenda, Waldery Rodrigues, afirmou que o &#8220;teto de gastos \u00e9 a \u00fanica \u00e2ncora fiscal que sobrou para o governo&#8221; e que o ministro da Economia, Paulo Guedes, &#8220;n\u00e3o abre m\u00e3o disso&#8221;. Nem todos os senadores pensam da mesma forma. Tr\u00eas [&hellip;]<\/p>\n","protected":false},"author":1,"featured_media":14289,"comment_status":"open","ping_status":"open","sticky":false,"template":"","format":"standard","meta":{"_uag_custom_page_level_css":"","footnotes":""},"categories":[33],"tags":[19155,19154,19152,19156,19151,19153,10867],"class_list":["post-14288","post","type-post","status-publish","format-standard","has-post-thumbnail","hentry","category-mercado","tag-40-milhoes-de-brasileiros-sem-empregos","tag-ajuste-fiscal-ou-atraso-economico","tag-comercio-fechado","tag-empresas-sem-credito","tag-fim-da-pec-95-teto-de-gastos","tag-obras-paradas-sem-dinheiro","tag-senado-federal"],"blocksy_meta":[],"spectra_blocks_featured_image_url":{"thumbnail":{"url":"https:\/\/construcaocivil.siriusmarketingedesign.com.br\/wp-content\/uploads\/2020\/08\/SENADO-FEDERAL-150x150.jpg","width":150,"height":150},"medium":{"url":"https:\/\/construcaocivil.siriusmarketingedesign.com.br\/wp-content\/uploads\/2020\/08\/SENADO-FEDERAL-300x199.jpg","width":300,"height":199},"medium_large":{"url":"https:\/\/construcaocivil.siriusmarketingedesign.com.br\/wp-content\/uploads\/2020\/08\/SENADO-FEDERAL-768x509.jpg","width":768,"height":509},"large":{"url":"https:\/\/construcaocivil.siriusmarketingedesign.com.br\/wp-content\/uploads\/2020\/08\/SENADO-FEDERAL.jpg","width":860,"height":570},"full":{"url":"https:\/\/construcaocivil.siriusmarketingedesign.com.br\/wp-content\/uploads\/2020\/08\/SENADO-FEDERAL.jpg","width":860,"height":570}},"spectra_blocks_author_info":{"display_name":"Jornal da Constru\u00e7\u00e3o Civil","avatar_url":"https:\/\/secure.gravatar.com\/avatar\/973c9774fd44ddaceb026973c4962faa70fc512bc4c9da68e8ebb40fecee6540?s=96&d=mm&r=g","author_link":"https:\/\/construcaocivil.siriusmarketingedesign.com.br\/?author=1","description":"Desde de 2013, levando muitas informa\u00e7\u00f5es, lan\u00e7amentos e produtos de qualidade para toda cadeia produtiva da constru\u00e7\u00e3o. O Futuro da constru\u00e7\u00e3o passa por aqui,"},"uagb_featured_image_src":{"full":["https:\/\/construcaocivil.siriusmarketingedesign.com.br\/wp-content\/uploads\/2020\/08\/SENADO-FEDERAL.jpg",860,570,false],"thumbnail":["https:\/\/construcaocivil.siriusmarketingedesign.com.br\/wp-content\/uploads\/2020\/08\/SENADO-FEDERAL-150x150.jpg",150,150,true],"medium":["https:\/\/construcaocivil.siriusmarketingedesign.com.br\/wp-content\/uploads\/2020\/08\/SENADO-FEDERAL-300x199.jpg",300,199,true],"medium_large":["https:\/\/construcaocivil.siriusmarketingedesign.com.br\/wp-content\/uploads\/2020\/08\/SENADO-FEDERAL-768x509.jpg",768,509,true],"large":["https:\/\/construcaocivil.siriusmarketingedesign.com.br\/wp-content\/uploads\/2020\/08\/SENADO-FEDERAL.jpg",860,570,false],"1536x1536":["https:\/\/construcaocivil.siriusmarketingedesign.com.br\/wp-content\/uploads\/2020\/08\/SENADO-FEDERAL.jpg",860,570,false],"2048x2048":["https:\/\/construcaocivil.siriusmarketingedesign.com.br\/wp-content\/uploads\/2020\/08\/SENADO-FEDERAL.jpg",860,570,false]},"uagb_author_info":{"display_name":"Jornal da Constru\u00e7\u00e3o Civil","author_link":"https:\/\/construcaocivil.siriusmarketingedesign.com.br\/?author=1"},"uagb_comment_info":0,"uagb_excerpt":"Ag\u00eancia Senado Agosto, 2020 &#8211; Durante recente audi\u00eancia p\u00fablica no Senado, o secret\u00e1rio especial de Fazenda, Waldery Rodrigues, afirmou que o &#8220;teto de gastos \u00e9 a \u00fanica \u00e2ncora fiscal que sobrou para o governo&#8221; e que o ministro da Economia, Paulo Guedes, &#8220;n\u00e3o abre m\u00e3o disso&#8221;. Nem todos os senadores pensam da mesma forma. Tr\u00eas&hellip;","_links":{"self":[{"href":"https:\/\/construcaocivil.siriusmarketingedesign.com.br\/index.php?rest_route=\/wp\/v2\/posts\/14288","targetHints":{"allow":["GET"]}}],"collection":[{"href":"https:\/\/construcaocivil.siriusmarketingedesign.com.br\/index.php?rest_route=\/wp\/v2\/posts"}],"about":[{"href":"https:\/\/construcaocivil.siriusmarketingedesign.com.br\/index.php?rest_route=\/wp\/v2\/types\/post"}],"author":[{"embeddable":true,"href":"https:\/\/construcaocivil.siriusmarketingedesign.com.br\/index.php?rest_route=\/wp\/v2\/users\/1"}],"replies":[{"embeddable":true,"href":"https:\/\/construcaocivil.siriusmarketingedesign.com.br\/index.php?rest_route=%2Fwp%2Fv2%2Fcomments&post=14288"}],"version-history":[{"count":0,"href":"https:\/\/construcaocivil.siriusmarketingedesign.com.br\/index.php?rest_route=\/wp\/v2\/posts\/14288\/revisions"}],"wp:featuredmedia":[{"embeddable":true,"href":"https:\/\/construcaocivil.siriusmarketingedesign.com.br\/index.php?rest_route=\/wp\/v2\/media\/14289"}],"wp:attachment":[{"href":"https:\/\/construcaocivil.siriusmarketingedesign.com.br\/index.php?rest_route=%2Fwp%2Fv2%2Fmedia&parent=14288"}],"wp:term":[{"taxonomy":"category","embeddable":true,"href":"https:\/\/construcaocivil.siriusmarketingedesign.com.br\/index.php?rest_route=%2Fwp%2Fv2%2Fcategories&post=14288"},{"taxonomy":"post_tag","embeddable":true,"href":"https:\/\/construcaocivil.siriusmarketingedesign.com.br\/index.php?rest_route=%2Fwp%2Fv2%2Ftags&post=14288"}],"curies":[{"name":"wp","href":"https:\/\/api.w.org\/{rel}","templated":true}]}}