{"id":14296,"date":"2020-08-14T19:19:21","date_gmt":"2020-08-14T22:19:21","guid":{"rendered":"https:\/\/www.jornaldaconstrucaocivil.com.br\/?p=14296"},"modified":"2020-08-14T19:23:29","modified_gmt":"2020-08-14T22:23:29","slug":"eleicoes-dos-eua-2020-a-indicacao-de-kamala-harris-e-o-papel-do-vice-presidente-dos-eua","status":"publish","type":"post","link":"https:\/\/construcaocivil.siriusmarketingedesign.com.br\/?p=14296","title":{"rendered":"Elei\u00e7\u00f5es EUA 2020: A indica\u00e7\u00e3o de Kamala Harris e o papel do vice-presidente dos EUA"},"content":{"rendered":"<p><em>Por\u00a0 Andr\u00e9 Frota\u00a0<\/em><\/p>\n<p style=\"text-align: justify;\"><span style=\"color: #993300;\">Agosto, 2020<\/span> &#8211; A escolha do vice-presidente nos regimes republicanos \u00e9 uma decis\u00e3o que envolve: a capacidade de atrair um perfil de eleitores complementar ao eleitor tradicional do presidente; a caracter\u00edstica da coaliza\u00e7\u00e3o partid\u00e1ria, que a chapa presidencial est\u00e1 inserida; o potencial de sucess\u00e3o presidencial.<\/p>\n<p style=\"text-align: justify;\">A primeira vari\u00e1vel que condiciona a escolha do vice \u00e9 a for\u00e7a eleitoral que essa indica\u00e7\u00e3o estabelece para a chapa presidencial. \u00c9 a primeira, porque tudo depende da vit\u00f3ria da dupla na disputa. No caso de Harris, o perfil que essa candidata incorpora para a campanha de Biden \u00e9 not\u00f3ria. Mulher. Primeira poss\u00edvel vice-presidente. Negra. Procuradora. A dupla Biden-Harris dialoga com o eleitor branco e o eleitor negro. Com homens e mulheres. Com a vers\u00e3o moderada dos democratas e a vers\u00e3o mais progressista desse mesmo partido.<\/p>\n<figure id=\"attachment_14298\" aria-describedby=\"caption-attachment-14298\" style=\"width: 300px\" class=\"wp-caption alignleft\"><img loading=\"lazy\" decoding=\"async\" class=\"size-medium wp-image-14298\" src=\"https:\/\/www.jornaldaconstrucaocivil.com.br\/wp-content\/uploads\/2020\/08\/Andre-Frota-artigo--300x227.jpg\" alt=\"\" width=\"300\" height=\"227\" srcset=\"https:\/\/construcaocivil.siriusmarketingedesign.com.br\/wp-content\/uploads\/2020\/08\/Andre-Frota-artigo--300x227.jpg 300w, https:\/\/construcaocivil.siriusmarketingedesign.com.br\/wp-content\/uploads\/2020\/08\/Andre-Frota-artigo--86x64.jpg 86w, https:\/\/construcaocivil.siriusmarketingedesign.com.br\/wp-content\/uploads\/2020\/08\/Andre-Frota-artigo-.jpg 400w\" sizes=\"auto, (max-width: 300px) 100vw, 300px\" \/><figcaption id=\"caption-attachment-14298\" class=\"wp-caption-text\">Andre Frota<\/figcaption><\/figure>\n<p style=\"text-align: justify;\">A segunda caracter\u00edstica que influencia a escolha do vice-presidente \u00e9 a caracter\u00edstica da coaliz\u00e3o partid\u00e1ria. Em sistemas multipartid\u00e1rios, essa rela\u00e7\u00e3o \u00e9 percebida com mais nitidez, dado que presidente e vice pertencem a siglas partid\u00e1rias distintas. No caso de sistemas bipartid\u00e1rios, como \u00e9 o caso do norte-americano, o peso dessa escolha implica uma rela\u00e7\u00e3o intrapartid\u00e1ria.\u00a0 A disputa estabelecida ao longo das prim\u00e1rias, e que j\u00e1 estabelece os candidatos com maior potencial eleitoral, \u00e9 um indicador que condiciona o capital eleitoral que pode ser incorporado na composi\u00e7\u00e3o entre presidente e vice. No caso de Harris, apesar das diverg\u00eancias criadas com Biden durante as prim\u00e1rias, o capital eleitoral adquirido por essa candidata democrata, ap\u00f3s a onda de protestos antirracistas, que convulsionaram a sociedade americana, impulsionou seu nome para a vice presid\u00eancia. Senadora, negra, procuradora, democrata, mulher.<\/p>\n<p style=\"text-align: justify;\">O terceiro motivo que impulsiona a escolha do vice, o potencial de sucess\u00e3o presidencial, \u00e9 diretamente percebido pela hist\u00f3rica rela\u00e7\u00e3o entre antigos vice-presidentes, como futuros presidentes. Alguns n\u00fameros demonstram isso nos \u00faltimos anos. Do presente ao passado, o atual candidato Joe Biden, foi o vice do presidente Barack Obama. O vice-presidente Al Gore, perdeu por pouco, em uma disputa eleitoral acirrada com o presidente republicano George W. Bush. O pai de George W. Bush, vice de Ronald Reagan, ocupou a presid\u00eancia no in\u00edcio dos anos 1990. Essa lista continua nos anos 1980 com Gerald Ford, antigo vice presidente de Richard Nixon, ao longo dos anos 1970. Ou seja, a vice presid\u00eancia \u00e9 uma porta de entrada eleitoral para a presid\u00eancia.<\/p>\n<p style=\"text-align: justify;\">Em suma, a escolha de Kamala Harris para o cargo de vice-presidente dos EUA na candidatura democrata, ilustra um conjunto de elementos que influenciam o processo de escolha de vice-presidentes em regimes republicanos: a capacidade de atrair eleitores, a coes\u00e3o partid\u00e1ria, e o potencial sucess\u00f3rio.<\/p>\n<p style=\"text-align: justify;\"><span style=\"color: #993300;\"><em><strong>Andr\u00e9 Frota \u00e9 mestre em Ci\u00eancia Pol\u00edtica.<\/strong> Professor de Rela\u00e7\u00f5es Internacionais e de Geoci\u00eancias, vinculado \u00e0 Escola de Gest\u00e3o P\u00fablica, Jur\u00eddica, Pol\u00edtica e de Seguran\u00e7a, bem como \u00e0 Escola Superior de Educa\u00e7\u00e3o do Centro Universit\u00e1rio Internacional Uninter.<\/em><\/span><\/p>\n","protected":false},"excerpt":{"rendered":"<p>Por\u00a0 Andr\u00e9 Frota\u00a0 Agosto, 2020 &#8211; A escolha do vice-presidente nos regimes republicanos \u00e9 uma decis\u00e3o que envolve: a capacidade de atrair um perfil de eleitores complementar ao eleitor tradicional do presidente; a caracter\u00edstica da coaliza\u00e7\u00e3o partid\u00e1ria, que a chapa presidencial est\u00e1 inserida; o potencial de sucess\u00e3o presidencial. A primeira vari\u00e1vel que condiciona a escolha [&hellip;]<\/p>\n","protected":false},"author":1,"featured_media":14297,"comment_status":"open","ping_status":"open","sticky":false,"template":"","format":"standard","meta":{"_uag_custom_page_level_css":"","footnotes":""},"categories":[27],"tags":[19160,19161,19157,19158,7987,19159],"class_list":["post-14296","post","type-post","status-publish","format-standard","has-post-thumbnail","hentry","category-acontece","tag-biden-harris","tag-brasil-mulheres-negras-na-politica","tag-eleicoes-eua-2020","tag-kamala-harris-vice-presidente-dos-eua","tag-mulheres-negras","tag-negra-procuradora"],"blocksy_meta":[],"spectra_blocks_featured_image_url":{"thumbnail":{"url":"https:\/\/construcaocivil.siriusmarketingedesign.com.br\/wp-content\/uploads\/2020\/08\/KAMALA-150x150.jpg","width":150,"height":150},"medium":{"url":"https:\/\/construcaocivil.siriusmarketingedesign.com.br\/wp-content\/uploads\/2020\/08\/KAMALA-300x300.jpg","width":300,"height":300},"medium_large":{"url":"https:\/\/construcaocivil.siriusmarketingedesign.com.br\/wp-content\/uploads\/2020\/08\/KAMALA.jpg","width":400,"height":400},"large":{"url":"https:\/\/construcaocivil.siriusmarketingedesign.com.br\/wp-content\/uploads\/2020\/08\/KAMALA.jpg","width":400,"height":400},"full":{"url":"https:\/\/construcaocivil.siriusmarketingedesign.com.br\/wp-content\/uploads\/2020\/08\/KAMALA.jpg","width":400,"height":400}},"spectra_blocks_author_info":{"display_name":"Jornal da Constru\u00e7\u00e3o Civil","avatar_url":"https:\/\/secure.gravatar.com\/avatar\/973c9774fd44ddaceb026973c4962faa70fc512bc4c9da68e8ebb40fecee6540?s=96&d=mm&r=g","author_link":"https:\/\/construcaocivil.siriusmarketingedesign.com.br\/?author=1","description":"Desde de 2013, levando muitas informa\u00e7\u00f5es, lan\u00e7amentos e produtos de qualidade para toda cadeia produtiva da constru\u00e7\u00e3o. O Futuro da constru\u00e7\u00e3o passa por aqui,"},"uagb_featured_image_src":{"full":["https:\/\/construcaocivil.siriusmarketingedesign.com.br\/wp-content\/uploads\/2020\/08\/KAMALA.jpg",400,400,false],"thumbnail":["https:\/\/construcaocivil.siriusmarketingedesign.com.br\/wp-content\/uploads\/2020\/08\/KAMALA-150x150.jpg",150,150,true],"medium":["https:\/\/construcaocivil.siriusmarketingedesign.com.br\/wp-content\/uploads\/2020\/08\/KAMALA-300x300.jpg",300,300,true],"medium_large":["https:\/\/construcaocivil.siriusmarketingedesign.com.br\/wp-content\/uploads\/2020\/08\/KAMALA.jpg",400,400,false],"large":["https:\/\/construcaocivil.siriusmarketingedesign.com.br\/wp-content\/uploads\/2020\/08\/KAMALA.jpg",400,400,false],"1536x1536":["https:\/\/construcaocivil.siriusmarketingedesign.com.br\/wp-content\/uploads\/2020\/08\/KAMALA.jpg",400,400,false],"2048x2048":["https:\/\/construcaocivil.siriusmarketingedesign.com.br\/wp-content\/uploads\/2020\/08\/KAMALA.jpg",400,400,false]},"uagb_author_info":{"display_name":"Jornal da Constru\u00e7\u00e3o Civil","author_link":"https:\/\/construcaocivil.siriusmarketingedesign.com.br\/?author=1"},"uagb_comment_info":0,"uagb_excerpt":"Por\u00a0 Andr\u00e9 Frota\u00a0 Agosto, 2020 &#8211; A escolha do vice-presidente nos regimes republicanos \u00e9 uma decis\u00e3o que envolve: a capacidade de atrair um perfil de eleitores complementar ao eleitor tradicional do presidente; a caracter\u00edstica da coaliza\u00e7\u00e3o partid\u00e1ria, que a chapa presidencial est\u00e1 inserida; o potencial de sucess\u00e3o presidencial. A primeira vari\u00e1vel que condiciona a escolha&hellip;","_links":{"self":[{"href":"https:\/\/construcaocivil.siriusmarketingedesign.com.br\/index.php?rest_route=\/wp\/v2\/posts\/14296","targetHints":{"allow":["GET"]}}],"collection":[{"href":"https:\/\/construcaocivil.siriusmarketingedesign.com.br\/index.php?rest_route=\/wp\/v2\/posts"}],"about":[{"href":"https:\/\/construcaocivil.siriusmarketingedesign.com.br\/index.php?rest_route=\/wp\/v2\/types\/post"}],"author":[{"embeddable":true,"href":"https:\/\/construcaocivil.siriusmarketingedesign.com.br\/index.php?rest_route=\/wp\/v2\/users\/1"}],"replies":[{"embeddable":true,"href":"https:\/\/construcaocivil.siriusmarketingedesign.com.br\/index.php?rest_route=%2Fwp%2Fv2%2Fcomments&post=14296"}],"version-history":[{"count":0,"href":"https:\/\/construcaocivil.siriusmarketingedesign.com.br\/index.php?rest_route=\/wp\/v2\/posts\/14296\/revisions"}],"wp:featuredmedia":[{"embeddable":true,"href":"https:\/\/construcaocivil.siriusmarketingedesign.com.br\/index.php?rest_route=\/wp\/v2\/media\/14297"}],"wp:attachment":[{"href":"https:\/\/construcaocivil.siriusmarketingedesign.com.br\/index.php?rest_route=%2Fwp%2Fv2%2Fmedia&parent=14296"}],"wp:term":[{"taxonomy":"category","embeddable":true,"href":"https:\/\/construcaocivil.siriusmarketingedesign.com.br\/index.php?rest_route=%2Fwp%2Fv2%2Fcategories&post=14296"},{"taxonomy":"post_tag","embeddable":true,"href":"https:\/\/construcaocivil.siriusmarketingedesign.com.br\/index.php?rest_route=%2Fwp%2Fv2%2Ftags&post=14296"}],"curies":[{"name":"wp","href":"https:\/\/api.w.org\/{rel}","templated":true}]}}